{"id":1100,"date":"2019-07-30T17:38:09","date_gmt":"2019-07-30T17:38:09","guid":{"rendered":"http:\/\/tna.dz\/fr\/?p=1100"},"modified":"2020-01-16T17:46:50","modified_gmt":"2020-01-16T17:46:50","slug":"dem-el-ahrar","status":"publish","type":"post","link":"https:\/\/tna.dz\/fr\/dem-el-ahrar\/","title":{"rendered":"Dem el Ahrar"},"content":{"rendered":"<p>(<strong><em>Le sang des libres<\/em><\/strong>)<\/p>\n<p><strong>\u00a0<\/strong><strong>Production du th\u00e9\u00e2tre nationale alg\u00e9rien 1974<\/strong><\/p>\n<p><strong>\u00a0<\/strong><strong>FICHE TECHNIQUE<\/strong><strong>\u00a0<\/strong><\/p>\n<ul>\n<li><strong>\u0152uvre:<\/strong> Dem El-Ahrar<\/li>\n<li><strong>Auteur\u00a0et metteur en sc\u00e8ne\u00a0: <\/strong><\/li>\n<li><strong>D\u00e9cor Sc\u00e9nographie\u00a0: <\/strong>Abdelhalim Ra\u00efs<\/li>\n<li><strong>Distribution\u00a0:<\/strong> Larbi Zekkal, M\u2019hamed Benguetta, Hadj Ch\u00e9rif, Marouf Amar, Fatouma, Ziadi Ammar, Lachaa Rabah, Benini Boualem, Slimani La\u00efb, Chakrouni Driss, El-Wahdi Sa\u00efd, Kassi Kassentini, Tour\u00e8che Mohamed, Ra\u00efs Achour, Debbah Mohamed, Tajjer Mohamed, Tajjer Abdelkader, Aouaadi Mohamed, Dalila Helilou, Chahrazed, Douja, Madjoubi Amina, Mimouni Fatima Zohra.<\/li>\n<\/ul>\n<p><strong>R\u00e9sum\u00e9\u00a0:<\/strong><\/p>\n<p><strong><em>Dem el Ahrar<\/em><\/strong>\u00a0(<strong><em>Le sang des libres<\/em><\/strong>), \u00e9crite et mise en sc\u00e8ne par Abdelhalim Rais, est une histoire sur la guerre de lib\u00e9ration nationale dont la mission principale est de mettre en valeur les actes r\u00e9volutionnaires du premier novembre 54 en les\u00a0 pr\u00e9sentant au public le plus large\u00a0 possible.<\/p>\n<p>L\u2019histoire se pr\u00e9sente ainsi\u00a0:\u00a0 un groupe de membres de l&rsquo;Arm\u00e9e de Lib\u00e9ration en mission sp\u00e9ciale, se trouve assi\u00e9g\u00e9 par les forces ennemies, et pendant l&rsquo;intensification de la bataille, un Moudjahid bless\u00e9 est transf\u00e9r\u00e9 \u00e0 la maison d\u2019un Fran\u00e7ais accompagn\u00e9 de l&rsquo;infirmi\u00e8re Miriam.\u00a0 Par co\u00efncidence, le fran\u00e7ais choisit cette maison comme le quartier g\u00e9n\u00e9ral de ses forces et \u00e0 sa surprise, ce dernier d\u00e9couvre que la maison est pi\u00e9g\u00e9e et que\u00a0 toutes les personnes ne sont que des membres de l&rsquo;Arm\u00e9e de Lib\u00e9ration (A.L.N)<\/p>\n<p>&nbsp;<\/p>\n<div id='gallery-1' class='gallery galleryid-1100 gallery-columns-2 gallery-size-medium'><figure class='gallery-item'>\n\t\t\t<div class='gallery-icon landscape'>\n\t\t\t\t<a href='https:\/\/tna.dz\/fr\/wp-content\/uploads\/2019\/07\/Dem-el-Ahrar-1974-02.jpg'><img width=\"300\" height=\"196\" src=\"https:\/\/tna.dz\/fr\/wp-content\/uploads\/2019\/07\/Dem-el-Ahrar-1974-02-300x196.jpg\" class=\"attachment-medium size-medium\" alt=\"\" decoding=\"async\" loading=\"lazy\" srcset=\"https:\/\/tna.dz\/fr\/wp-content\/uploads\/2019\/07\/Dem-el-Ahrar-1974-02-300x196.jpg 300w, https:\/\/tna.dz\/fr\/wp-content\/uploads\/2019\/07\/Dem-el-Ahrar-1974-02-768x502.jpg 768w, https:\/\/tna.dz\/fr\/wp-content\/uploads\/2019\/07\/Dem-el-Ahrar-1974-02.jpg 800w\" sizes=\"(max-width: 300px) 100vw, 300px\" \/><\/a>\n\t\t\t<\/div><\/figure><figure class='gallery-item'>\n\t\t\t<div class='gallery-icon landscape'>\n\t\t\t\t<a href='https:\/\/tna.dz\/fr\/wp-content\/uploads\/2019\/07\/Dem-el-Ahrar-1974-01.jpg'><img width=\"300\" height=\"196\" src=\"https:\/\/tna.dz\/fr\/wp-content\/uploads\/2019\/07\/Dem-el-Ahrar-1974-01-300x196.jpg\" class=\"attachment-medium size-medium\" alt=\"\" decoding=\"async\" loading=\"lazy\" srcset=\"https:\/\/tna.dz\/fr\/wp-content\/uploads\/2019\/07\/Dem-el-Ahrar-1974-01-300x196.jpg 300w, https:\/\/tna.dz\/fr\/wp-content\/uploads\/2019\/07\/Dem-el-Ahrar-1974-01-768x502.jpg 768w, https:\/\/tna.dz\/fr\/wp-content\/uploads\/2019\/07\/Dem-el-Ahrar-1974-01.jpg 800w\" sizes=\"(max-width: 300px) 100vw, 300px\" \/><\/a>\n\t\t\t<\/div><\/figure>\n\t\t<\/div>\n\n","protected":false},"excerpt":{"rendered":"<p>(Le sang des libres) \u00a0Production du th\u00e9\u00e2tre nationale alg\u00e9rien 1974 \u00a0FICHE TECHNIQUE\u00a0 \u0152uvre: Dem El-Ahrar Auteur\u00a0et metteur en sc\u00e8ne\u00a0: D\u00e9cor Sc\u00e9nographie\u00a0: Abdelhalim Ra\u00efs Distribution\u00a0: Larbi Zekkal, M\u2019hamed Benguetta, Hadj Ch\u00e9rif, Marouf Amar, Fatouma, Ziadi Ammar, Lachaa Rabah, Benini Boualem, Slimani La\u00efb, Chakrouni Driss, El-Wahdi Sa\u00efd, Kassi Kassentini, Tour\u00e8che Mohamed, Ra\u00efs Achour, Debbah Mohamed, Tajjer Mohamed, &hellip;<\/p>\n","protected":false},"author":1,"featured_media":0,"comment_status":"closed","ping_status":"closed","sticky":false,"template":"","format":"standard","meta":{"footnotes":""},"categories":[57,42],"tags":[],"yoast_head":"<!-- This site is optimized with the Yoast SEO plugin v21.2 - https:\/\/yoast.com\/wordpress\/plugins\/seo\/ -->\n<title>Dem el Ahrar - Th\u00e9\u00e2tre national alg\u00e9rien<\/title>\n<meta name=\"description\" content=\"(Le sang des libres) \u00a0Production du th\u00e9\u00e2tre nationale alg\u00e9rien 1974 \u00a0FICHE TECHNIQUE\u00a0 \u0152uvre: Dem El-Ahrar Auteur\u00a0et metteur en sc\u00e8ne\u00a0: D\u00e9cor\" \/>\n<meta name=\"robots\" content=\"index, follow, max-snippet:-1, max-image-preview:large, max-video-preview:-1\" \/>\n<link rel=\"canonical\" href=\"https:\/\/tna.dz\/fr\/dem-el-ahrar\/\" \/>\n<meta property=\"og:locale\" content=\"fr_FR\" \/>\n<meta property=\"og:type\" content=\"article\" \/>\n<meta property=\"og:title\" content=\"Dem el Ahrar - Th\u00e9\u00e2tre national alg\u00e9rien\" \/>\n<meta property=\"og:description\" content=\"(Le sang des libres) \u00a0Production du th\u00e9\u00e2tre nationale alg\u00e9rien 1974 \u00a0FICHE TECHNIQUE\u00a0 \u0152uvre: Dem El-Ahrar Auteur\u00a0et metteur en sc\u00e8ne\u00a0: D\u00e9cor\" \/>\n<meta property=\"og:url\" content=\"https:\/\/tna.dz\/fr\/dem-el-ahrar\/\" \/>\n<meta property=\"og:site_name\" content=\"Th\u00e9\u00e2tre national alg\u00e9rien\" \/>\n<meta property=\"article:published_time\" content=\"2019-07-30T17:38:09+00:00\" \/>\n<meta property=\"article:modified_time\" content=\"2020-01-16T17:46:50+00:00\" \/>\n<meta property=\"og:image\" content=\"https:\/\/tna.dz\/fr\/wp-content\/uploads\/2019\/07\/Dem-el-Ahrar-1974-02-300x196.jpg\" \/>\n<meta name=\"author\" content=\"omarAdmin\" \/>\n<meta name=\"twitter:card\" content=\"summary_large_image\" \/>\n<meta name=\"twitter:label1\" content=\"\u00c9crit par\" \/>\n\t<meta name=\"twitter:data1\" content=\"omarAdmin\" \/>\n\t<meta name=\"twitter:label2\" content=\"Dur\u00e9e de lecture estim\u00e9e\" \/>\n\t<meta name=\"twitter:data2\" content=\"1 minute\" \/>\n<script type=\"application\/ld+json\" class=\"yoast-schema-graph\">{\"@context\":\"https:\/\/schema.org\",\"@graph\":[{\"@type\":\"Article\",\"@id\":\"https:\/\/tna.dz\/fr\/dem-el-ahrar\/#article\",\"isPartOf\":{\"@id\":\"https:\/\/tna.dz\/fr\/dem-el-ahrar\/\"},\"author\":{\"name\":\"omarAdmin\",\"@id\":\"https:\/\/tna.dz\/fr\/#\/schema\/person\/101481cc92bfc5def5711088d2a24632\"},\"headline\":\"Dem el Ahrar\",\"datePublished\":\"2019-07-30T17:38:09+00:00\",\"dateModified\":\"2020-01-16T17:46:50+00:00\",\"mainEntityOfPage\":{\"@id\":\"https:\/\/tna.dz\/fr\/dem-el-ahrar\/\"},\"wordCount\":251,\"publisher\":{\"@id\":\"https:\/\/tna.dz\/fr\/#organization\"},\"articleSection\":[\"ann\u00e9e 1974\",\"Pi\u00e8ces de th\u00e9\u00e2tre en 1970- 1979\"],\"inLanguage\":\"fr-FR\"},{\"@type\":\"WebPage\",\"@id\":\"https:\/\/tna.dz\/fr\/dem-el-ahrar\/\",\"url\":\"https:\/\/tna.dz\/fr\/dem-el-ahrar\/\",\"name\":\"Dem el Ahrar - Th\u00e9\u00e2tre national alg\u00e9rien\",\"isPartOf\":{\"@id\":\"https:\/\/tna.dz\/fr\/#website\"},\"datePublished\":\"2019-07-30T17:38:09+00:00\",\"dateModified\":\"2020-01-16T17:46:50+00:00\",\"description\":\"(Le sang des libres) \u00a0Production du th\u00e9\u00e2tre nationale alg\u00e9rien 1974 \u00a0FICHE TECHNIQUE\u00a0 \u0152uvre: Dem El-Ahrar Auteur\u00a0et metteur en sc\u00e8ne\u00a0: D\u00e9cor\",\"breadcrumb\":{\"@id\":\"https:\/\/tna.dz\/fr\/dem-el-ahrar\/#breadcrumb\"},\"inLanguage\":\"fr-FR\",\"potentialAction\":[{\"@type\":\"ReadAction\",\"target\":[\"https:\/\/tna.dz\/fr\/dem-el-ahrar\/\"]}]},{\"@type\":\"BreadcrumbList\",\"@id\":\"https:\/\/tna.dz\/fr\/dem-el-ahrar\/#breadcrumb\",\"itemListElement\":[{\"@type\":\"ListItem\",\"position\":1,\"name\":\"Accueil\",\"item\":\"https:\/\/tna.dz\/fr\/\"},{\"@type\":\"ListItem\",\"position\":2,\"name\":\"Dem el Ahrar\"}]},{\"@type\":\"WebSite\",\"@id\":\"https:\/\/tna.dz\/fr\/#website\",\"url\":\"https:\/\/tna.dz\/fr\/\",\"name\":\"Th\u00e9\u00e2tre national alg\u00e9rien\",\"description\":\"Th\u00e9\u00e2tre national alg\u00e9rien Mahieddine Bachtarzi\",\"publisher\":{\"@id\":\"https:\/\/tna.dz\/fr\/#organization\"},\"potentialAction\":[{\"@type\":\"SearchAction\",\"target\":{\"@type\":\"EntryPoint\",\"urlTemplate\":\"https:\/\/tna.dz\/fr\/?s={search_term_string}\"},\"query-input\":\"required name=search_term_string\"}],\"inLanguage\":\"fr-FR\"},{\"@type\":\"Organization\",\"@id\":\"https:\/\/tna.dz\/fr\/#organization\",\"name\":\"Le Th\u00e9\u00e2tre national alg\u00e9rien\",\"url\":\"https:\/\/tna.dz\/fr\/\",\"logo\":{\"@type\":\"ImageObject\",\"inLanguage\":\"fr-FR\",\"@id\":\"https:\/\/tna.dz\/fr\/#\/schema\/logo\/image\/\",\"url\":\"https:\/\/www.tna.dz\/fr\/wp-content\/uploads\/2019\/11\/repertoire-tna-2018-2-1.png\",\"contentUrl\":\"https:\/\/www.tna.dz\/fr\/wp-content\/uploads\/2019\/11\/repertoire-tna-2018-2-1.png\",\"width\":200,\"height\":84,\"caption\":\"Le Th\u00e9\u00e2tre national alg\u00e9rien\"},\"image\":{\"@id\":\"https:\/\/tna.dz\/fr\/#\/schema\/logo\/image\/\"}},{\"@type\":\"Person\",\"@id\":\"https:\/\/tna.dz\/fr\/#\/schema\/person\/101481cc92bfc5def5711088d2a24632\",\"name\":\"omarAdmin\",\"image\":{\"@type\":\"ImageObject\",\"inLanguage\":\"fr-FR\",\"@id\":\"https:\/\/tna.dz\/fr\/#\/schema\/person\/image\/\",\"url\":\"https:\/\/secure.gravatar.com\/avatar\/2018ebac09ef03c2c32dd119d4429714?s=96&d=mm&r=g\",\"contentUrl\":\"https:\/\/secure.gravatar.com\/avatar\/2018ebac09ef03c2c32dd119d4429714?s=96&d=mm&r=g\",\"caption\":\"omarAdmin\"},\"url\":\"https:\/\/tna.dz\/fr\/author\/omaradmin\/\"}]}<\/script>\n<!-- \/ Yoast SEO plugin. -->","yoast_head_json":{"title":"Dem el Ahrar - Th\u00e9\u00e2tre national alg\u00e9rien","description":"(Le sang des libres) \u00a0Production du th\u00e9\u00e2tre nationale alg\u00e9rien 1974 \u00a0FICHE TECHNIQUE\u00a0 \u0152uvre: Dem El-Ahrar Auteur\u00a0et metteur en sc\u00e8ne\u00a0: D\u00e9cor","robots":{"index":"index","follow":"follow","max-snippet":"max-snippet:-1","max-image-preview":"max-image-preview:large","max-video-preview":"max-video-preview:-1"},"canonical":"https:\/\/tna.dz\/fr\/dem-el-ahrar\/","og_locale":"fr_FR","og_type":"article","og_title":"Dem el Ahrar - Th\u00e9\u00e2tre national alg\u00e9rien","og_description":"(Le sang des libres) \u00a0Production du th\u00e9\u00e2tre nationale alg\u00e9rien 1974 \u00a0FICHE TECHNIQUE\u00a0 \u0152uvre: Dem El-Ahrar Auteur\u00a0et metteur en sc\u00e8ne\u00a0: D\u00e9cor","og_url":"https:\/\/tna.dz\/fr\/dem-el-ahrar\/","og_site_name":"Th\u00e9\u00e2tre national alg\u00e9rien","article_published_time":"2019-07-30T17:38:09+00:00","article_modified_time":"2020-01-16T17:46:50+00:00","og_image":[{"url":"https:\/\/tna.dz\/fr\/wp-content\/uploads\/2019\/07\/Dem-el-Ahrar-1974-02-300x196.jpg"}],"author":"omarAdmin","twitter_card":"summary_large_image","twitter_misc":{"\u00c9crit par":"omarAdmin","Dur\u00e9e de lecture estim\u00e9e":"1 minute"},"schema":{"@context":"https:\/\/schema.org","@graph":[{"@type":"Article","@id":"https:\/\/tna.dz\/fr\/dem-el-ahrar\/#article","isPartOf":{"@id":"https:\/\/tna.dz\/fr\/dem-el-ahrar\/"},"author":{"name":"omarAdmin","@id":"https:\/\/tna.dz\/fr\/#\/schema\/person\/101481cc92bfc5def5711088d2a24632"},"headline":"Dem el Ahrar","datePublished":"2019-07-30T17:38:09+00:00","dateModified":"2020-01-16T17:46:50+00:00","mainEntityOfPage":{"@id":"https:\/\/tna.dz\/fr\/dem-el-ahrar\/"},"wordCount":251,"publisher":{"@id":"https:\/\/tna.dz\/fr\/#organization"},"articleSection":["ann\u00e9e 1974","Pi\u00e8ces de th\u00e9\u00e2tre en 1970- 1979"],"inLanguage":"fr-FR"},{"@type":"WebPage","@id":"https:\/\/tna.dz\/fr\/dem-el-ahrar\/","url":"https:\/\/tna.dz\/fr\/dem-el-ahrar\/","name":"Dem el Ahrar - Th\u00e9\u00e2tre national alg\u00e9rien","isPartOf":{"@id":"https:\/\/tna.dz\/fr\/#website"},"datePublished":"2019-07-30T17:38:09+00:00","dateModified":"2020-01-16T17:46:50+00:00","description":"(Le sang des libres) \u00a0Production du th\u00e9\u00e2tre nationale alg\u00e9rien 1974 \u00a0FICHE TECHNIQUE\u00a0 \u0152uvre: Dem El-Ahrar Auteur\u00a0et metteur en sc\u00e8ne\u00a0: D\u00e9cor","breadcrumb":{"@id":"https:\/\/tna.dz\/fr\/dem-el-ahrar\/#breadcrumb"},"inLanguage":"fr-FR","potentialAction":[{"@type":"ReadAction","target":["https:\/\/tna.dz\/fr\/dem-el-ahrar\/"]}]},{"@type":"BreadcrumbList","@id":"https:\/\/tna.dz\/fr\/dem-el-ahrar\/#breadcrumb","itemListElement":[{"@type":"ListItem","position":1,"name":"Accueil","item":"https:\/\/tna.dz\/fr\/"},{"@type":"ListItem","position":2,"name":"Dem el Ahrar"}]},{"@type":"WebSite","@id":"https:\/\/tna.dz\/fr\/#website","url":"https:\/\/tna.dz\/fr\/","name":"Th\u00e9\u00e2tre national alg\u00e9rien","description":"Th\u00e9\u00e2tre national alg\u00e9rien Mahieddine Bachtarzi","publisher":{"@id":"https:\/\/tna.dz\/fr\/#organization"},"potentialAction":[{"@type":"SearchAction","target":{"@type":"EntryPoint","urlTemplate":"https:\/\/tna.dz\/fr\/?s={search_term_string}"},"query-input":"required name=search_term_string"}],"inLanguage":"fr-FR"},{"@type":"Organization","@id":"https:\/\/tna.dz\/fr\/#organization","name":"Le Th\u00e9\u00e2tre national alg\u00e9rien","url":"https:\/\/tna.dz\/fr\/","logo":{"@type":"ImageObject","inLanguage":"fr-FR","@id":"https:\/\/tna.dz\/fr\/#\/schema\/logo\/image\/","url":"https:\/\/www.tna.dz\/fr\/wp-content\/uploads\/2019\/11\/repertoire-tna-2018-2-1.png","contentUrl":"https:\/\/www.tna.dz\/fr\/wp-content\/uploads\/2019\/11\/repertoire-tna-2018-2-1.png","width":200,"height":84,"caption":"Le Th\u00e9\u00e2tre national alg\u00e9rien"},"image":{"@id":"https:\/\/tna.dz\/fr\/#\/schema\/logo\/image\/"}},{"@type":"Person","@id":"https:\/\/tna.dz\/fr\/#\/schema\/person\/101481cc92bfc5def5711088d2a24632","name":"omarAdmin","image":{"@type":"ImageObject","inLanguage":"fr-FR","@id":"https:\/\/tna.dz\/fr\/#\/schema\/person\/image\/","url":"https:\/\/secure.gravatar.com\/avatar\/2018ebac09ef03c2c32dd119d4429714?s=96&d=mm&r=g","contentUrl":"https:\/\/secure.gravatar.com\/avatar\/2018ebac09ef03c2c32dd119d4429714?s=96&d=mm&r=g","caption":"omarAdmin"},"url":"https:\/\/tna.dz\/fr\/author\/omaradmin\/"}]}},"_links":{"self":[{"href":"https:\/\/tna.dz\/fr\/wp-json\/wp\/v2\/posts\/1100"}],"collection":[{"href":"https:\/\/tna.dz\/fr\/wp-json\/wp\/v2\/posts"}],"about":[{"href":"https:\/\/tna.dz\/fr\/wp-json\/wp\/v2\/types\/post"}],"author":[{"embeddable":true,"href":"https:\/\/tna.dz\/fr\/wp-json\/wp\/v2\/users\/1"}],"replies":[{"embeddable":true,"href":"https:\/\/tna.dz\/fr\/wp-json\/wp\/v2\/comments?post=1100"}],"version-history":[{"count":0,"href":"https:\/\/tna.dz\/fr\/wp-json\/wp\/v2\/posts\/1100\/revisions"}],"wp:attachment":[{"href":"https:\/\/tna.dz\/fr\/wp-json\/wp\/v2\/media?parent=1100"}],"wp:term":[{"taxonomy":"category","embeddable":true,"href":"https:\/\/tna.dz\/fr\/wp-json\/wp\/v2\/categories?post=1100"},{"taxonomy":"post_tag","embeddable":true,"href":"https:\/\/tna.dz\/fr\/wp-json\/wp\/v2\/tags?post=1100"}],"curies":[{"name":"wp","href":"https:\/\/api.w.org\/{rel}","templated":true}]}}