{"id":1110,"date":"2019-07-30T17:41:43","date_gmt":"2019-07-30T17:41:43","guid":{"rendered":"http:\/\/tna.dz\/fr\/?p=1110"},"modified":"2020-01-16T21:45:55","modified_gmt":"2020-01-16T21:45:55","slug":"montage-poetique-la-palestine","status":"publish","type":"post","link":"https:\/\/tna.dz\/fr\/montage-poetique-la-palestine\/","title":{"rendered":"Montage po\u00e9tique : La Palestine"},"content":{"rendered":"<p><strong>Production du th\u00e9\u00e2tre nationale alg\u00e9rien 1975<\/strong><\/p>\n<p><strong>\u00a0<\/strong><strong>FICHE TECHNIQUE\u00a0:<\/strong><strong>\u00a0<\/strong><\/p>\n<ul>\n<li><strong>\u0152uvre:<\/strong> Montage po\u00e9tique\u00a0: La Palestine<\/li>\n<li><strong>Cr\u00e9ation collective et distribution\u00a0: <\/strong>Azzedine Medjoubi, Filali Ibrahim, Ziani Ch\u00e9rif, Ayad El-Wahdi, Sa\u00efd Abdellah Ouraichi<\/li>\n<\/ul>\n<p><strong>\u00a0<\/strong><strong>R\u00e9sum\u00e9\u00a0:<\/strong><\/p>\n<p>A l\u2019occasion de la journ\u00e9e de solidarit\u00e9 avec le peuple palestinien, les hommes du th\u00e9\u00e2tre\u00a0: Azzedine Medjoubi, Filali Ibrahim, Ziani Ch\u00e9rif, Ayad El-Wahdi, Sa\u00efd Abdellah Ouraichi ont proc\u00e9d\u00e9 au montage des po\u00e8mes qui racontent\u00a0 l\u2019histoire de la Palestine, chantent et glorifient son peuple et l\u2019ont pr\u00e9sent\u00e9 sur sc\u00e8ne sous forme d\u2019une pi\u00e8ce th\u00e9\u00e2trale intitul\u00e9e\u00a0: La Palestine.<\/p>\n","protected":false},"excerpt":{"rendered":"<p>Production du th\u00e9\u00e2tre nationale alg\u00e9rien 1975 \u00a0FICHE TECHNIQUE\u00a0:\u00a0 \u0152uvre: Montage po\u00e9tique\u00a0: La Palestine Cr\u00e9ation collective et distribution\u00a0: Azzedine Medjoubi, Filali Ibrahim, Ziani Ch\u00e9rif, Ayad El-Wahdi, Sa\u00efd Abdellah Ouraichi \u00a0R\u00e9sum\u00e9\u00a0: A l\u2019occasion de la journ\u00e9e de solidarit\u00e9 avec le peuple palestinien, les hommes du th\u00e9\u00e2tre\u00a0: Azzedine Medjoubi, Filali Ibrahim, Ziani Ch\u00e9rif, Ayad El-Wahdi, Sa\u00efd Abdellah Ouraichi &hellip;<\/p>\n","protected":false},"author":1,"featured_media":0,"comment_status":"closed","ping_status":"closed","sticky":false,"template":"","format":"standard","meta":{"footnotes":""},"categories":[59,42],"tags":[],"yoast_head":"<!-- This site is optimized with the Yoast SEO plugin v21.2 - https:\/\/yoast.com\/wordpress\/plugins\/seo\/ -->\n<title>Montage po\u00e9tique : La Palestine - Th\u00e9\u00e2tre national alg\u00e9rien<\/title>\n<meta name=\"description\" content=\"Production du th\u00e9\u00e2tre nationale alg\u00e9rien 1975 \u00a0FICHE TECHNIQUE\u00a0:\u00a0 \u0152uvre: Montage po\u00e9tique\u00a0: La Palestine Cr\u00e9ation collective et distribution\u00a0: Azzedine\" \/>\n<meta name=\"robots\" content=\"index, follow, max-snippet:-1, max-image-preview:large, max-video-preview:-1\" \/>\n<link rel=\"canonical\" href=\"https:\/\/tna.dz\/fr\/montage-poetique-la-palestine\/\" \/>\n<meta property=\"og:locale\" content=\"fr_FR\" \/>\n<meta property=\"og:type\" content=\"article\" \/>\n<meta property=\"og:title\" content=\"Montage po\u00e9tique : La Palestine - Th\u00e9\u00e2tre national alg\u00e9rien\" \/>\n<meta property=\"og:description\" content=\"Production du th\u00e9\u00e2tre nationale alg\u00e9rien 1975 \u00a0FICHE TECHNIQUE\u00a0:\u00a0 \u0152uvre: Montage po\u00e9tique\u00a0: La Palestine Cr\u00e9ation collective et distribution\u00a0: Azzedine\" \/>\n<meta property=\"og:url\" content=\"https:\/\/tna.dz\/fr\/montage-poetique-la-palestine\/\" \/>\n<meta property=\"og:site_name\" content=\"Th\u00e9\u00e2tre national alg\u00e9rien\" \/>\n<meta property=\"article:published_time\" content=\"2019-07-30T17:41:43+00:00\" \/>\n<meta property=\"article:modified_time\" content=\"2020-01-16T21:45:55+00:00\" \/>\n<meta name=\"author\" content=\"omarAdmin\" \/>\n<meta name=\"twitter:card\" content=\"summary_large_image\" \/>\n<meta name=\"twitter:label1\" content=\"\u00c9crit par\" \/>\n\t<meta name=\"twitter:data1\" content=\"omarAdmin\" \/>\n\t<meta name=\"twitter:label2\" content=\"Dur\u00e9e de lecture estim\u00e9e\" \/>\n\t<meta name=\"twitter:data2\" content=\"1 minute\" \/>\n<script type=\"application\/ld+json\" class=\"yoast-schema-graph\">{\"@context\":\"https:\/\/schema.org\",\"@graph\":[{\"@type\":\"Article\",\"@id\":\"https:\/\/tna.dz\/fr\/montage-poetique-la-palestine\/#article\",\"isPartOf\":{\"@id\":\"https:\/\/tna.dz\/fr\/montage-poetique-la-palestine\/\"},\"author\":{\"name\":\"omarAdmin\",\"@id\":\"https:\/\/tna.dz\/fr\/#\/schema\/person\/101481cc92bfc5def5711088d2a24632\"},\"headline\":\"Montage po\u00e9tique : La Palestine\",\"datePublished\":\"2019-07-30T17:41:43+00:00\",\"dateModified\":\"2020-01-16T21:45:55+00:00\",\"mainEntityOfPage\":{\"@id\":\"https:\/\/tna.dz\/fr\/montage-poetique-la-palestine\/\"},\"wordCount\":111,\"publisher\":{\"@id\":\"https:\/\/tna.dz\/fr\/#organization\"},\"articleSection\":[\"ann\u00e9e 1976\",\"Pi\u00e8ces de th\u00e9\u00e2tre en 1970- 1979\"],\"inLanguage\":\"fr-FR\"},{\"@type\":\"WebPage\",\"@id\":\"https:\/\/tna.dz\/fr\/montage-poetique-la-palestine\/\",\"url\":\"https:\/\/tna.dz\/fr\/montage-poetique-la-palestine\/\",\"name\":\"Montage po\u00e9tique : La Palestine - Th\u00e9\u00e2tre national alg\u00e9rien\",\"isPartOf\":{\"@id\":\"https:\/\/tna.dz\/fr\/#website\"},\"datePublished\":\"2019-07-30T17:41:43+00:00\",\"dateModified\":\"2020-01-16T21:45:55+00:00\",\"description\":\"Production du th\u00e9\u00e2tre nationale alg\u00e9rien 1975 \u00a0FICHE TECHNIQUE\u00a0:\u00a0 \u0152uvre: Montage po\u00e9tique\u00a0: La Palestine Cr\u00e9ation collective et distribution\u00a0: Azzedine\",\"breadcrumb\":{\"@id\":\"https:\/\/tna.dz\/fr\/montage-poetique-la-palestine\/#breadcrumb\"},\"inLanguage\":\"fr-FR\",\"potentialAction\":[{\"@type\":\"ReadAction\",\"target\":[\"https:\/\/tna.dz\/fr\/montage-poetique-la-palestine\/\"]}]},{\"@type\":\"BreadcrumbList\",\"@id\":\"https:\/\/tna.dz\/fr\/montage-poetique-la-palestine\/#breadcrumb\",\"itemListElement\":[{\"@type\":\"ListItem\",\"position\":1,\"name\":\"Accueil\",\"item\":\"https:\/\/tna.dz\/fr\/\"},{\"@type\":\"ListItem\",\"position\":2,\"name\":\"Montage po\u00e9tique : La Palestine\"}]},{\"@type\":\"WebSite\",\"@id\":\"https:\/\/tna.dz\/fr\/#website\",\"url\":\"https:\/\/tna.dz\/fr\/\",\"name\":\"Th\u00e9\u00e2tre national alg\u00e9rien\",\"description\":\"Th\u00e9\u00e2tre national alg\u00e9rien Mahieddine Bachtarzi\",\"publisher\":{\"@id\":\"https:\/\/tna.dz\/fr\/#organization\"},\"potentialAction\":[{\"@type\":\"SearchAction\",\"target\":{\"@type\":\"EntryPoint\",\"urlTemplate\":\"https:\/\/tna.dz\/fr\/?s={search_term_string}\"},\"query-input\":\"required name=search_term_string\"}],\"inLanguage\":\"fr-FR\"},{\"@type\":\"Organization\",\"@id\":\"https:\/\/tna.dz\/fr\/#organization\",\"name\":\"Le Th\u00e9\u00e2tre national alg\u00e9rien\",\"url\":\"https:\/\/tna.dz\/fr\/\",\"logo\":{\"@type\":\"ImageObject\",\"inLanguage\":\"fr-FR\",\"@id\":\"https:\/\/tna.dz\/fr\/#\/schema\/logo\/image\/\",\"url\":\"https:\/\/www.tna.dz\/fr\/wp-content\/uploads\/2019\/11\/repertoire-tna-2018-2-1.png\",\"contentUrl\":\"https:\/\/www.tna.dz\/fr\/wp-content\/uploads\/2019\/11\/repertoire-tna-2018-2-1.png\",\"width\":200,\"height\":84,\"caption\":\"Le Th\u00e9\u00e2tre national alg\u00e9rien\"},\"image\":{\"@id\":\"https:\/\/tna.dz\/fr\/#\/schema\/logo\/image\/\"}},{\"@type\":\"Person\",\"@id\":\"https:\/\/tna.dz\/fr\/#\/schema\/person\/101481cc92bfc5def5711088d2a24632\",\"name\":\"omarAdmin\",\"image\":{\"@type\":\"ImageObject\",\"inLanguage\":\"fr-FR\",\"@id\":\"https:\/\/tna.dz\/fr\/#\/schema\/person\/image\/\",\"url\":\"https:\/\/secure.gravatar.com\/avatar\/2018ebac09ef03c2c32dd119d4429714?s=96&d=mm&r=g\",\"contentUrl\":\"https:\/\/secure.gravatar.com\/avatar\/2018ebac09ef03c2c32dd119d4429714?s=96&d=mm&r=g\",\"caption\":\"omarAdmin\"},\"url\":\"https:\/\/tna.dz\/fr\/author\/omaradmin\/\"}]}<\/script>\n<!-- \/ Yoast SEO plugin. -->","yoast_head_json":{"title":"Montage po\u00e9tique : La Palestine - Th\u00e9\u00e2tre national alg\u00e9rien","description":"Production du th\u00e9\u00e2tre nationale alg\u00e9rien 1975 \u00a0FICHE TECHNIQUE\u00a0:\u00a0 \u0152uvre: Montage po\u00e9tique\u00a0: La Palestine Cr\u00e9ation collective et distribution\u00a0: Azzedine","robots":{"index":"index","follow":"follow","max-snippet":"max-snippet:-1","max-image-preview":"max-image-preview:large","max-video-preview":"max-video-preview:-1"},"canonical":"https:\/\/tna.dz\/fr\/montage-poetique-la-palestine\/","og_locale":"fr_FR","og_type":"article","og_title":"Montage po\u00e9tique : La Palestine - Th\u00e9\u00e2tre national alg\u00e9rien","og_description":"Production du th\u00e9\u00e2tre nationale alg\u00e9rien 1975 \u00a0FICHE TECHNIQUE\u00a0:\u00a0 \u0152uvre: Montage po\u00e9tique\u00a0: La Palestine Cr\u00e9ation collective et distribution\u00a0: Azzedine","og_url":"https:\/\/tna.dz\/fr\/montage-poetique-la-palestine\/","og_site_name":"Th\u00e9\u00e2tre national alg\u00e9rien","article_published_time":"2019-07-30T17:41:43+00:00","article_modified_time":"2020-01-16T21:45:55+00:00","author":"omarAdmin","twitter_card":"summary_large_image","twitter_misc":{"\u00c9crit par":"omarAdmin","Dur\u00e9e de lecture estim\u00e9e":"1 minute"},"schema":{"@context":"https:\/\/schema.org","@graph":[{"@type":"Article","@id":"https:\/\/tna.dz\/fr\/montage-poetique-la-palestine\/#article","isPartOf":{"@id":"https:\/\/tna.dz\/fr\/montage-poetique-la-palestine\/"},"author":{"name":"omarAdmin","@id":"https:\/\/tna.dz\/fr\/#\/schema\/person\/101481cc92bfc5def5711088d2a24632"},"headline":"Montage po\u00e9tique : La Palestine","datePublished":"2019-07-30T17:41:43+00:00","dateModified":"2020-01-16T21:45:55+00:00","mainEntityOfPage":{"@id":"https:\/\/tna.dz\/fr\/montage-poetique-la-palestine\/"},"wordCount":111,"publisher":{"@id":"https:\/\/tna.dz\/fr\/#organization"},"articleSection":["ann\u00e9e 1976","Pi\u00e8ces de th\u00e9\u00e2tre en 1970- 1979"],"inLanguage":"fr-FR"},{"@type":"WebPage","@id":"https:\/\/tna.dz\/fr\/montage-poetique-la-palestine\/","url":"https:\/\/tna.dz\/fr\/montage-poetique-la-palestine\/","name":"Montage po\u00e9tique : La Palestine - Th\u00e9\u00e2tre national alg\u00e9rien","isPartOf":{"@id":"https:\/\/tna.dz\/fr\/#website"},"datePublished":"2019-07-30T17:41:43+00:00","dateModified":"2020-01-16T21:45:55+00:00","description":"Production du th\u00e9\u00e2tre nationale alg\u00e9rien 1975 \u00a0FICHE TECHNIQUE\u00a0:\u00a0 \u0152uvre: Montage po\u00e9tique\u00a0: La Palestine Cr\u00e9ation collective et distribution\u00a0: Azzedine","breadcrumb":{"@id":"https:\/\/tna.dz\/fr\/montage-poetique-la-palestine\/#breadcrumb"},"inLanguage":"fr-FR","potentialAction":[{"@type":"ReadAction","target":["https:\/\/tna.dz\/fr\/montage-poetique-la-palestine\/"]}]},{"@type":"BreadcrumbList","@id":"https:\/\/tna.dz\/fr\/montage-poetique-la-palestine\/#breadcrumb","itemListElement":[{"@type":"ListItem","position":1,"name":"Accueil","item":"https:\/\/tna.dz\/fr\/"},{"@type":"ListItem","position":2,"name":"Montage po\u00e9tique : La Palestine"}]},{"@type":"WebSite","@id":"https:\/\/tna.dz\/fr\/#website","url":"https:\/\/tna.dz\/fr\/","name":"Th\u00e9\u00e2tre national alg\u00e9rien","description":"Th\u00e9\u00e2tre national alg\u00e9rien Mahieddine Bachtarzi","publisher":{"@id":"https:\/\/tna.dz\/fr\/#organization"},"potentialAction":[{"@type":"SearchAction","target":{"@type":"EntryPoint","urlTemplate":"https:\/\/tna.dz\/fr\/?s={search_term_string}"},"query-input":"required name=search_term_string"}],"inLanguage":"fr-FR"},{"@type":"Organization","@id":"https:\/\/tna.dz\/fr\/#organization","name":"Le Th\u00e9\u00e2tre national alg\u00e9rien","url":"https:\/\/tna.dz\/fr\/","logo":{"@type":"ImageObject","inLanguage":"fr-FR","@id":"https:\/\/tna.dz\/fr\/#\/schema\/logo\/image\/","url":"https:\/\/www.tna.dz\/fr\/wp-content\/uploads\/2019\/11\/repertoire-tna-2018-2-1.png","contentUrl":"https:\/\/www.tna.dz\/fr\/wp-content\/uploads\/2019\/11\/repertoire-tna-2018-2-1.png","width":200,"height":84,"caption":"Le Th\u00e9\u00e2tre national alg\u00e9rien"},"image":{"@id":"https:\/\/tna.dz\/fr\/#\/schema\/logo\/image\/"}},{"@type":"Person","@id":"https:\/\/tna.dz\/fr\/#\/schema\/person\/101481cc92bfc5def5711088d2a24632","name":"omarAdmin","image":{"@type":"ImageObject","inLanguage":"fr-FR","@id":"https:\/\/tna.dz\/fr\/#\/schema\/person\/image\/","url":"https:\/\/secure.gravatar.com\/avatar\/2018ebac09ef03c2c32dd119d4429714?s=96&d=mm&r=g","contentUrl":"https:\/\/secure.gravatar.com\/avatar\/2018ebac09ef03c2c32dd119d4429714?s=96&d=mm&r=g","caption":"omarAdmin"},"url":"https:\/\/tna.dz\/fr\/author\/omaradmin\/"}]}},"_links":{"self":[{"href":"https:\/\/tna.dz\/fr\/wp-json\/wp\/v2\/posts\/1110"}],"collection":[{"href":"https:\/\/tna.dz\/fr\/wp-json\/wp\/v2\/posts"}],"about":[{"href":"https:\/\/tna.dz\/fr\/wp-json\/wp\/v2\/types\/post"}],"author":[{"embeddable":true,"href":"https:\/\/tna.dz\/fr\/wp-json\/wp\/v2\/users\/1"}],"replies":[{"embeddable":true,"href":"https:\/\/tna.dz\/fr\/wp-json\/wp\/v2\/comments?post=1110"}],"version-history":[{"count":0,"href":"https:\/\/tna.dz\/fr\/wp-json\/wp\/v2\/posts\/1110\/revisions"}],"wp:attachment":[{"href":"https:\/\/tna.dz\/fr\/wp-json\/wp\/v2\/media?parent=1110"}],"wp:term":[{"taxonomy":"category","embeddable":true,"href":"https:\/\/tna.dz\/fr\/wp-json\/wp\/v2\/categories?post=1110"},{"taxonomy":"post_tag","embeddable":true,"href":"https:\/\/tna.dz\/fr\/wp-json\/wp\/v2\/tags?post=1110"}],"curies":[{"name":"wp","href":"https:\/\/api.w.org\/{rel}","templated":true}]}}