{"id":1121,"date":"2019-07-30T17:49:06","date_gmt":"2019-07-30T17:49:06","guid":{"rendered":"http:\/\/tna.dz\/fr\/?p=1121"},"modified":"2020-01-17T10:02:09","modified_gmt":"2020-01-17T10:02:09","slug":"fersousa-wal-malik","status":"publish","type":"post","link":"https:\/\/tna.dz\/fr\/fersousa-wal-malik\/","title":{"rendered":"Fersousa Wal Malik"},"content":{"rendered":"<p><strong>Production du th\u00e9\u00e2tre nationale alg\u00e9rien 1978<\/strong><strong>\u00a0<\/strong><\/p>\n<p><strong>FICHE TECHNIQUE<\/strong><strong>\u00a0<\/strong><\/p>\n<ul>\n<li><strong>\u0152uvre:<\/strong> <strong><em>Fersousa Wal Malik<\/em><\/strong><\/li>\n<li><strong>Auteur Dramaturge\u00a0: <\/strong>Karaouzene et Fasla<\/li>\n<li><strong>Metteur en sc\u00e8ne\u00a0: <\/strong>Kasdarli<\/li>\n<li><strong>D\u00e9cor Sc\u00e9nographie<\/strong><\/li>\n<li><strong>Distribution\u00a0:<\/strong><\/li>\n<\/ul>\n<p><strong>R\u00e9sum\u00e9\u00a0:<\/strong><\/p>\n<p>48-\u00a0<strong><em>Fersousa Wal Malik<\/em><\/strong>\u00a0de M.Karaouzene et Fasla, mise en sc\u00e8ne de M.Kasdarli, est l\u2019histoire d\u2019un roi qui opprime son peuple. C\u2019est une pi\u00e8ce conjoncturelle qui fonctionne par allusions au roi Hassan II du Maroc.<\/p>\n<p>&nbsp;<\/p>\n<p><a href=\"http:\/\/tna.dz\/fr\/wp-content\/uploads\/2019\/07\/Fersoussa-Wel-Malik-78-1.jpg\"><img decoding=\"async\" loading=\"lazy\" class=\"aligncenter wp-image-1870 size-full\" src=\"http:\/\/tna.dz\/fr\/wp-content\/uploads\/2019\/07\/Fersoussa-Wel-Malik-78-1.jpg\" alt=\"\" width=\"523\" height=\"800\" srcset=\"https:\/\/tna.dz\/fr\/wp-content\/uploads\/2019\/07\/Fersoussa-Wel-Malik-78-1.jpg 523w, https:\/\/tna.dz\/fr\/wp-content\/uploads\/2019\/07\/Fersoussa-Wel-Malik-78-1-196x300.jpg 196w\" sizes=\"(max-width: 523px) 100vw, 523px\" \/><\/a><\/p>\n","protected":false},"excerpt":{"rendered":"<p>Production du th\u00e9\u00e2tre nationale alg\u00e9rien 1978\u00a0 FICHE TECHNIQUE\u00a0 \u0152uvre: Fersousa Wal Malik Auteur Dramaturge\u00a0: Karaouzene et Fasla Metteur en sc\u00e8ne\u00a0: Kasdarli D\u00e9cor Sc\u00e9nographie Distribution\u00a0: R\u00e9sum\u00e9\u00a0: 48-\u00a0Fersousa Wal Malik\u00a0de M.Karaouzene et Fasla, mise en sc\u00e8ne de M.Kasdarli, est l\u2019histoire d\u2019un roi qui opprime son peuple. C\u2019est une pi\u00e8ce conjoncturelle qui fonctionne par allusions au roi Hassan &hellip;<\/p>\n","protected":false},"author":1,"featured_media":0,"comment_status":"closed","ping_status":"closed","sticky":false,"template":"","format":"standard","meta":{"footnotes":""},"categories":[61],"tags":[],"yoast_head":"<!-- This site is optimized with the Yoast SEO plugin v21.2 - https:\/\/yoast.com\/wordpress\/plugins\/seo\/ -->\n<title>Fersousa Wal Malik - Th\u00e9\u00e2tre national alg\u00e9rien<\/title>\n<meta name=\"description\" content=\"Production du th\u00e9\u00e2tre nationale alg\u00e9rien 1978\u00a0 FICHE TECHNIQUE\u00a0 \u0152uvre: Fersousa Wal Malik Auteur Dramaturge\u00a0: Karaouzene et Fasla Metteur en sc\u00e8ne\u00a0:\" \/>\n<meta name=\"robots\" content=\"index, follow, max-snippet:-1, max-image-preview:large, max-video-preview:-1\" \/>\n<link rel=\"canonical\" href=\"https:\/\/tna.dz\/fr\/fersousa-wal-malik\/\" \/>\n<meta property=\"og:locale\" content=\"fr_FR\" \/>\n<meta property=\"og:type\" content=\"article\" \/>\n<meta property=\"og:title\" content=\"Fersousa Wal Malik - Th\u00e9\u00e2tre national alg\u00e9rien\" \/>\n<meta property=\"og:description\" content=\"Production du th\u00e9\u00e2tre nationale alg\u00e9rien 1978\u00a0 FICHE TECHNIQUE\u00a0 \u0152uvre: Fersousa Wal Malik Auteur Dramaturge\u00a0: Karaouzene et Fasla Metteur en sc\u00e8ne\u00a0:\" \/>\n<meta property=\"og:url\" content=\"https:\/\/tna.dz\/fr\/fersousa-wal-malik\/\" \/>\n<meta property=\"og:site_name\" content=\"Th\u00e9\u00e2tre national alg\u00e9rien\" \/>\n<meta property=\"article:published_time\" content=\"2019-07-30T17:49:06+00:00\" \/>\n<meta property=\"article:modified_time\" content=\"2020-01-17T10:02:09+00:00\" \/>\n<meta property=\"og:image\" content=\"http:\/\/tna.dz\/fr\/wp-content\/uploads\/2019\/07\/Fersoussa-Wel-Malik-78-1.jpg\" \/>\n<meta name=\"author\" content=\"omarAdmin\" \/>\n<meta name=\"twitter:card\" content=\"summary_large_image\" \/>\n<meta name=\"twitter:label1\" content=\"\u00c9crit par\" \/>\n\t<meta name=\"twitter:data1\" content=\"omarAdmin\" \/>\n<script type=\"application\/ld+json\" class=\"yoast-schema-graph\">{\"@context\":\"https:\/\/schema.org\",\"@graph\":[{\"@type\":\"Article\",\"@id\":\"https:\/\/tna.dz\/fr\/fersousa-wal-malik\/#article\",\"isPartOf\":{\"@id\":\"https:\/\/tna.dz\/fr\/fersousa-wal-malik\/\"},\"author\":{\"name\":\"omarAdmin\",\"@id\":\"https:\/\/tna.dz\/fr\/#\/schema\/person\/101481cc92bfc5def5711088d2a24632\"},\"headline\":\"Fersousa Wal Malik\",\"datePublished\":\"2019-07-30T17:49:06+00:00\",\"dateModified\":\"2020-01-17T10:02:09+00:00\",\"mainEntityOfPage\":{\"@id\":\"https:\/\/tna.dz\/fr\/fersousa-wal-malik\/\"},\"wordCount\":76,\"publisher\":{\"@id\":\"https:\/\/tna.dz\/fr\/#organization\"},\"articleSection\":[\"ann\u00e9e 1978\"],\"inLanguage\":\"fr-FR\"},{\"@type\":\"WebPage\",\"@id\":\"https:\/\/tna.dz\/fr\/fersousa-wal-malik\/\",\"url\":\"https:\/\/tna.dz\/fr\/fersousa-wal-malik\/\",\"name\":\"Fersousa Wal Malik - Th\u00e9\u00e2tre national alg\u00e9rien\",\"isPartOf\":{\"@id\":\"https:\/\/tna.dz\/fr\/#website\"},\"datePublished\":\"2019-07-30T17:49:06+00:00\",\"dateModified\":\"2020-01-17T10:02:09+00:00\",\"description\":\"Production du th\u00e9\u00e2tre nationale alg\u00e9rien 1978\u00a0 FICHE TECHNIQUE\u00a0 \u0152uvre: Fersousa Wal Malik Auteur Dramaturge\u00a0: Karaouzene et Fasla Metteur en sc\u00e8ne\u00a0:\",\"breadcrumb\":{\"@id\":\"https:\/\/tna.dz\/fr\/fersousa-wal-malik\/#breadcrumb\"},\"inLanguage\":\"fr-FR\",\"potentialAction\":[{\"@type\":\"ReadAction\",\"target\":[\"https:\/\/tna.dz\/fr\/fersousa-wal-malik\/\"]}]},{\"@type\":\"BreadcrumbList\",\"@id\":\"https:\/\/tna.dz\/fr\/fersousa-wal-malik\/#breadcrumb\",\"itemListElement\":[{\"@type\":\"ListItem\",\"position\":1,\"name\":\"Accueil\",\"item\":\"https:\/\/tna.dz\/fr\/\"},{\"@type\":\"ListItem\",\"position\":2,\"name\":\"Fersousa Wal Malik\"}]},{\"@type\":\"WebSite\",\"@id\":\"https:\/\/tna.dz\/fr\/#website\",\"url\":\"https:\/\/tna.dz\/fr\/\",\"name\":\"Th\u00e9\u00e2tre national alg\u00e9rien\",\"description\":\"Th\u00e9\u00e2tre national alg\u00e9rien Mahieddine Bachtarzi\",\"publisher\":{\"@id\":\"https:\/\/tna.dz\/fr\/#organization\"},\"potentialAction\":[{\"@type\":\"SearchAction\",\"target\":{\"@type\":\"EntryPoint\",\"urlTemplate\":\"https:\/\/tna.dz\/fr\/?s={search_term_string}\"},\"query-input\":\"required name=search_term_string\"}],\"inLanguage\":\"fr-FR\"},{\"@type\":\"Organization\",\"@id\":\"https:\/\/tna.dz\/fr\/#organization\",\"name\":\"Le Th\u00e9\u00e2tre national alg\u00e9rien\",\"url\":\"https:\/\/tna.dz\/fr\/\",\"logo\":{\"@type\":\"ImageObject\",\"inLanguage\":\"fr-FR\",\"@id\":\"https:\/\/tna.dz\/fr\/#\/schema\/logo\/image\/\",\"url\":\"https:\/\/www.tna.dz\/fr\/wp-content\/uploads\/2019\/11\/repertoire-tna-2018-2-1.png\",\"contentUrl\":\"https:\/\/www.tna.dz\/fr\/wp-content\/uploads\/2019\/11\/repertoire-tna-2018-2-1.png\",\"width\":200,\"height\":84,\"caption\":\"Le Th\u00e9\u00e2tre national alg\u00e9rien\"},\"image\":{\"@id\":\"https:\/\/tna.dz\/fr\/#\/schema\/logo\/image\/\"}},{\"@type\":\"Person\",\"@id\":\"https:\/\/tna.dz\/fr\/#\/schema\/person\/101481cc92bfc5def5711088d2a24632\",\"name\":\"omarAdmin\",\"image\":{\"@type\":\"ImageObject\",\"inLanguage\":\"fr-FR\",\"@id\":\"https:\/\/tna.dz\/fr\/#\/schema\/person\/image\/\",\"url\":\"https:\/\/secure.gravatar.com\/avatar\/2018ebac09ef03c2c32dd119d4429714?s=96&d=mm&r=g\",\"contentUrl\":\"https:\/\/secure.gravatar.com\/avatar\/2018ebac09ef03c2c32dd119d4429714?s=96&d=mm&r=g\",\"caption\":\"omarAdmin\"},\"url\":\"https:\/\/tna.dz\/fr\/author\/omaradmin\/\"}]}<\/script>\n<!-- \/ Yoast SEO plugin. -->","yoast_head_json":{"title":"Fersousa Wal Malik - Th\u00e9\u00e2tre national alg\u00e9rien","description":"Production du th\u00e9\u00e2tre nationale alg\u00e9rien 1978\u00a0 FICHE TECHNIQUE\u00a0 \u0152uvre: Fersousa Wal Malik Auteur Dramaturge\u00a0: Karaouzene et Fasla Metteur en sc\u00e8ne\u00a0:","robots":{"index":"index","follow":"follow","max-snippet":"max-snippet:-1","max-image-preview":"max-image-preview:large","max-video-preview":"max-video-preview:-1"},"canonical":"https:\/\/tna.dz\/fr\/fersousa-wal-malik\/","og_locale":"fr_FR","og_type":"article","og_title":"Fersousa Wal Malik - Th\u00e9\u00e2tre national alg\u00e9rien","og_description":"Production du th\u00e9\u00e2tre nationale alg\u00e9rien 1978\u00a0 FICHE TECHNIQUE\u00a0 \u0152uvre: Fersousa Wal Malik Auteur Dramaturge\u00a0: Karaouzene et Fasla Metteur en sc\u00e8ne\u00a0:","og_url":"https:\/\/tna.dz\/fr\/fersousa-wal-malik\/","og_site_name":"Th\u00e9\u00e2tre national alg\u00e9rien","article_published_time":"2019-07-30T17:49:06+00:00","article_modified_time":"2020-01-17T10:02:09+00:00","og_image":[{"url":"http:\/\/tna.dz\/fr\/wp-content\/uploads\/2019\/07\/Fersoussa-Wel-Malik-78-1.jpg"}],"author":"omarAdmin","twitter_card":"summary_large_image","twitter_misc":{"\u00c9crit par":"omarAdmin"},"schema":{"@context":"https:\/\/schema.org","@graph":[{"@type":"Article","@id":"https:\/\/tna.dz\/fr\/fersousa-wal-malik\/#article","isPartOf":{"@id":"https:\/\/tna.dz\/fr\/fersousa-wal-malik\/"},"author":{"name":"omarAdmin","@id":"https:\/\/tna.dz\/fr\/#\/schema\/person\/101481cc92bfc5def5711088d2a24632"},"headline":"Fersousa Wal Malik","datePublished":"2019-07-30T17:49:06+00:00","dateModified":"2020-01-17T10:02:09+00:00","mainEntityOfPage":{"@id":"https:\/\/tna.dz\/fr\/fersousa-wal-malik\/"},"wordCount":76,"publisher":{"@id":"https:\/\/tna.dz\/fr\/#organization"},"articleSection":["ann\u00e9e 1978"],"inLanguage":"fr-FR"},{"@type":"WebPage","@id":"https:\/\/tna.dz\/fr\/fersousa-wal-malik\/","url":"https:\/\/tna.dz\/fr\/fersousa-wal-malik\/","name":"Fersousa Wal Malik - Th\u00e9\u00e2tre national alg\u00e9rien","isPartOf":{"@id":"https:\/\/tna.dz\/fr\/#website"},"datePublished":"2019-07-30T17:49:06+00:00","dateModified":"2020-01-17T10:02:09+00:00","description":"Production du th\u00e9\u00e2tre nationale alg\u00e9rien 1978\u00a0 FICHE TECHNIQUE\u00a0 \u0152uvre: Fersousa Wal Malik Auteur Dramaturge\u00a0: Karaouzene et Fasla Metteur en sc\u00e8ne\u00a0:","breadcrumb":{"@id":"https:\/\/tna.dz\/fr\/fersousa-wal-malik\/#breadcrumb"},"inLanguage":"fr-FR","potentialAction":[{"@type":"ReadAction","target":["https:\/\/tna.dz\/fr\/fersousa-wal-malik\/"]}]},{"@type":"BreadcrumbList","@id":"https:\/\/tna.dz\/fr\/fersousa-wal-malik\/#breadcrumb","itemListElement":[{"@type":"ListItem","position":1,"name":"Accueil","item":"https:\/\/tna.dz\/fr\/"},{"@type":"ListItem","position":2,"name":"Fersousa Wal Malik"}]},{"@type":"WebSite","@id":"https:\/\/tna.dz\/fr\/#website","url":"https:\/\/tna.dz\/fr\/","name":"Th\u00e9\u00e2tre national alg\u00e9rien","description":"Th\u00e9\u00e2tre national alg\u00e9rien Mahieddine Bachtarzi","publisher":{"@id":"https:\/\/tna.dz\/fr\/#organization"},"potentialAction":[{"@type":"SearchAction","target":{"@type":"EntryPoint","urlTemplate":"https:\/\/tna.dz\/fr\/?s={search_term_string}"},"query-input":"required name=search_term_string"}],"inLanguage":"fr-FR"},{"@type":"Organization","@id":"https:\/\/tna.dz\/fr\/#organization","name":"Le Th\u00e9\u00e2tre national alg\u00e9rien","url":"https:\/\/tna.dz\/fr\/","logo":{"@type":"ImageObject","inLanguage":"fr-FR","@id":"https:\/\/tna.dz\/fr\/#\/schema\/logo\/image\/","url":"https:\/\/www.tna.dz\/fr\/wp-content\/uploads\/2019\/11\/repertoire-tna-2018-2-1.png","contentUrl":"https:\/\/www.tna.dz\/fr\/wp-content\/uploads\/2019\/11\/repertoire-tna-2018-2-1.png","width":200,"height":84,"caption":"Le Th\u00e9\u00e2tre national alg\u00e9rien"},"image":{"@id":"https:\/\/tna.dz\/fr\/#\/schema\/logo\/image\/"}},{"@type":"Person","@id":"https:\/\/tna.dz\/fr\/#\/schema\/person\/101481cc92bfc5def5711088d2a24632","name":"omarAdmin","image":{"@type":"ImageObject","inLanguage":"fr-FR","@id":"https:\/\/tna.dz\/fr\/#\/schema\/person\/image\/","url":"https:\/\/secure.gravatar.com\/avatar\/2018ebac09ef03c2c32dd119d4429714?s=96&d=mm&r=g","contentUrl":"https:\/\/secure.gravatar.com\/avatar\/2018ebac09ef03c2c32dd119d4429714?s=96&d=mm&r=g","caption":"omarAdmin"},"url":"https:\/\/tna.dz\/fr\/author\/omaradmin\/"}]}},"_links":{"self":[{"href":"https:\/\/tna.dz\/fr\/wp-json\/wp\/v2\/posts\/1121"}],"collection":[{"href":"https:\/\/tna.dz\/fr\/wp-json\/wp\/v2\/posts"}],"about":[{"href":"https:\/\/tna.dz\/fr\/wp-json\/wp\/v2\/types\/post"}],"author":[{"embeddable":true,"href":"https:\/\/tna.dz\/fr\/wp-json\/wp\/v2\/users\/1"}],"replies":[{"embeddable":true,"href":"https:\/\/tna.dz\/fr\/wp-json\/wp\/v2\/comments?post=1121"}],"version-history":[{"count":0,"href":"https:\/\/tna.dz\/fr\/wp-json\/wp\/v2\/posts\/1121\/revisions"}],"wp:attachment":[{"href":"https:\/\/tna.dz\/fr\/wp-json\/wp\/v2\/media?parent=1121"}],"wp:term":[{"taxonomy":"category","embeddable":true,"href":"https:\/\/tna.dz\/fr\/wp-json\/wp\/v2\/categories?post=1121"},{"taxonomy":"post_tag","embeddable":true,"href":"https:\/\/tna.dz\/fr\/wp-json\/wp\/v2\/tags?post=1121"}],"curies":[{"name":"wp","href":"https:\/\/api.w.org\/{rel}","templated":true}]}}