{"id":1145,"date":"2019-08-05T14:07:03","date_gmt":"2019-08-05T14:07:03","guid":{"rendered":"http:\/\/tna.dz\/fr\/?p=1145"},"modified":"2020-01-17T11:06:13","modified_gmt":"2020-01-17T11:06:13","slug":"galou-laarab-galou","status":"publish","type":"post","link":"https:\/\/tna.dz\/fr\/galou-laarab-galou\/","title":{"rendered":"Galou Laarab Galou"},"content":{"rendered":"<p>(<strong><em>Les arabes ont dit<\/em><\/strong>)<\/p>\n<p><strong>\u00a0<\/strong><strong>Production du th\u00e9\u00e2tre nationale alg\u00e9rien 1983<\/strong><\/p>\n<p><strong>\u00a0<\/strong><strong>FICHE TECHNIQUE\u00a0:<\/strong><\/p>\n<ul>\n<li><strong>\u0152uvre:<\/strong> Galou Laareb Galou (<strong><em>Les arabes ont dit<\/em><\/strong>), d\u2019apr\u00e8s\u00a0<strong><em>El Mouharij<\/em><\/strong>\u00a0(<strong><em>Le clown<\/em><\/strong>\u00a0de Mohamed El Maghout<\/li>\n<li>Adaptateurs\u00a0: Ch\u00e9rif Ayad et Azzedine Medjoubi<\/li>\n<li><strong>Metteur en sc\u00e8ne\u00a0: <\/strong>Ziani Ch\u00e9rif Ayad<\/li>\n<li><strong>D\u00e9cor Sc\u00e9nographie<\/strong><\/li>\n<li><strong>Distribution\u00a0:<\/strong><\/li>\n<\/ul>\n<p><strong>\u00a0<\/strong><strong>R\u00e9sum\u00e9\u00a0de la pi\u00e8ce: <\/strong><\/p>\n<p><strong><em>\u00a0<\/em><\/strong><strong><em>Galou Laarab Galou<\/em><\/strong>\u00a0(<strong><em>Les arabes ont dit<\/em><\/strong>), d\u2019apr\u00e8s\u00a0<strong><em>El Mouharij<\/em><\/strong>\u00a0(<strong><em>Le clown<\/em><\/strong>\u00a0de Mohamed El Maghout, adaptation de Ziani Ch\u00e9rif Ayad et Azzedine Medjoubi, mise en sc\u00e8ne de Ziani Ch\u00e9rif Ayad (Prix de la meilleure mise en sc\u00e8ne, Carthage, 1983).<\/p>\n<p><strong>\u00a0<\/strong><strong><em>Dans la pi\u00e8ce Galou Laarab Galou\u00a0<\/em><\/strong>, les personnages plongent dans le pass\u00e9 pour raconter les trahisons pr\u00e9sentes et les divers retournements historiques. Mohamed Maghout fait parler dans El Mouharej (Le clown) celui\u00a0 qui effectue un voyage dans les pays arabes pour s&rsquo;enqu\u00e9rir de la situation pr\u00e9sente. Mais , \u00e0 chaque fronti\u00e8re, il est arr\u00eat\u00e9, puis c\u2019est le comble de la tragi-com\u00e9die, il est remis, comme criminel, aux autorit\u00e9s espagnoles contre quelques tonnes de mati\u00e8res alimentaires.<\/p>\n<p><strong>\u00a0<\/strong><\/p>\n<p><strong>\u00a0<\/strong><\/p>\n<div id='gallery-1' class='gallery galleryid-1145 gallery-columns-2 gallery-size-medium'><figure class='gallery-item'>\n\t\t\t<div class='gallery-icon landscape'>\n\t\t\t\t<a href='https:\/\/tna.dz\/fr\/wp-content\/uploads\/2019\/08\/Galou-l\u2019Arab-Galou-83-2.jpg'><img width=\"300\" height=\"196\" src=\"https:\/\/tna.dz\/fr\/wp-content\/uploads\/2019\/08\/Galou-l\u2019Arab-Galou-83-2-300x196.jpg\" class=\"attachment-medium size-medium\" alt=\"\" decoding=\"async\" loading=\"lazy\" srcset=\"https:\/\/tna.dz\/fr\/wp-content\/uploads\/2019\/08\/Galou-l\u2019Arab-Galou-83-2-300x196.jpg 300w, https:\/\/tna.dz\/fr\/wp-content\/uploads\/2019\/08\/Galou-l\u2019Arab-Galou-83-2-768x502.jpg 768w, https:\/\/tna.dz\/fr\/wp-content\/uploads\/2019\/08\/Galou-l\u2019Arab-Galou-83-2.jpg 800w\" sizes=\"(max-width: 300px) 100vw, 300px\" \/><\/a>\n\t\t\t<\/div><\/figure><figure class='gallery-item'>\n\t\t\t<div class='gallery-icon portrait'>\n\t\t\t\t<a href='https:\/\/tna.dz\/fr\/wp-content\/uploads\/2019\/08\/Galou-l\u2019Arab-Galou-83-1.jpg'><img width=\"196\" height=\"300\" src=\"https:\/\/tna.dz\/fr\/wp-content\/uploads\/2019\/08\/Galou-l\u2019Arab-Galou-83-1-196x300.jpg\" class=\"attachment-medium size-medium\" alt=\"\" decoding=\"async\" loading=\"lazy\" srcset=\"https:\/\/tna.dz\/fr\/wp-content\/uploads\/2019\/08\/Galou-l\u2019Arab-Galou-83-1-196x300.jpg 196w, https:\/\/tna.dz\/fr\/wp-content\/uploads\/2019\/08\/Galou-l\u2019Arab-Galou-83-1.jpg 523w\" sizes=\"(max-width: 196px) 100vw, 196px\" \/><\/a>\n\t\t\t<\/div><\/figure>\n\t\t<\/div>\n\n<p>&nbsp;<\/p>\n","protected":false},"excerpt":{"rendered":"<p>(Les arabes ont dit) \u00a0Production du th\u00e9\u00e2tre nationale alg\u00e9rien 1983 \u00a0FICHE TECHNIQUE\u00a0: \u0152uvre: Galou Laareb Galou (Les arabes ont dit), d\u2019apr\u00e8s\u00a0El Mouharij\u00a0(Le clown\u00a0de Mohamed El Maghout Adaptateurs\u00a0: Ch\u00e9rif Ayad et Azzedine Medjoubi Metteur en sc\u00e8ne\u00a0: Ziani Ch\u00e9rif Ayad D\u00e9cor Sc\u00e9nographie Distribution\u00a0: \u00a0R\u00e9sum\u00e9\u00a0de la pi\u00e8ce: \u00a0Galou Laarab Galou\u00a0(Les arabes ont dit), d\u2019apr\u00e8s\u00a0El Mouharij\u00a0(Le clown\u00a0de Mohamed El &hellip;<\/p>\n","protected":false},"author":1,"featured_media":0,"comment_status":"closed","ping_status":"closed","sticky":false,"template":"","format":"standard","meta":{"footnotes":""},"categories":[66,43],"tags":[],"yoast_head":"<!-- This site is optimized with the Yoast SEO plugin v21.2 - https:\/\/yoast.com\/wordpress\/plugins\/seo\/ -->\n<title>Galou Laarab Galou - Th\u00e9\u00e2tre national alg\u00e9rien<\/title>\n<meta name=\"description\" content=\"(Les arabes ont dit) \u00a0Production du th\u00e9\u00e2tre nationale alg\u00e9rien 1983 \u00a0FICHE TECHNIQUE\u00a0: \u0152uvre: Galou Laareb Galou (Les arabes ont dit), d\u2019apr\u00e8s\u00a0El\" \/>\n<meta name=\"robots\" content=\"index, follow, max-snippet:-1, max-image-preview:large, max-video-preview:-1\" \/>\n<link rel=\"canonical\" href=\"https:\/\/tna.dz\/fr\/galou-laarab-galou\/\" \/>\n<meta property=\"og:locale\" content=\"fr_FR\" \/>\n<meta property=\"og:type\" content=\"article\" \/>\n<meta property=\"og:title\" content=\"Galou Laarab Galou - Th\u00e9\u00e2tre national alg\u00e9rien\" \/>\n<meta property=\"og:description\" content=\"(Les arabes ont dit) \u00a0Production du th\u00e9\u00e2tre nationale alg\u00e9rien 1983 \u00a0FICHE TECHNIQUE\u00a0: \u0152uvre: Galou Laareb Galou (Les arabes ont dit), d\u2019apr\u00e8s\u00a0El\" \/>\n<meta property=\"og:url\" content=\"https:\/\/tna.dz\/fr\/galou-laarab-galou\/\" \/>\n<meta property=\"og:site_name\" content=\"Th\u00e9\u00e2tre national alg\u00e9rien\" \/>\n<meta property=\"article:published_time\" content=\"2019-08-05T14:07:03+00:00\" \/>\n<meta property=\"article:modified_time\" content=\"2020-01-17T11:06:13+00:00\" \/>\n<meta property=\"og:image\" content=\"https:\/\/tna.dz\/fr\/wp-content\/uploads\/2019\/08\/Galou-l\u2019Arab-Galou-83-2-300x196.jpg\" \/>\n<meta name=\"author\" content=\"omarAdmin\" \/>\n<meta name=\"twitter:card\" content=\"summary_large_image\" \/>\n<meta name=\"twitter:label1\" content=\"\u00c9crit par\" \/>\n\t<meta name=\"twitter:data1\" content=\"omarAdmin\" \/>\n\t<meta name=\"twitter:label2\" content=\"Dur\u00e9e de lecture estim\u00e9e\" \/>\n\t<meta name=\"twitter:data2\" content=\"1 minute\" \/>\n<script type=\"application\/ld+json\" class=\"yoast-schema-graph\">{\"@context\":\"https:\/\/schema.org\",\"@graph\":[{\"@type\":\"Article\",\"@id\":\"https:\/\/tna.dz\/fr\/galou-laarab-galou\/#article\",\"isPartOf\":{\"@id\":\"https:\/\/tna.dz\/fr\/galou-laarab-galou\/\"},\"author\":{\"name\":\"omarAdmin\",\"@id\":\"https:\/\/tna.dz\/fr\/#\/schema\/person\/101481cc92bfc5def5711088d2a24632\"},\"headline\":\"Galou Laarab Galou\",\"datePublished\":\"2019-08-05T14:07:03+00:00\",\"dateModified\":\"2020-01-17T11:06:13+00:00\",\"mainEntityOfPage\":{\"@id\":\"https:\/\/tna.dz\/fr\/galou-laarab-galou\/\"},\"wordCount\":198,\"publisher\":{\"@id\":\"https:\/\/tna.dz\/fr\/#organization\"},\"articleSection\":[\"ann\u00e9e 1983\",\"Pi\u00e8ces de th\u00e9\u00e2tre en 1980 - 1989\"],\"inLanguage\":\"fr-FR\"},{\"@type\":\"WebPage\",\"@id\":\"https:\/\/tna.dz\/fr\/galou-laarab-galou\/\",\"url\":\"https:\/\/tna.dz\/fr\/galou-laarab-galou\/\",\"name\":\"Galou Laarab Galou - Th\u00e9\u00e2tre national alg\u00e9rien\",\"isPartOf\":{\"@id\":\"https:\/\/tna.dz\/fr\/#website\"},\"datePublished\":\"2019-08-05T14:07:03+00:00\",\"dateModified\":\"2020-01-17T11:06:13+00:00\",\"description\":\"(Les arabes ont dit) \u00a0Production du th\u00e9\u00e2tre nationale alg\u00e9rien 1983 \u00a0FICHE TECHNIQUE\u00a0: \u0152uvre: Galou Laareb Galou (Les arabes ont dit), d\u2019apr\u00e8s\u00a0El\",\"breadcrumb\":{\"@id\":\"https:\/\/tna.dz\/fr\/galou-laarab-galou\/#breadcrumb\"},\"inLanguage\":\"fr-FR\",\"potentialAction\":[{\"@type\":\"ReadAction\",\"target\":[\"https:\/\/tna.dz\/fr\/galou-laarab-galou\/\"]}]},{\"@type\":\"BreadcrumbList\",\"@id\":\"https:\/\/tna.dz\/fr\/galou-laarab-galou\/#breadcrumb\",\"itemListElement\":[{\"@type\":\"ListItem\",\"position\":1,\"name\":\"Accueil\",\"item\":\"https:\/\/tna.dz\/fr\/\"},{\"@type\":\"ListItem\",\"position\":2,\"name\":\"Galou Laarab Galou\"}]},{\"@type\":\"WebSite\",\"@id\":\"https:\/\/tna.dz\/fr\/#website\",\"url\":\"https:\/\/tna.dz\/fr\/\",\"name\":\"Th\u00e9\u00e2tre national alg\u00e9rien\",\"description\":\"Th\u00e9\u00e2tre national alg\u00e9rien Mahieddine Bachtarzi\",\"publisher\":{\"@id\":\"https:\/\/tna.dz\/fr\/#organization\"},\"potentialAction\":[{\"@type\":\"SearchAction\",\"target\":{\"@type\":\"EntryPoint\",\"urlTemplate\":\"https:\/\/tna.dz\/fr\/?s={search_term_string}\"},\"query-input\":\"required name=search_term_string\"}],\"inLanguage\":\"fr-FR\"},{\"@type\":\"Organization\",\"@id\":\"https:\/\/tna.dz\/fr\/#organization\",\"name\":\"Le Th\u00e9\u00e2tre national alg\u00e9rien\",\"url\":\"https:\/\/tna.dz\/fr\/\",\"logo\":{\"@type\":\"ImageObject\",\"inLanguage\":\"fr-FR\",\"@id\":\"https:\/\/tna.dz\/fr\/#\/schema\/logo\/image\/\",\"url\":\"https:\/\/www.tna.dz\/fr\/wp-content\/uploads\/2019\/11\/repertoire-tna-2018-2-1.png\",\"contentUrl\":\"https:\/\/www.tna.dz\/fr\/wp-content\/uploads\/2019\/11\/repertoire-tna-2018-2-1.png\",\"width\":200,\"height\":84,\"caption\":\"Le Th\u00e9\u00e2tre national alg\u00e9rien\"},\"image\":{\"@id\":\"https:\/\/tna.dz\/fr\/#\/schema\/logo\/image\/\"}},{\"@type\":\"Person\",\"@id\":\"https:\/\/tna.dz\/fr\/#\/schema\/person\/101481cc92bfc5def5711088d2a24632\",\"name\":\"omarAdmin\",\"image\":{\"@type\":\"ImageObject\",\"inLanguage\":\"fr-FR\",\"@id\":\"https:\/\/tna.dz\/fr\/#\/schema\/person\/image\/\",\"url\":\"https:\/\/secure.gravatar.com\/avatar\/2018ebac09ef03c2c32dd119d4429714?s=96&d=mm&r=g\",\"contentUrl\":\"https:\/\/secure.gravatar.com\/avatar\/2018ebac09ef03c2c32dd119d4429714?s=96&d=mm&r=g\",\"caption\":\"omarAdmin\"},\"url\":\"https:\/\/tna.dz\/fr\/author\/omaradmin\/\"}]}<\/script>\n<!-- \/ Yoast SEO plugin. -->","yoast_head_json":{"title":"Galou Laarab Galou - Th\u00e9\u00e2tre national alg\u00e9rien","description":"(Les arabes ont dit) \u00a0Production du th\u00e9\u00e2tre nationale alg\u00e9rien 1983 \u00a0FICHE TECHNIQUE\u00a0: \u0152uvre: Galou Laareb Galou (Les arabes ont dit), d\u2019apr\u00e8s\u00a0El","robots":{"index":"index","follow":"follow","max-snippet":"max-snippet:-1","max-image-preview":"max-image-preview:large","max-video-preview":"max-video-preview:-1"},"canonical":"https:\/\/tna.dz\/fr\/galou-laarab-galou\/","og_locale":"fr_FR","og_type":"article","og_title":"Galou Laarab Galou - Th\u00e9\u00e2tre national alg\u00e9rien","og_description":"(Les arabes ont dit) \u00a0Production du th\u00e9\u00e2tre nationale alg\u00e9rien 1983 \u00a0FICHE TECHNIQUE\u00a0: \u0152uvre: Galou Laareb Galou (Les arabes ont dit), d\u2019apr\u00e8s\u00a0El","og_url":"https:\/\/tna.dz\/fr\/galou-laarab-galou\/","og_site_name":"Th\u00e9\u00e2tre national alg\u00e9rien","article_published_time":"2019-08-05T14:07:03+00:00","article_modified_time":"2020-01-17T11:06:13+00:00","og_image":[{"url":"https:\/\/tna.dz\/fr\/wp-content\/uploads\/2019\/08\/Galou-l\u2019Arab-Galou-83-2-300x196.jpg"}],"author":"omarAdmin","twitter_card":"summary_large_image","twitter_misc":{"\u00c9crit par":"omarAdmin","Dur\u00e9e de lecture estim\u00e9e":"1 minute"},"schema":{"@context":"https:\/\/schema.org","@graph":[{"@type":"Article","@id":"https:\/\/tna.dz\/fr\/galou-laarab-galou\/#article","isPartOf":{"@id":"https:\/\/tna.dz\/fr\/galou-laarab-galou\/"},"author":{"name":"omarAdmin","@id":"https:\/\/tna.dz\/fr\/#\/schema\/person\/101481cc92bfc5def5711088d2a24632"},"headline":"Galou Laarab Galou","datePublished":"2019-08-05T14:07:03+00:00","dateModified":"2020-01-17T11:06:13+00:00","mainEntityOfPage":{"@id":"https:\/\/tna.dz\/fr\/galou-laarab-galou\/"},"wordCount":198,"publisher":{"@id":"https:\/\/tna.dz\/fr\/#organization"},"articleSection":["ann\u00e9e 1983","Pi\u00e8ces de th\u00e9\u00e2tre en 1980 - 1989"],"inLanguage":"fr-FR"},{"@type":"WebPage","@id":"https:\/\/tna.dz\/fr\/galou-laarab-galou\/","url":"https:\/\/tna.dz\/fr\/galou-laarab-galou\/","name":"Galou Laarab Galou - Th\u00e9\u00e2tre national alg\u00e9rien","isPartOf":{"@id":"https:\/\/tna.dz\/fr\/#website"},"datePublished":"2019-08-05T14:07:03+00:00","dateModified":"2020-01-17T11:06:13+00:00","description":"(Les arabes ont dit) \u00a0Production du th\u00e9\u00e2tre nationale alg\u00e9rien 1983 \u00a0FICHE TECHNIQUE\u00a0: \u0152uvre: Galou Laareb Galou (Les arabes ont dit), d\u2019apr\u00e8s\u00a0El","breadcrumb":{"@id":"https:\/\/tna.dz\/fr\/galou-laarab-galou\/#breadcrumb"},"inLanguage":"fr-FR","potentialAction":[{"@type":"ReadAction","target":["https:\/\/tna.dz\/fr\/galou-laarab-galou\/"]}]},{"@type":"BreadcrumbList","@id":"https:\/\/tna.dz\/fr\/galou-laarab-galou\/#breadcrumb","itemListElement":[{"@type":"ListItem","position":1,"name":"Accueil","item":"https:\/\/tna.dz\/fr\/"},{"@type":"ListItem","position":2,"name":"Galou Laarab Galou"}]},{"@type":"WebSite","@id":"https:\/\/tna.dz\/fr\/#website","url":"https:\/\/tna.dz\/fr\/","name":"Th\u00e9\u00e2tre national alg\u00e9rien","description":"Th\u00e9\u00e2tre national alg\u00e9rien Mahieddine Bachtarzi","publisher":{"@id":"https:\/\/tna.dz\/fr\/#organization"},"potentialAction":[{"@type":"SearchAction","target":{"@type":"EntryPoint","urlTemplate":"https:\/\/tna.dz\/fr\/?s={search_term_string}"},"query-input":"required name=search_term_string"}],"inLanguage":"fr-FR"},{"@type":"Organization","@id":"https:\/\/tna.dz\/fr\/#organization","name":"Le Th\u00e9\u00e2tre national alg\u00e9rien","url":"https:\/\/tna.dz\/fr\/","logo":{"@type":"ImageObject","inLanguage":"fr-FR","@id":"https:\/\/tna.dz\/fr\/#\/schema\/logo\/image\/","url":"https:\/\/www.tna.dz\/fr\/wp-content\/uploads\/2019\/11\/repertoire-tna-2018-2-1.png","contentUrl":"https:\/\/www.tna.dz\/fr\/wp-content\/uploads\/2019\/11\/repertoire-tna-2018-2-1.png","width":200,"height":84,"caption":"Le Th\u00e9\u00e2tre national alg\u00e9rien"},"image":{"@id":"https:\/\/tna.dz\/fr\/#\/schema\/logo\/image\/"}},{"@type":"Person","@id":"https:\/\/tna.dz\/fr\/#\/schema\/person\/101481cc92bfc5def5711088d2a24632","name":"omarAdmin","image":{"@type":"ImageObject","inLanguage":"fr-FR","@id":"https:\/\/tna.dz\/fr\/#\/schema\/person\/image\/","url":"https:\/\/secure.gravatar.com\/avatar\/2018ebac09ef03c2c32dd119d4429714?s=96&d=mm&r=g","contentUrl":"https:\/\/secure.gravatar.com\/avatar\/2018ebac09ef03c2c32dd119d4429714?s=96&d=mm&r=g","caption":"omarAdmin"},"url":"https:\/\/tna.dz\/fr\/author\/omaradmin\/"}]}},"_links":{"self":[{"href":"https:\/\/tna.dz\/fr\/wp-json\/wp\/v2\/posts\/1145"}],"collection":[{"href":"https:\/\/tna.dz\/fr\/wp-json\/wp\/v2\/posts"}],"about":[{"href":"https:\/\/tna.dz\/fr\/wp-json\/wp\/v2\/types\/post"}],"author":[{"embeddable":true,"href":"https:\/\/tna.dz\/fr\/wp-json\/wp\/v2\/users\/1"}],"replies":[{"embeddable":true,"href":"https:\/\/tna.dz\/fr\/wp-json\/wp\/v2\/comments?post=1145"}],"version-history":[{"count":0,"href":"https:\/\/tna.dz\/fr\/wp-json\/wp\/v2\/posts\/1145\/revisions"}],"wp:attachment":[{"href":"https:\/\/tna.dz\/fr\/wp-json\/wp\/v2\/media?parent=1145"}],"wp:term":[{"taxonomy":"category","embeddable":true,"href":"https:\/\/tna.dz\/fr\/wp-json\/wp\/v2\/categories?post=1145"},{"taxonomy":"post_tag","embeddable":true,"href":"https:\/\/tna.dz\/fr\/wp-json\/wp\/v2\/tags?post=1145"}],"curies":[{"name":"wp","href":"https:\/\/api.w.org\/{rel}","templated":true}]}}