{"id":1223,"date":"2019-08-05T17:28:33","date_gmt":"2019-08-05T17:28:33","guid":{"rendered":"http:\/\/tna.dz\/fr\/?p=1223"},"modified":"2020-01-18T22:46:21","modified_gmt":"2020-01-18T22:46:21","slug":"la-maison-frontiere","status":"publish","type":"post","link":"https:\/\/tna.dz\/fr\/la-maison-frontiere\/","title":{"rendered":"La Maison fronti\u00e8re"},"content":{"rendered":"<p><strong>Production du Th\u00e9\u00e2tre National\u00a0 Alg\u00e9rien \u2013 D\u00e9cembre 2003<\/strong><\/p>\n<p><strong>FICHE TECHNIQUE\u00a0:<\/strong><\/p>\n<p><strong>\u0152uvre<\/strong>\u00a0: La Maison fronti\u00e8re<\/p>\n<p><strong>Auteur<\/strong>: Slawomir\u00a0Mrozek<\/p>\n<p><strong>Mise en sc\u00e8ne<\/strong> :Belkacem Amar<\/p>\n<p><strong>Adaptation<\/strong>\u00a0: Haider Benhacine<\/p>\n<p><strong>Sc\u00e9nographie<\/strong>\u00a0:Yahia Abdelmalek<\/p>\n<p>Distribution:Abb\u00e8s Mohamed Islam, Nidhal, Djamel Guermi, HajlaKhaldi, Fatiha Wared, Mahfoud Berkane, Yacine Ziadi, Ferhat Benyaza.<\/p>\n<p><strong>R\u00e9sum\u00e9\u00a0: <\/strong><\/p>\n<p>La Maison fronti\u00e8re de\u00a0 SlawomirMrozek, adapt\u00e9e par Haider Benhacine et mise en sc\u00e8ne par\u00a0 Belkacem Amar est du th\u00e9\u00e2tre d\u2019avant-garde. Elle met en jeu\u00a0 des personnages un peu caricaturaux confront\u00e9s \u00e0 des situations insolubles\u00a0 et symbolisant les contradictions de notre\u00a0\u00e9poque.<\/p>\n<p>La pi\u00e8ce raconte l\u2019histoire d\u2019une famille rurale qui vit dans une maison modeste, et qui est surprise par la visite de quatre diplomates pour mettre en \u0153uvre la d\u00e9cision d&rsquo;une conf\u00e9rence mondiale sur la d\u00e9limitation de la fronti\u00e8re surtout, lorsque la fronti\u00e8re traverse, par exemple, une maison, et qu&rsquo;il y a une barri\u00e8re ray\u00e9e au-dessus d&rsquo;une table familiale. Les \u00e9v\u00e9nements s\u2019encha\u00eenent. L\u2019ironie est utilis\u00e9e pour, \u00e0 la fois, se moquer ,des contradictions de notre \u00e9poque et d\u00e9noncer les absurdit\u00e9s de la vie, mais aussi, des st\u00e9r\u00e9otypes banalis\u00e9s. Les absurdes et les caustiques font rire le spectateur, le distraire\u00a0 et le faire r\u00e9fl\u00e9chir dans un dessein de changement.<\/p>\n","protected":false},"excerpt":{"rendered":"<p>Production du Th\u00e9\u00e2tre National\u00a0 Alg\u00e9rien \u2013 D\u00e9cembre 2003 FICHE TECHNIQUE\u00a0: \u0152uvre\u00a0: La Maison fronti\u00e8re Auteur: Slawomir\u00a0Mrozek Mise en sc\u00e8ne :Belkacem Amar Adaptation\u00a0: Haider Benhacine Sc\u00e9nographie\u00a0:Yahia Abdelmalek Distribution:Abb\u00e8s Mohamed Islam, Nidhal, Djamel Guermi, HajlaKhaldi, Fatiha Wared, Mahfoud Berkane, Yacine Ziadi, Ferhat Benyaza. R\u00e9sum\u00e9\u00a0: La Maison fronti\u00e8re de\u00a0 SlawomirMrozek, adapt\u00e9e par Haider Benhacine et mise en sc\u00e8ne &hellip;<\/p>\n","protected":false},"author":1,"featured_media":0,"comment_status":"closed","ping_status":"closed","sticky":false,"template":"","format":"standard","meta":{"footnotes":""},"categories":[86,45],"tags":[],"yoast_head":"<!-- This site is optimized with the Yoast SEO plugin v21.2 - https:\/\/yoast.com\/wordpress\/plugins\/seo\/ -->\n<title>La Maison fronti\u00e8re - Th\u00e9\u00e2tre national alg\u00e9rien<\/title>\n<meta name=\"description\" content=\"Production du Th\u00e9\u00e2tre National\u00a0 Alg\u00e9rien \u2013 D\u00e9cembre 2003 FICHE TECHNIQUE\u00a0: \u0152uvre\u00a0: La Maison fronti\u00e8re Auteur: Slawomir\u00a0Mrozek Mise en sc\u00e8ne :Belkacem\" \/>\n<meta name=\"robots\" content=\"index, follow, max-snippet:-1, max-image-preview:large, max-video-preview:-1\" \/>\n<link rel=\"canonical\" href=\"https:\/\/tna.dz\/fr\/la-maison-frontiere\/\" \/>\n<meta property=\"og:locale\" content=\"fr_FR\" \/>\n<meta property=\"og:type\" content=\"article\" \/>\n<meta property=\"og:title\" content=\"La Maison fronti\u00e8re - Th\u00e9\u00e2tre national alg\u00e9rien\" \/>\n<meta property=\"og:description\" content=\"Production du Th\u00e9\u00e2tre National\u00a0 Alg\u00e9rien \u2013 D\u00e9cembre 2003 FICHE TECHNIQUE\u00a0: \u0152uvre\u00a0: La Maison fronti\u00e8re Auteur: Slawomir\u00a0Mrozek Mise en sc\u00e8ne :Belkacem\" \/>\n<meta property=\"og:url\" content=\"https:\/\/tna.dz\/fr\/la-maison-frontiere\/\" \/>\n<meta property=\"og:site_name\" content=\"Th\u00e9\u00e2tre national alg\u00e9rien\" \/>\n<meta property=\"article:published_time\" content=\"2019-08-05T17:28:33+00:00\" \/>\n<meta property=\"article:modified_time\" content=\"2020-01-18T22:46:21+00:00\" \/>\n<meta name=\"author\" content=\"omarAdmin\" \/>\n<meta name=\"twitter:card\" content=\"summary_large_image\" \/>\n<meta name=\"twitter:label1\" content=\"\u00c9crit par\" \/>\n\t<meta name=\"twitter:data1\" content=\"omarAdmin\" \/>\n\t<meta name=\"twitter:label2\" content=\"Dur\u00e9e de lecture estim\u00e9e\" \/>\n\t<meta name=\"twitter:data2\" content=\"1 minute\" \/>\n<script type=\"application\/ld+json\" class=\"yoast-schema-graph\">{\"@context\":\"https:\/\/schema.org\",\"@graph\":[{\"@type\":\"Article\",\"@id\":\"https:\/\/tna.dz\/fr\/la-maison-frontiere\/#article\",\"isPartOf\":{\"@id\":\"https:\/\/tna.dz\/fr\/la-maison-frontiere\/\"},\"author\":{\"name\":\"omarAdmin\",\"@id\":\"https:\/\/tna.dz\/fr\/#\/schema\/person\/101481cc92bfc5def5711088d2a24632\"},\"headline\":\"La Maison fronti\u00e8re\",\"datePublished\":\"2019-08-05T17:28:33+00:00\",\"dateModified\":\"2020-01-18T22:46:21+00:00\",\"mainEntityOfPage\":{\"@id\":\"https:\/\/tna.dz\/fr\/la-maison-frontiere\/\"},\"wordCount\":232,\"publisher\":{\"@id\":\"https:\/\/tna.dz\/fr\/#organization\"},\"articleSection\":[\"ann\u00e9e 2003\",\"Pi\u00e8ces de th\u00e9\u00e2tre en 2000 - 2009\"],\"inLanguage\":\"fr-FR\"},{\"@type\":\"WebPage\",\"@id\":\"https:\/\/tna.dz\/fr\/la-maison-frontiere\/\",\"url\":\"https:\/\/tna.dz\/fr\/la-maison-frontiere\/\",\"name\":\"La Maison fronti\u00e8re - Th\u00e9\u00e2tre national alg\u00e9rien\",\"isPartOf\":{\"@id\":\"https:\/\/tna.dz\/fr\/#website\"},\"datePublished\":\"2019-08-05T17:28:33+00:00\",\"dateModified\":\"2020-01-18T22:46:21+00:00\",\"description\":\"Production du Th\u00e9\u00e2tre National\u00a0 Alg\u00e9rien \u2013 D\u00e9cembre 2003 FICHE TECHNIQUE\u00a0: \u0152uvre\u00a0: La Maison fronti\u00e8re Auteur: Slawomir\u00a0Mrozek Mise en sc\u00e8ne :Belkacem\",\"breadcrumb\":{\"@id\":\"https:\/\/tna.dz\/fr\/la-maison-frontiere\/#breadcrumb\"},\"inLanguage\":\"fr-FR\",\"potentialAction\":[{\"@type\":\"ReadAction\",\"target\":[\"https:\/\/tna.dz\/fr\/la-maison-frontiere\/\"]}]},{\"@type\":\"BreadcrumbList\",\"@id\":\"https:\/\/tna.dz\/fr\/la-maison-frontiere\/#breadcrumb\",\"itemListElement\":[{\"@type\":\"ListItem\",\"position\":1,\"name\":\"Accueil\",\"item\":\"https:\/\/tna.dz\/fr\/\"},{\"@type\":\"ListItem\",\"position\":2,\"name\":\"La Maison fronti\u00e8re\"}]},{\"@type\":\"WebSite\",\"@id\":\"https:\/\/tna.dz\/fr\/#website\",\"url\":\"https:\/\/tna.dz\/fr\/\",\"name\":\"Th\u00e9\u00e2tre national alg\u00e9rien\",\"description\":\"Th\u00e9\u00e2tre national alg\u00e9rien Mahieddine Bachtarzi\",\"publisher\":{\"@id\":\"https:\/\/tna.dz\/fr\/#organization\"},\"potentialAction\":[{\"@type\":\"SearchAction\",\"target\":{\"@type\":\"EntryPoint\",\"urlTemplate\":\"https:\/\/tna.dz\/fr\/?s={search_term_string}\"},\"query-input\":\"required name=search_term_string\"}],\"inLanguage\":\"fr-FR\"},{\"@type\":\"Organization\",\"@id\":\"https:\/\/tna.dz\/fr\/#organization\",\"name\":\"Le Th\u00e9\u00e2tre national alg\u00e9rien\",\"url\":\"https:\/\/tna.dz\/fr\/\",\"logo\":{\"@type\":\"ImageObject\",\"inLanguage\":\"fr-FR\",\"@id\":\"https:\/\/tna.dz\/fr\/#\/schema\/logo\/image\/\",\"url\":\"https:\/\/www.tna.dz\/fr\/wp-content\/uploads\/2019\/11\/repertoire-tna-2018-2-1.png\",\"contentUrl\":\"https:\/\/www.tna.dz\/fr\/wp-content\/uploads\/2019\/11\/repertoire-tna-2018-2-1.png\",\"width\":200,\"height\":84,\"caption\":\"Le Th\u00e9\u00e2tre national alg\u00e9rien\"},\"image\":{\"@id\":\"https:\/\/tna.dz\/fr\/#\/schema\/logo\/image\/\"}},{\"@type\":\"Person\",\"@id\":\"https:\/\/tna.dz\/fr\/#\/schema\/person\/101481cc92bfc5def5711088d2a24632\",\"name\":\"omarAdmin\",\"image\":{\"@type\":\"ImageObject\",\"inLanguage\":\"fr-FR\",\"@id\":\"https:\/\/tna.dz\/fr\/#\/schema\/person\/image\/\",\"url\":\"https:\/\/secure.gravatar.com\/avatar\/2018ebac09ef03c2c32dd119d4429714?s=96&d=mm&r=g\",\"contentUrl\":\"https:\/\/secure.gravatar.com\/avatar\/2018ebac09ef03c2c32dd119d4429714?s=96&d=mm&r=g\",\"caption\":\"omarAdmin\"},\"url\":\"https:\/\/tna.dz\/fr\/author\/omaradmin\/\"}]}<\/script>\n<!-- \/ Yoast SEO plugin. -->","yoast_head_json":{"title":"La Maison fronti\u00e8re - Th\u00e9\u00e2tre national alg\u00e9rien","description":"Production du Th\u00e9\u00e2tre National\u00a0 Alg\u00e9rien \u2013 D\u00e9cembre 2003 FICHE TECHNIQUE\u00a0: \u0152uvre\u00a0: La Maison fronti\u00e8re Auteur: Slawomir\u00a0Mrozek Mise en sc\u00e8ne :Belkacem","robots":{"index":"index","follow":"follow","max-snippet":"max-snippet:-1","max-image-preview":"max-image-preview:large","max-video-preview":"max-video-preview:-1"},"canonical":"https:\/\/tna.dz\/fr\/la-maison-frontiere\/","og_locale":"fr_FR","og_type":"article","og_title":"La Maison fronti\u00e8re - Th\u00e9\u00e2tre national alg\u00e9rien","og_description":"Production du Th\u00e9\u00e2tre National\u00a0 Alg\u00e9rien \u2013 D\u00e9cembre 2003 FICHE TECHNIQUE\u00a0: \u0152uvre\u00a0: La Maison fronti\u00e8re Auteur: Slawomir\u00a0Mrozek Mise en sc\u00e8ne :Belkacem","og_url":"https:\/\/tna.dz\/fr\/la-maison-frontiere\/","og_site_name":"Th\u00e9\u00e2tre national alg\u00e9rien","article_published_time":"2019-08-05T17:28:33+00:00","article_modified_time":"2020-01-18T22:46:21+00:00","author":"omarAdmin","twitter_card":"summary_large_image","twitter_misc":{"\u00c9crit par":"omarAdmin","Dur\u00e9e de lecture estim\u00e9e":"1 minute"},"schema":{"@context":"https:\/\/schema.org","@graph":[{"@type":"Article","@id":"https:\/\/tna.dz\/fr\/la-maison-frontiere\/#article","isPartOf":{"@id":"https:\/\/tna.dz\/fr\/la-maison-frontiere\/"},"author":{"name":"omarAdmin","@id":"https:\/\/tna.dz\/fr\/#\/schema\/person\/101481cc92bfc5def5711088d2a24632"},"headline":"La Maison fronti\u00e8re","datePublished":"2019-08-05T17:28:33+00:00","dateModified":"2020-01-18T22:46:21+00:00","mainEntityOfPage":{"@id":"https:\/\/tna.dz\/fr\/la-maison-frontiere\/"},"wordCount":232,"publisher":{"@id":"https:\/\/tna.dz\/fr\/#organization"},"articleSection":["ann\u00e9e 2003","Pi\u00e8ces de th\u00e9\u00e2tre en 2000 - 2009"],"inLanguage":"fr-FR"},{"@type":"WebPage","@id":"https:\/\/tna.dz\/fr\/la-maison-frontiere\/","url":"https:\/\/tna.dz\/fr\/la-maison-frontiere\/","name":"La Maison fronti\u00e8re - Th\u00e9\u00e2tre national alg\u00e9rien","isPartOf":{"@id":"https:\/\/tna.dz\/fr\/#website"},"datePublished":"2019-08-05T17:28:33+00:00","dateModified":"2020-01-18T22:46:21+00:00","description":"Production du Th\u00e9\u00e2tre National\u00a0 Alg\u00e9rien \u2013 D\u00e9cembre 2003 FICHE TECHNIQUE\u00a0: \u0152uvre\u00a0: La Maison fronti\u00e8re Auteur: Slawomir\u00a0Mrozek Mise en sc\u00e8ne :Belkacem","breadcrumb":{"@id":"https:\/\/tna.dz\/fr\/la-maison-frontiere\/#breadcrumb"},"inLanguage":"fr-FR","potentialAction":[{"@type":"ReadAction","target":["https:\/\/tna.dz\/fr\/la-maison-frontiere\/"]}]},{"@type":"BreadcrumbList","@id":"https:\/\/tna.dz\/fr\/la-maison-frontiere\/#breadcrumb","itemListElement":[{"@type":"ListItem","position":1,"name":"Accueil","item":"https:\/\/tna.dz\/fr\/"},{"@type":"ListItem","position":2,"name":"La Maison fronti\u00e8re"}]},{"@type":"WebSite","@id":"https:\/\/tna.dz\/fr\/#website","url":"https:\/\/tna.dz\/fr\/","name":"Th\u00e9\u00e2tre national alg\u00e9rien","description":"Th\u00e9\u00e2tre national alg\u00e9rien Mahieddine Bachtarzi","publisher":{"@id":"https:\/\/tna.dz\/fr\/#organization"},"potentialAction":[{"@type":"SearchAction","target":{"@type":"EntryPoint","urlTemplate":"https:\/\/tna.dz\/fr\/?s={search_term_string}"},"query-input":"required name=search_term_string"}],"inLanguage":"fr-FR"},{"@type":"Organization","@id":"https:\/\/tna.dz\/fr\/#organization","name":"Le Th\u00e9\u00e2tre national alg\u00e9rien","url":"https:\/\/tna.dz\/fr\/","logo":{"@type":"ImageObject","inLanguage":"fr-FR","@id":"https:\/\/tna.dz\/fr\/#\/schema\/logo\/image\/","url":"https:\/\/www.tna.dz\/fr\/wp-content\/uploads\/2019\/11\/repertoire-tna-2018-2-1.png","contentUrl":"https:\/\/www.tna.dz\/fr\/wp-content\/uploads\/2019\/11\/repertoire-tna-2018-2-1.png","width":200,"height":84,"caption":"Le Th\u00e9\u00e2tre national alg\u00e9rien"},"image":{"@id":"https:\/\/tna.dz\/fr\/#\/schema\/logo\/image\/"}},{"@type":"Person","@id":"https:\/\/tna.dz\/fr\/#\/schema\/person\/101481cc92bfc5def5711088d2a24632","name":"omarAdmin","image":{"@type":"ImageObject","inLanguage":"fr-FR","@id":"https:\/\/tna.dz\/fr\/#\/schema\/person\/image\/","url":"https:\/\/secure.gravatar.com\/avatar\/2018ebac09ef03c2c32dd119d4429714?s=96&d=mm&r=g","contentUrl":"https:\/\/secure.gravatar.com\/avatar\/2018ebac09ef03c2c32dd119d4429714?s=96&d=mm&r=g","caption":"omarAdmin"},"url":"https:\/\/tna.dz\/fr\/author\/omaradmin\/"}]}},"_links":{"self":[{"href":"https:\/\/tna.dz\/fr\/wp-json\/wp\/v2\/posts\/1223"}],"collection":[{"href":"https:\/\/tna.dz\/fr\/wp-json\/wp\/v2\/posts"}],"about":[{"href":"https:\/\/tna.dz\/fr\/wp-json\/wp\/v2\/types\/post"}],"author":[{"embeddable":true,"href":"https:\/\/tna.dz\/fr\/wp-json\/wp\/v2\/users\/1"}],"replies":[{"embeddable":true,"href":"https:\/\/tna.dz\/fr\/wp-json\/wp\/v2\/comments?post=1223"}],"version-history":[{"count":0,"href":"https:\/\/tna.dz\/fr\/wp-json\/wp\/v2\/posts\/1223\/revisions"}],"wp:attachment":[{"href":"https:\/\/tna.dz\/fr\/wp-json\/wp\/v2\/media?parent=1223"}],"wp:term":[{"taxonomy":"category","embeddable":true,"href":"https:\/\/tna.dz\/fr\/wp-json\/wp\/v2\/categories?post=1223"},{"taxonomy":"post_tag","embeddable":true,"href":"https:\/\/tna.dz\/fr\/wp-json\/wp\/v2\/tags?post=1223"}],"curies":[{"name":"wp","href":"https:\/\/api.w.org\/{rel}","templated":true}]}}