{"id":1255,"date":"2019-08-05T17:52:31","date_gmt":"2019-08-05T17:52:31","guid":{"rendered":"http:\/\/tna.dz\/fr\/?p=1255"},"modified":"2020-01-19T11:24:43","modified_gmt":"2020-01-19T11:24:43","slug":"el-boukala","status":"publish","type":"post","link":"https:\/\/tna.dz\/fr\/el-boukala\/","title":{"rendered":"EL BOUKALA"},"content":{"rendered":"<p><strong>Production du Th\u00e9\u00e2tre National\u00a0 Alg\u00e9rien \u2013 22 mars 2007.<\/strong><\/p>\n<p><strong>Fiche technique\u00a0: <\/strong><\/p>\n<p><strong>\u0152uvre<\/strong>\u00a0: Boukala<\/p>\n<p><strong>Auteur\u00a0:\u00a0<\/strong>Fouzia Laradi<\/p>\n<p><strong>Metteur en sc\u00e8ne<\/strong>\u00a0:Kara Ahc\u00e8ne Sid Ahmed<\/p>\n<p>Distribution\u00a0:Fatiha Berbere, Bahia Rachedi, Aida Kechoud, Wahiba Hadji, Yacine Zaidi, Fela Takharist, Warda Boustiou, Djamila Bellagh, Amel Mejbar, Samia Mejbar, Rabie Salah, Samah Benchatou<\/p>\n<p><strong>R\u00e9sum\u00e9\u00a0: <\/strong><\/p>\n<p>,El Boukala, une fresque puis\u00e9e dans la pure tradition culturelle typiquement alg\u00e9roise.\u00a0 De l&rsquo;h\u00e9ritage qu&rsquo;on doit prot\u00e9ger et \u00e0 qui donner son importance car elle t\u00e9moigne de la vie de nos anc\u00eatres, femmes et hommes qui, sur cette terre nomm\u00e9e Alg\u00e9rie, ont voulu perp\u00e9tuer les rites et les cultes de leur pays, mais en y apportant une touche r\u00e9unionnaise. Une appr\u00e9hension sensible que Sid Ahmed Kara Hassen a d\u00e9clin\u00e9 autour de trois th\u00e8mes, \u00able sentiment du temps\u00bb, \u00abl&rsquo;art des dramaturges\u00bb, et\u00a0 \u00abl&rsquo;\u00e9tude des gestes\u00bb.<br \/>\nLa pi\u00e8ce commence avec la c\u00e9l\u00e9bration d&rsquo;un mariage alg\u00e9rois qui se caract\u00e9rise par le raffinement et l&rsquo;\u00e9l\u00e9gance des femmes portant le karakou et une multitude de costumes brod\u00e9s.\u00a0\u00a0 Il s&rsquo;agit de professionnels connus pour leur s\u00e9rieux et qui ont su r\u00e9pondre aux attentes afin d&rsquo;assurer la r\u00e9ussite de cet \u00e9v\u00e9nement. Les artistes, Fatiha Berb\u00e8re, Bahia Rachedi, A\u00efda Kechoud, Ouahiba Hadji et autres prouvent, encore, leur conviction artistique qui restera\u00a0 pour,si, longtemps. Cette expression merveilleuse d&rsquo;une passion s\u00e9culaire qui d\u00e9passe le mystique, le fantasmagorique, pour se retrouver dans une dimension profond\u00e9ment humaine en g\u00e9n\u00e9ral et alg\u00e9roise en particulier.<\/p>\n<p>&nbsp;<\/p>\n<p><a href=\"http:\/\/tna.dz\/fr\/el-boukala\/boukala\/\"><img decoding=\"async\" loading=\"lazy\" class=\"aligncenter wp-image-2034 size-full\" src=\"http:\/\/tna.dz\/fr\/wp-content\/uploads\/2019\/08\/BOUKALA.jpg\" alt=\"\" width=\"800\" height=\"523\" srcset=\"https:\/\/tna.dz\/fr\/wp-content\/uploads\/2019\/08\/BOUKALA.jpg 800w, https:\/\/tna.dz\/fr\/wp-content\/uploads\/2019\/08\/BOUKALA-300x196.jpg 300w, https:\/\/tna.dz\/fr\/wp-content\/uploads\/2019\/08\/BOUKALA-768x502.jpg 768w\" sizes=\"(max-width: 800px) 100vw, 800px\" \/><\/a><\/p>\n","protected":false},"excerpt":{"rendered":"<p>Production du Th\u00e9\u00e2tre National\u00a0 Alg\u00e9rien \u2013 22 mars 2007. Fiche technique\u00a0: \u0152uvre\u00a0: Boukala Auteur\u00a0:\u00a0Fouzia Laradi Metteur en sc\u00e8ne\u00a0:Kara Ahc\u00e8ne Sid Ahmed Distribution\u00a0:Fatiha Berbere, Bahia Rachedi, Aida Kechoud, Wahiba Hadji, Yacine Zaidi, Fela Takharist, Warda Boustiou, Djamila Bellagh, Amel Mejbar, Samia Mejbar, Rabie Salah, Samah Benchatou R\u00e9sum\u00e9\u00a0: ,El Boukala, une fresque puis\u00e9e dans la pure tradition &hellip;<\/p>\n","protected":false},"author":1,"featured_media":0,"comment_status":"closed","ping_status":"closed","sticky":false,"template":"","format":"standard","meta":{"footnotes":""},"categories":[90,45],"tags":[],"yoast_head":"<!-- This site is optimized with the Yoast SEO plugin v21.2 - https:\/\/yoast.com\/wordpress\/plugins\/seo\/ -->\n<title>EL BOUKALA - Th\u00e9\u00e2tre national alg\u00e9rien<\/title>\n<meta name=\"description\" content=\"Production du Th\u00e9\u00e2tre National\u00a0 Alg\u00e9rien \u2013 22 mars 2007. Fiche technique\u00a0: \u0152uvre\u00a0: Boukala Auteur\u00a0:\u00a0Fouzia Laradi Metteur en sc\u00e8ne\u00a0:Kara Ahc\u00e8ne Sid Ahmed\" \/>\n<meta name=\"robots\" content=\"index, follow, max-snippet:-1, max-image-preview:large, max-video-preview:-1\" \/>\n<link rel=\"canonical\" href=\"https:\/\/tna.dz\/fr\/el-boukala\/\" \/>\n<meta property=\"og:locale\" content=\"fr_FR\" \/>\n<meta property=\"og:type\" content=\"article\" \/>\n<meta property=\"og:title\" content=\"EL BOUKALA - Th\u00e9\u00e2tre national alg\u00e9rien\" \/>\n<meta property=\"og:description\" content=\"Production du Th\u00e9\u00e2tre National\u00a0 Alg\u00e9rien \u2013 22 mars 2007. Fiche technique\u00a0: \u0152uvre\u00a0: Boukala Auteur\u00a0:\u00a0Fouzia Laradi Metteur en sc\u00e8ne\u00a0:Kara Ahc\u00e8ne Sid Ahmed\" \/>\n<meta property=\"og:url\" content=\"https:\/\/tna.dz\/fr\/el-boukala\/\" \/>\n<meta property=\"og:site_name\" content=\"Th\u00e9\u00e2tre national alg\u00e9rien\" \/>\n<meta property=\"article:published_time\" content=\"2019-08-05T17:52:31+00:00\" \/>\n<meta property=\"article:modified_time\" content=\"2020-01-19T11:24:43+00:00\" \/>\n<meta property=\"og:image\" content=\"http:\/\/tna.dz\/fr\/wp-content\/uploads\/2019\/08\/BOUKALA.jpg\" \/>\n<meta name=\"author\" content=\"omarAdmin\" \/>\n<meta name=\"twitter:card\" content=\"summary_large_image\" \/>\n<meta name=\"twitter:label1\" content=\"\u00c9crit par\" \/>\n\t<meta name=\"twitter:data1\" content=\"omarAdmin\" \/>\n\t<meta name=\"twitter:label2\" content=\"Dur\u00e9e de lecture estim\u00e9e\" \/>\n\t<meta name=\"twitter:data2\" content=\"1 minute\" \/>\n<script type=\"application\/ld+json\" class=\"yoast-schema-graph\">{\"@context\":\"https:\/\/schema.org\",\"@graph\":[{\"@type\":\"Article\",\"@id\":\"https:\/\/tna.dz\/fr\/el-boukala\/#article\",\"isPartOf\":{\"@id\":\"https:\/\/tna.dz\/fr\/el-boukala\/\"},\"author\":{\"name\":\"omarAdmin\",\"@id\":\"https:\/\/tna.dz\/fr\/#\/schema\/person\/101481cc92bfc5def5711088d2a24632\"},\"headline\":\"EL BOUKALA\",\"datePublished\":\"2019-08-05T17:52:31+00:00\",\"dateModified\":\"2020-01-19T11:24:43+00:00\",\"mainEntityOfPage\":{\"@id\":\"https:\/\/tna.dz\/fr\/el-boukala\/\"},\"wordCount\":276,\"publisher\":{\"@id\":\"https:\/\/tna.dz\/fr\/#organization\"},\"articleSection\":[\"ann\u00e9e 2007\",\"Pi\u00e8ces de th\u00e9\u00e2tre en 2000 - 2009\"],\"inLanguage\":\"fr-FR\"},{\"@type\":\"WebPage\",\"@id\":\"https:\/\/tna.dz\/fr\/el-boukala\/\",\"url\":\"https:\/\/tna.dz\/fr\/el-boukala\/\",\"name\":\"EL BOUKALA - Th\u00e9\u00e2tre national alg\u00e9rien\",\"isPartOf\":{\"@id\":\"https:\/\/tna.dz\/fr\/#website\"},\"datePublished\":\"2019-08-05T17:52:31+00:00\",\"dateModified\":\"2020-01-19T11:24:43+00:00\",\"description\":\"Production du Th\u00e9\u00e2tre National\u00a0 Alg\u00e9rien \u2013 22 mars 2007. Fiche technique\u00a0: \u0152uvre\u00a0: Boukala Auteur\u00a0:\u00a0Fouzia Laradi Metteur en sc\u00e8ne\u00a0:Kara Ahc\u00e8ne Sid Ahmed\",\"breadcrumb\":{\"@id\":\"https:\/\/tna.dz\/fr\/el-boukala\/#breadcrumb\"},\"inLanguage\":\"fr-FR\",\"potentialAction\":[{\"@type\":\"ReadAction\",\"target\":[\"https:\/\/tna.dz\/fr\/el-boukala\/\"]}]},{\"@type\":\"BreadcrumbList\",\"@id\":\"https:\/\/tna.dz\/fr\/el-boukala\/#breadcrumb\",\"itemListElement\":[{\"@type\":\"ListItem\",\"position\":1,\"name\":\"Accueil\",\"item\":\"https:\/\/tna.dz\/fr\/\"},{\"@type\":\"ListItem\",\"position\":2,\"name\":\"EL BOUKALA\"}]},{\"@type\":\"WebSite\",\"@id\":\"https:\/\/tna.dz\/fr\/#website\",\"url\":\"https:\/\/tna.dz\/fr\/\",\"name\":\"Th\u00e9\u00e2tre national alg\u00e9rien\",\"description\":\"Th\u00e9\u00e2tre national alg\u00e9rien Mahieddine Bachtarzi\",\"publisher\":{\"@id\":\"https:\/\/tna.dz\/fr\/#organization\"},\"potentialAction\":[{\"@type\":\"SearchAction\",\"target\":{\"@type\":\"EntryPoint\",\"urlTemplate\":\"https:\/\/tna.dz\/fr\/?s={search_term_string}\"},\"query-input\":\"required name=search_term_string\"}],\"inLanguage\":\"fr-FR\"},{\"@type\":\"Organization\",\"@id\":\"https:\/\/tna.dz\/fr\/#organization\",\"name\":\"Le Th\u00e9\u00e2tre national alg\u00e9rien\",\"url\":\"https:\/\/tna.dz\/fr\/\",\"logo\":{\"@type\":\"ImageObject\",\"inLanguage\":\"fr-FR\",\"@id\":\"https:\/\/tna.dz\/fr\/#\/schema\/logo\/image\/\",\"url\":\"https:\/\/www.tna.dz\/fr\/wp-content\/uploads\/2019\/11\/repertoire-tna-2018-2-1.png\",\"contentUrl\":\"https:\/\/www.tna.dz\/fr\/wp-content\/uploads\/2019\/11\/repertoire-tna-2018-2-1.png\",\"width\":200,\"height\":84,\"caption\":\"Le Th\u00e9\u00e2tre national alg\u00e9rien\"},\"image\":{\"@id\":\"https:\/\/tna.dz\/fr\/#\/schema\/logo\/image\/\"}},{\"@type\":\"Person\",\"@id\":\"https:\/\/tna.dz\/fr\/#\/schema\/person\/101481cc92bfc5def5711088d2a24632\",\"name\":\"omarAdmin\",\"image\":{\"@type\":\"ImageObject\",\"inLanguage\":\"fr-FR\",\"@id\":\"https:\/\/tna.dz\/fr\/#\/schema\/person\/image\/\",\"url\":\"https:\/\/secure.gravatar.com\/avatar\/2018ebac09ef03c2c32dd119d4429714?s=96&d=mm&r=g\",\"contentUrl\":\"https:\/\/secure.gravatar.com\/avatar\/2018ebac09ef03c2c32dd119d4429714?s=96&d=mm&r=g\",\"caption\":\"omarAdmin\"},\"url\":\"https:\/\/tna.dz\/fr\/author\/omaradmin\/\"}]}<\/script>\n<!-- \/ Yoast SEO plugin. -->","yoast_head_json":{"title":"EL BOUKALA - Th\u00e9\u00e2tre national alg\u00e9rien","description":"Production du Th\u00e9\u00e2tre National\u00a0 Alg\u00e9rien \u2013 22 mars 2007. Fiche technique\u00a0: \u0152uvre\u00a0: Boukala Auteur\u00a0:\u00a0Fouzia Laradi Metteur en sc\u00e8ne\u00a0:Kara Ahc\u00e8ne Sid Ahmed","robots":{"index":"index","follow":"follow","max-snippet":"max-snippet:-1","max-image-preview":"max-image-preview:large","max-video-preview":"max-video-preview:-1"},"canonical":"https:\/\/tna.dz\/fr\/el-boukala\/","og_locale":"fr_FR","og_type":"article","og_title":"EL BOUKALA - Th\u00e9\u00e2tre national alg\u00e9rien","og_description":"Production du Th\u00e9\u00e2tre National\u00a0 Alg\u00e9rien \u2013 22 mars 2007. Fiche technique\u00a0: \u0152uvre\u00a0: Boukala Auteur\u00a0:\u00a0Fouzia Laradi Metteur en sc\u00e8ne\u00a0:Kara Ahc\u00e8ne Sid Ahmed","og_url":"https:\/\/tna.dz\/fr\/el-boukala\/","og_site_name":"Th\u00e9\u00e2tre national alg\u00e9rien","article_published_time":"2019-08-05T17:52:31+00:00","article_modified_time":"2020-01-19T11:24:43+00:00","og_image":[{"url":"http:\/\/tna.dz\/fr\/wp-content\/uploads\/2019\/08\/BOUKALA.jpg"}],"author":"omarAdmin","twitter_card":"summary_large_image","twitter_misc":{"\u00c9crit par":"omarAdmin","Dur\u00e9e de lecture estim\u00e9e":"1 minute"},"schema":{"@context":"https:\/\/schema.org","@graph":[{"@type":"Article","@id":"https:\/\/tna.dz\/fr\/el-boukala\/#article","isPartOf":{"@id":"https:\/\/tna.dz\/fr\/el-boukala\/"},"author":{"name":"omarAdmin","@id":"https:\/\/tna.dz\/fr\/#\/schema\/person\/101481cc92bfc5def5711088d2a24632"},"headline":"EL BOUKALA","datePublished":"2019-08-05T17:52:31+00:00","dateModified":"2020-01-19T11:24:43+00:00","mainEntityOfPage":{"@id":"https:\/\/tna.dz\/fr\/el-boukala\/"},"wordCount":276,"publisher":{"@id":"https:\/\/tna.dz\/fr\/#organization"},"articleSection":["ann\u00e9e 2007","Pi\u00e8ces de th\u00e9\u00e2tre en 2000 - 2009"],"inLanguage":"fr-FR"},{"@type":"WebPage","@id":"https:\/\/tna.dz\/fr\/el-boukala\/","url":"https:\/\/tna.dz\/fr\/el-boukala\/","name":"EL BOUKALA - Th\u00e9\u00e2tre national alg\u00e9rien","isPartOf":{"@id":"https:\/\/tna.dz\/fr\/#website"},"datePublished":"2019-08-05T17:52:31+00:00","dateModified":"2020-01-19T11:24:43+00:00","description":"Production du Th\u00e9\u00e2tre National\u00a0 Alg\u00e9rien \u2013 22 mars 2007. Fiche technique\u00a0: \u0152uvre\u00a0: Boukala Auteur\u00a0:\u00a0Fouzia Laradi Metteur en sc\u00e8ne\u00a0:Kara Ahc\u00e8ne Sid Ahmed","breadcrumb":{"@id":"https:\/\/tna.dz\/fr\/el-boukala\/#breadcrumb"},"inLanguage":"fr-FR","potentialAction":[{"@type":"ReadAction","target":["https:\/\/tna.dz\/fr\/el-boukala\/"]}]},{"@type":"BreadcrumbList","@id":"https:\/\/tna.dz\/fr\/el-boukala\/#breadcrumb","itemListElement":[{"@type":"ListItem","position":1,"name":"Accueil","item":"https:\/\/tna.dz\/fr\/"},{"@type":"ListItem","position":2,"name":"EL BOUKALA"}]},{"@type":"WebSite","@id":"https:\/\/tna.dz\/fr\/#website","url":"https:\/\/tna.dz\/fr\/","name":"Th\u00e9\u00e2tre national alg\u00e9rien","description":"Th\u00e9\u00e2tre national alg\u00e9rien Mahieddine Bachtarzi","publisher":{"@id":"https:\/\/tna.dz\/fr\/#organization"},"potentialAction":[{"@type":"SearchAction","target":{"@type":"EntryPoint","urlTemplate":"https:\/\/tna.dz\/fr\/?s={search_term_string}"},"query-input":"required name=search_term_string"}],"inLanguage":"fr-FR"},{"@type":"Organization","@id":"https:\/\/tna.dz\/fr\/#organization","name":"Le Th\u00e9\u00e2tre national alg\u00e9rien","url":"https:\/\/tna.dz\/fr\/","logo":{"@type":"ImageObject","inLanguage":"fr-FR","@id":"https:\/\/tna.dz\/fr\/#\/schema\/logo\/image\/","url":"https:\/\/www.tna.dz\/fr\/wp-content\/uploads\/2019\/11\/repertoire-tna-2018-2-1.png","contentUrl":"https:\/\/www.tna.dz\/fr\/wp-content\/uploads\/2019\/11\/repertoire-tna-2018-2-1.png","width":200,"height":84,"caption":"Le Th\u00e9\u00e2tre national alg\u00e9rien"},"image":{"@id":"https:\/\/tna.dz\/fr\/#\/schema\/logo\/image\/"}},{"@type":"Person","@id":"https:\/\/tna.dz\/fr\/#\/schema\/person\/101481cc92bfc5def5711088d2a24632","name":"omarAdmin","image":{"@type":"ImageObject","inLanguage":"fr-FR","@id":"https:\/\/tna.dz\/fr\/#\/schema\/person\/image\/","url":"https:\/\/secure.gravatar.com\/avatar\/2018ebac09ef03c2c32dd119d4429714?s=96&d=mm&r=g","contentUrl":"https:\/\/secure.gravatar.com\/avatar\/2018ebac09ef03c2c32dd119d4429714?s=96&d=mm&r=g","caption":"omarAdmin"},"url":"https:\/\/tna.dz\/fr\/author\/omaradmin\/"}]}},"_links":{"self":[{"href":"https:\/\/tna.dz\/fr\/wp-json\/wp\/v2\/posts\/1255"}],"collection":[{"href":"https:\/\/tna.dz\/fr\/wp-json\/wp\/v2\/posts"}],"about":[{"href":"https:\/\/tna.dz\/fr\/wp-json\/wp\/v2\/types\/post"}],"author":[{"embeddable":true,"href":"https:\/\/tna.dz\/fr\/wp-json\/wp\/v2\/users\/1"}],"replies":[{"embeddable":true,"href":"https:\/\/tna.dz\/fr\/wp-json\/wp\/v2\/comments?post=1255"}],"version-history":[{"count":0,"href":"https:\/\/tna.dz\/fr\/wp-json\/wp\/v2\/posts\/1255\/revisions"}],"wp:attachment":[{"href":"https:\/\/tna.dz\/fr\/wp-json\/wp\/v2\/media?parent=1255"}],"wp:term":[{"taxonomy":"category","embeddable":true,"href":"https:\/\/tna.dz\/fr\/wp-json\/wp\/v2\/categories?post=1255"},{"taxonomy":"post_tag","embeddable":true,"href":"https:\/\/tna.dz\/fr\/wp-json\/wp\/v2\/tags?post=1255"}],"curies":[{"name":"wp","href":"https:\/\/api.w.org\/{rel}","templated":true}]}}