{"id":1265,"date":"2019-08-05T17:57:50","date_gmt":"2019-08-05T17:57:50","guid":{"rendered":"http:\/\/tna.dz\/fr\/?p=1265"},"modified":"2020-01-19T11:33:53","modified_gmt":"2020-01-19T11:33:53","slug":"la-maison-de-bernarda-alba-2","status":"publish","type":"post","link":"https:\/\/tna.dz\/fr\/la-maison-de-bernarda-alba-2\/","title":{"rendered":"La Maison de Bernarda Alba"},"content":{"rendered":"<p><strong>Spectacle du Th\u00e9\u00e2tre National\u00a0 Alg\u00e9rien \u2013 28 mars 2007.<\/strong><\/p>\n<p><strong>FICHE TECHNIQUE\u00a0:<\/strong><\/p>\n<p><strong>Texte<\/strong>\u00a0: La Maison de Bernada Alba<\/p>\n<p><strong>Auteur<\/strong>: Federico Garcia Lorca<\/p>\n<p><strong>Adaptation<\/strong>:AllelMoheb<\/p>\n<p><strong>Mise en sc\u00e8ne<\/strong> :Ahmed Khoudi<\/p>\n<p><strong>Distribution :<\/strong>Souad Sebki, Amel Menghad, Fadila Hamaoui, Boukraa Nora, Fatima Cheikh, Faiza Amel, Mounira Rouabhi Fissa, Zitouni Sa\u00efda, Habib Houda, Ibrahim Nabila.<\/p>\n<p><strong>R\u00e9sum\u00e9\u00a0: <\/strong><\/p>\n<p>La Maison de Bernada Alba de l\u2019auteur Federico Garcia Lorca, adapt\u00e9e par AllelMoheb et mise en sc\u00e8ne par Ahmed Khoudi, traite des deux logique, qui\u00a0 s\u2019affrontaient dans l&rsquo; Espagne, du XXe<sup>\u00a0<\/sup>si\u00e8cle, prisonni\u00e8re de son pass\u00e9. D\u2019un c\u00f4t\u00e9, l\u2019ordre ancien index\u00e9 sur les rites religieux , de l\u2019autre, le mirage de la modernit\u00e9 et des mouvements \u00e9mancipateurs qu\u2019elle suppose. Tout le drame se d\u00e9roule dans une maison- prison.<\/p>\n<p>\u00c0 la mort de son second mari, Bernarda Alba impose \u00e0 sa famille un deuil de huit ans et un isolement \u00e0 ses filles, comme l\u2019exige la tradition andalouse en ces ann\u00e9es 1930.Soucieuse des apparences, la ma\u00eetresse de maison d\u00e9finit pour ses cinq filles, \u00e2g\u00e9es de 20 \u00e0 39 ans, les r\u00e8gles d\u2019une nouvelle soci\u00e9t\u00e9 o\u00f9 la femme occupe le second rang. La Maison de Bernarda Alba donne \u00e0 voir, sous la forme d\u2019un huis clos, la violence d\u2019une soci\u00e9t\u00e9 verrouill\u00e9e de l\u2019int\u00e9rieur\u00a0 et que la passion fait voler en \u00e9clats.Seule pourvue d\u2019une importante dot, Angustias, fille a\u00een\u00e9e du premier mariage de Bernarda Alba, est fianc\u00e9e \u00e0 Pepe le Romano, un jeune et bel homme. Mais Adela, sa cadette, s\u2019est \u00e9prise de ce jeune homme depuis longtemps. Adela, la plus jeune, s&rsquo;insurge contre la rigueur des m\u0153urs \u00e0 laquelle elle doit se soumettre, elle incarne la r\u00e9bellion. Elle est amoureuse de Pepe, qui est lui-m\u00eame tr\u00e8s attir\u00e9 par elle, et se d\u00e9cide \u00e0 r\u00e9v\u00e9ler l\u2019amour impossible ,au grand jour, devant toute la famille.Bernarda sait qu\u2019en tant qu\u2019autorit\u00e9 elle doit sortir indemne de cette histoire si elle veut maintenir son pouvoir. Pour devancer les r\u00e9actions des villageois et garder la face, elle chasse P\u00e9p\u00e9 le Romano en tirant sur lui \u00e0 la carabine. Adela, triste, s\u2019enferme \u00e0 cl\u00e9 dans une chambre et finit par s\u2019y donner la mort. Face au drame, Bernarda impose le silence \u00e0 tout le monde. cette \u0153uvre n&rsquo;en d\u00e9nonce pas moins le r\u00f4le secondaire occup\u00e9 par la femme dans l&rsquo;Espagne rurale du d\u00e9but du\u00a0xx<sup>e<\/sup>\u00a0si\u00e8cle.<\/p>\n<p><a href=\"http:\/\/tna.dz\/fr\/wp-content\/uploads\/2019\/08\/La-Maison-de-Bernarda-Alba-rep-2007-1.jpg\"><img decoding=\"async\" loading=\"lazy\" class=\"aligncenter wp-image-2027 size-full\" src=\"http:\/\/tna.dz\/fr\/wp-content\/uploads\/2019\/08\/La-Maison-de-Bernarda-Alba-rep-2007-1.jpg\" alt=\"\" width=\"800\" height=\"523\" srcset=\"https:\/\/tna.dz\/fr\/wp-content\/uploads\/2019\/08\/La-Maison-de-Bernarda-Alba-rep-2007-1.jpg 800w, https:\/\/tna.dz\/fr\/wp-content\/uploads\/2019\/08\/La-Maison-de-Bernarda-Alba-rep-2007-1-300x196.jpg 300w, https:\/\/tna.dz\/fr\/wp-content\/uploads\/2019\/08\/La-Maison-de-Bernarda-Alba-rep-2007-1-768x502.jpg 768w\" sizes=\"(max-width: 800px) 100vw, 800px\" \/><\/a><\/p>\n<p>&nbsp;<\/p>\n","protected":false},"excerpt":{"rendered":"<p>Spectacle du Th\u00e9\u00e2tre National\u00a0 Alg\u00e9rien \u2013 28 mars 2007. FICHE TECHNIQUE\u00a0: Texte\u00a0: La Maison de Bernada Alba Auteur: Federico Garcia Lorca Adaptation:AllelMoheb Mise en sc\u00e8ne :Ahmed Khoudi Distribution :Souad Sebki, Amel Menghad, Fadila Hamaoui, Boukraa Nora, Fatima Cheikh, Faiza Amel, Mounira Rouabhi Fissa, Zitouni Sa\u00efda, Habib Houda, Ibrahim Nabila. R\u00e9sum\u00e9\u00a0: La Maison de Bernada Alba &hellip;<\/p>\n","protected":false},"author":1,"featured_media":0,"comment_status":"closed","ping_status":"closed","sticky":false,"template":"","format":"standard","meta":{"footnotes":""},"categories":[90,45],"tags":[],"yoast_head":"<!-- This site is optimized with the Yoast SEO plugin v21.2 - https:\/\/yoast.com\/wordpress\/plugins\/seo\/ -->\n<title>La Maison de Bernarda Alba - Th\u00e9\u00e2tre national alg\u00e9rien<\/title>\n<meta name=\"description\" content=\"Spectacle du Th\u00e9\u00e2tre National\u00a0 Alg\u00e9rien \u2013 28 mars 2007. FICHE TECHNIQUE\u00a0: Texte\u00a0: La Maison de Bernada Alba Auteur: Federico Garcia Lorca\" \/>\n<meta name=\"robots\" content=\"index, follow, max-snippet:-1, max-image-preview:large, max-video-preview:-1\" \/>\n<link rel=\"canonical\" href=\"https:\/\/tna.dz\/fr\/la-maison-de-bernarda-alba-2\/\" \/>\n<meta property=\"og:locale\" content=\"fr_FR\" \/>\n<meta property=\"og:type\" content=\"article\" \/>\n<meta property=\"og:title\" content=\"La Maison de Bernarda Alba - Th\u00e9\u00e2tre national alg\u00e9rien\" \/>\n<meta property=\"og:description\" content=\"Spectacle du Th\u00e9\u00e2tre National\u00a0 Alg\u00e9rien \u2013 28 mars 2007. FICHE TECHNIQUE\u00a0: Texte\u00a0: La Maison de Bernada Alba Auteur: Federico Garcia Lorca\" \/>\n<meta property=\"og:url\" content=\"https:\/\/tna.dz\/fr\/la-maison-de-bernarda-alba-2\/\" \/>\n<meta property=\"og:site_name\" content=\"Th\u00e9\u00e2tre national alg\u00e9rien\" \/>\n<meta property=\"article:published_time\" content=\"2019-08-05T17:57:50+00:00\" \/>\n<meta property=\"article:modified_time\" content=\"2020-01-19T11:33:53+00:00\" \/>\n<meta property=\"og:image\" content=\"http:\/\/tna.dz\/fr\/wp-content\/uploads\/2019\/08\/La-Maison-de-Bernarda-Alba-rep-2007-1.jpg\" \/>\n<meta name=\"author\" content=\"omarAdmin\" \/>\n<meta name=\"twitter:card\" content=\"summary_large_image\" \/>\n<meta name=\"twitter:label1\" content=\"\u00c9crit par\" \/>\n\t<meta name=\"twitter:data1\" content=\"omarAdmin\" \/>\n\t<meta name=\"twitter:label2\" content=\"Dur\u00e9e de lecture estim\u00e9e\" \/>\n\t<meta name=\"twitter:data2\" content=\"2 minutes\" \/>\n<script type=\"application\/ld+json\" class=\"yoast-schema-graph\">{\"@context\":\"https:\/\/schema.org\",\"@graph\":[{\"@type\":\"Article\",\"@id\":\"https:\/\/tna.dz\/fr\/la-maison-de-bernarda-alba-2\/#article\",\"isPartOf\":{\"@id\":\"https:\/\/tna.dz\/fr\/la-maison-de-bernarda-alba-2\/\"},\"author\":{\"name\":\"omarAdmin\",\"@id\":\"https:\/\/tna.dz\/fr\/#\/schema\/person\/101481cc92bfc5def5711088d2a24632\"},\"headline\":\"La Maison de Bernarda Alba\",\"datePublished\":\"2019-08-05T17:57:50+00:00\",\"dateModified\":\"2020-01-19T11:33:53+00:00\",\"mainEntityOfPage\":{\"@id\":\"https:\/\/tna.dz\/fr\/la-maison-de-bernarda-alba-2\/\"},\"wordCount\":426,\"publisher\":{\"@id\":\"https:\/\/tna.dz\/fr\/#organization\"},\"articleSection\":[\"ann\u00e9e 2007\",\"Pi\u00e8ces de th\u00e9\u00e2tre en 2000 - 2009\"],\"inLanguage\":\"fr-FR\"},{\"@type\":\"WebPage\",\"@id\":\"https:\/\/tna.dz\/fr\/la-maison-de-bernarda-alba-2\/\",\"url\":\"https:\/\/tna.dz\/fr\/la-maison-de-bernarda-alba-2\/\",\"name\":\"La Maison de Bernarda Alba - Th\u00e9\u00e2tre national alg\u00e9rien\",\"isPartOf\":{\"@id\":\"https:\/\/tna.dz\/fr\/#website\"},\"datePublished\":\"2019-08-05T17:57:50+00:00\",\"dateModified\":\"2020-01-19T11:33:53+00:00\",\"description\":\"Spectacle du Th\u00e9\u00e2tre National\u00a0 Alg\u00e9rien \u2013 28 mars 2007. FICHE TECHNIQUE\u00a0: Texte\u00a0: La Maison de Bernada Alba Auteur: Federico Garcia Lorca\",\"breadcrumb\":{\"@id\":\"https:\/\/tna.dz\/fr\/la-maison-de-bernarda-alba-2\/#breadcrumb\"},\"inLanguage\":\"fr-FR\",\"potentialAction\":[{\"@type\":\"ReadAction\",\"target\":[\"https:\/\/tna.dz\/fr\/la-maison-de-bernarda-alba-2\/\"]}]},{\"@type\":\"BreadcrumbList\",\"@id\":\"https:\/\/tna.dz\/fr\/la-maison-de-bernarda-alba-2\/#breadcrumb\",\"itemListElement\":[{\"@type\":\"ListItem\",\"position\":1,\"name\":\"Accueil\",\"item\":\"https:\/\/tna.dz\/fr\/\"},{\"@type\":\"ListItem\",\"position\":2,\"name\":\"La Maison de Bernarda Alba\"}]},{\"@type\":\"WebSite\",\"@id\":\"https:\/\/tna.dz\/fr\/#website\",\"url\":\"https:\/\/tna.dz\/fr\/\",\"name\":\"Th\u00e9\u00e2tre national alg\u00e9rien\",\"description\":\"Th\u00e9\u00e2tre national alg\u00e9rien Mahieddine Bachtarzi\",\"publisher\":{\"@id\":\"https:\/\/tna.dz\/fr\/#organization\"},\"potentialAction\":[{\"@type\":\"SearchAction\",\"target\":{\"@type\":\"EntryPoint\",\"urlTemplate\":\"https:\/\/tna.dz\/fr\/?s={search_term_string}\"},\"query-input\":\"required name=search_term_string\"}],\"inLanguage\":\"fr-FR\"},{\"@type\":\"Organization\",\"@id\":\"https:\/\/tna.dz\/fr\/#organization\",\"name\":\"Le Th\u00e9\u00e2tre national alg\u00e9rien\",\"url\":\"https:\/\/tna.dz\/fr\/\",\"logo\":{\"@type\":\"ImageObject\",\"inLanguage\":\"fr-FR\",\"@id\":\"https:\/\/tna.dz\/fr\/#\/schema\/logo\/image\/\",\"url\":\"https:\/\/www.tna.dz\/fr\/wp-content\/uploads\/2019\/11\/repertoire-tna-2018-2-1.png\",\"contentUrl\":\"https:\/\/www.tna.dz\/fr\/wp-content\/uploads\/2019\/11\/repertoire-tna-2018-2-1.png\",\"width\":200,\"height\":84,\"caption\":\"Le Th\u00e9\u00e2tre national alg\u00e9rien\"},\"image\":{\"@id\":\"https:\/\/tna.dz\/fr\/#\/schema\/logo\/image\/\"}},{\"@type\":\"Person\",\"@id\":\"https:\/\/tna.dz\/fr\/#\/schema\/person\/101481cc92bfc5def5711088d2a24632\",\"name\":\"omarAdmin\",\"image\":{\"@type\":\"ImageObject\",\"inLanguage\":\"fr-FR\",\"@id\":\"https:\/\/tna.dz\/fr\/#\/schema\/person\/image\/\",\"url\":\"https:\/\/secure.gravatar.com\/avatar\/2018ebac09ef03c2c32dd119d4429714?s=96&d=mm&r=g\",\"contentUrl\":\"https:\/\/secure.gravatar.com\/avatar\/2018ebac09ef03c2c32dd119d4429714?s=96&d=mm&r=g\",\"caption\":\"omarAdmin\"},\"url\":\"https:\/\/tna.dz\/fr\/author\/omaradmin\/\"}]}<\/script>\n<!-- \/ Yoast SEO plugin. -->","yoast_head_json":{"title":"La Maison de Bernarda Alba - Th\u00e9\u00e2tre national alg\u00e9rien","description":"Spectacle du Th\u00e9\u00e2tre National\u00a0 Alg\u00e9rien \u2013 28 mars 2007. FICHE TECHNIQUE\u00a0: Texte\u00a0: La Maison de Bernada Alba Auteur: Federico Garcia Lorca","robots":{"index":"index","follow":"follow","max-snippet":"max-snippet:-1","max-image-preview":"max-image-preview:large","max-video-preview":"max-video-preview:-1"},"canonical":"https:\/\/tna.dz\/fr\/la-maison-de-bernarda-alba-2\/","og_locale":"fr_FR","og_type":"article","og_title":"La Maison de Bernarda Alba - Th\u00e9\u00e2tre national alg\u00e9rien","og_description":"Spectacle du Th\u00e9\u00e2tre National\u00a0 Alg\u00e9rien \u2013 28 mars 2007. FICHE TECHNIQUE\u00a0: Texte\u00a0: La Maison de Bernada Alba Auteur: Federico Garcia Lorca","og_url":"https:\/\/tna.dz\/fr\/la-maison-de-bernarda-alba-2\/","og_site_name":"Th\u00e9\u00e2tre national alg\u00e9rien","article_published_time":"2019-08-05T17:57:50+00:00","article_modified_time":"2020-01-19T11:33:53+00:00","og_image":[{"url":"http:\/\/tna.dz\/fr\/wp-content\/uploads\/2019\/08\/La-Maison-de-Bernarda-Alba-rep-2007-1.jpg"}],"author":"omarAdmin","twitter_card":"summary_large_image","twitter_misc":{"\u00c9crit par":"omarAdmin","Dur\u00e9e de lecture estim\u00e9e":"2 minutes"},"schema":{"@context":"https:\/\/schema.org","@graph":[{"@type":"Article","@id":"https:\/\/tna.dz\/fr\/la-maison-de-bernarda-alba-2\/#article","isPartOf":{"@id":"https:\/\/tna.dz\/fr\/la-maison-de-bernarda-alba-2\/"},"author":{"name":"omarAdmin","@id":"https:\/\/tna.dz\/fr\/#\/schema\/person\/101481cc92bfc5def5711088d2a24632"},"headline":"La Maison de Bernarda Alba","datePublished":"2019-08-05T17:57:50+00:00","dateModified":"2020-01-19T11:33:53+00:00","mainEntityOfPage":{"@id":"https:\/\/tna.dz\/fr\/la-maison-de-bernarda-alba-2\/"},"wordCount":426,"publisher":{"@id":"https:\/\/tna.dz\/fr\/#organization"},"articleSection":["ann\u00e9e 2007","Pi\u00e8ces de th\u00e9\u00e2tre en 2000 - 2009"],"inLanguage":"fr-FR"},{"@type":"WebPage","@id":"https:\/\/tna.dz\/fr\/la-maison-de-bernarda-alba-2\/","url":"https:\/\/tna.dz\/fr\/la-maison-de-bernarda-alba-2\/","name":"La Maison de Bernarda Alba - Th\u00e9\u00e2tre national alg\u00e9rien","isPartOf":{"@id":"https:\/\/tna.dz\/fr\/#website"},"datePublished":"2019-08-05T17:57:50+00:00","dateModified":"2020-01-19T11:33:53+00:00","description":"Spectacle du Th\u00e9\u00e2tre National\u00a0 Alg\u00e9rien \u2013 28 mars 2007. FICHE TECHNIQUE\u00a0: Texte\u00a0: La Maison de Bernada Alba Auteur: Federico Garcia Lorca","breadcrumb":{"@id":"https:\/\/tna.dz\/fr\/la-maison-de-bernarda-alba-2\/#breadcrumb"},"inLanguage":"fr-FR","potentialAction":[{"@type":"ReadAction","target":["https:\/\/tna.dz\/fr\/la-maison-de-bernarda-alba-2\/"]}]},{"@type":"BreadcrumbList","@id":"https:\/\/tna.dz\/fr\/la-maison-de-bernarda-alba-2\/#breadcrumb","itemListElement":[{"@type":"ListItem","position":1,"name":"Accueil","item":"https:\/\/tna.dz\/fr\/"},{"@type":"ListItem","position":2,"name":"La Maison de Bernarda Alba"}]},{"@type":"WebSite","@id":"https:\/\/tna.dz\/fr\/#website","url":"https:\/\/tna.dz\/fr\/","name":"Th\u00e9\u00e2tre national alg\u00e9rien","description":"Th\u00e9\u00e2tre national alg\u00e9rien Mahieddine Bachtarzi","publisher":{"@id":"https:\/\/tna.dz\/fr\/#organization"},"potentialAction":[{"@type":"SearchAction","target":{"@type":"EntryPoint","urlTemplate":"https:\/\/tna.dz\/fr\/?s={search_term_string}"},"query-input":"required name=search_term_string"}],"inLanguage":"fr-FR"},{"@type":"Organization","@id":"https:\/\/tna.dz\/fr\/#organization","name":"Le Th\u00e9\u00e2tre national alg\u00e9rien","url":"https:\/\/tna.dz\/fr\/","logo":{"@type":"ImageObject","inLanguage":"fr-FR","@id":"https:\/\/tna.dz\/fr\/#\/schema\/logo\/image\/","url":"https:\/\/www.tna.dz\/fr\/wp-content\/uploads\/2019\/11\/repertoire-tna-2018-2-1.png","contentUrl":"https:\/\/www.tna.dz\/fr\/wp-content\/uploads\/2019\/11\/repertoire-tna-2018-2-1.png","width":200,"height":84,"caption":"Le Th\u00e9\u00e2tre national alg\u00e9rien"},"image":{"@id":"https:\/\/tna.dz\/fr\/#\/schema\/logo\/image\/"}},{"@type":"Person","@id":"https:\/\/tna.dz\/fr\/#\/schema\/person\/101481cc92bfc5def5711088d2a24632","name":"omarAdmin","image":{"@type":"ImageObject","inLanguage":"fr-FR","@id":"https:\/\/tna.dz\/fr\/#\/schema\/person\/image\/","url":"https:\/\/secure.gravatar.com\/avatar\/2018ebac09ef03c2c32dd119d4429714?s=96&d=mm&r=g","contentUrl":"https:\/\/secure.gravatar.com\/avatar\/2018ebac09ef03c2c32dd119d4429714?s=96&d=mm&r=g","caption":"omarAdmin"},"url":"https:\/\/tna.dz\/fr\/author\/omaradmin\/"}]}},"_links":{"self":[{"href":"https:\/\/tna.dz\/fr\/wp-json\/wp\/v2\/posts\/1265"}],"collection":[{"href":"https:\/\/tna.dz\/fr\/wp-json\/wp\/v2\/posts"}],"about":[{"href":"https:\/\/tna.dz\/fr\/wp-json\/wp\/v2\/types\/post"}],"author":[{"embeddable":true,"href":"https:\/\/tna.dz\/fr\/wp-json\/wp\/v2\/users\/1"}],"replies":[{"embeddable":true,"href":"https:\/\/tna.dz\/fr\/wp-json\/wp\/v2\/comments?post=1265"}],"version-history":[{"count":0,"href":"https:\/\/tna.dz\/fr\/wp-json\/wp\/v2\/posts\/1265\/revisions"}],"wp:attachment":[{"href":"https:\/\/tna.dz\/fr\/wp-json\/wp\/v2\/media?parent=1265"}],"wp:term":[{"taxonomy":"category","embeddable":true,"href":"https:\/\/tna.dz\/fr\/wp-json\/wp\/v2\/categories?post=1265"},{"taxonomy":"post_tag","embeddable":true,"href":"https:\/\/tna.dz\/fr\/wp-json\/wp\/v2\/tags?post=1265"}],"curies":[{"name":"wp","href":"https:\/\/api.w.org\/{rel}","templated":true}]}}