{"id":1283,"date":"2019-08-05T18:03:29","date_gmt":"2019-08-05T18:03:29","guid":{"rendered":"http:\/\/tna.dz\/fr\/?p=1283"},"modified":"2020-01-19T13:02:59","modified_gmt":"2020-01-19T13:02:59","slug":"arrajel-el-aeari-lhomme-nu","status":"publish","type":"post","link":"https:\/\/tna.dz\/fr\/arrajel-el-aeari-lhomme-nu\/","title":{"rendered":"Arrajel El-Aeari \/ (L\u2019Homme nu)"},"content":{"rendered":"<p><strong>Production du th\u00e9\u00e2tre nationale alg\u00e9rien -2009.<\/strong><\/p>\n<p><strong>FICHE TECHNIQUE<\/strong><\/p>\n<p><strong>\u0152uvre<\/strong> : Erradjoul El-Aeari<\/p>\n<p><strong>Auteur<\/strong> : Wadie Essamandre<\/p>\n<p><strong>Adaptateur et Metteur en sc\u00e8ne\u00a0<\/strong>: Belkacem\u00a0 Amar<\/p>\n<p><strong>D\u00e9cor Sc\u00e9nographie<\/strong>\u00a0: Mourad Bouchehir<\/p>\n<p><strong>Distribution<\/strong> : Sofiane Ben Attia, Kada Benchemissa, Ridha Takharriste, Yassine Za\u00efdi, Rezki Siouane, Hocine Benchemissa<\/p>\n<p><strong>R\u00e9sum\u00e9\u00a0: <\/strong><\/p>\n<p>La pi\u00e8ce th\u00e9\u00e2trale\u00a0 Errajel El-Aeari\u00a0 est\u00a0 \u00e9crite par Wadie Essamndre , adapt\u00e9e et mise en sc\u00e8ne par Belkacem Ammar.<\/p>\n<p>Wadih Esmandar a \u00e9crit sa pi\u00e8ce pour exprimer la souffrance individuelle et la popularit\u00e9 de l&rsquo;homme qui s&rsquo;\u00e9tait retrouv\u00e9 sans terre, sans foyer, sans identit\u00e9. Un \u00e9tranger qui p\u00e9n\u00e8tre dans la cour par force pendant\u00a0 que le proc\u00e8s est public renfermant la corporation de la justice et des personnes dont chacun attend son tour pour que son affaire soit \u00e9tudi\u00e9e\u2026Toutes affaires pourraient \u00eatre report\u00e9es \u00e0 cause de l\u2019homme non identifi\u00e9.<\/p>\n<p>&nbsp;<\/p>\n<p><img decoding=\"async\" loading=\"lazy\" class=\"aligncenter wp-image-2064 size-full\" src=\"http:\/\/tna.dz\/fr\/wp-content\/uploads\/2019\/08\/L\u2019Homme-nu-2009-1.jpg\" alt=\"\" width=\"800\" height=\"523\" srcset=\"https:\/\/tna.dz\/fr\/wp-content\/uploads\/2019\/08\/L\u2019Homme-nu-2009-1.jpg 800w, https:\/\/tna.dz\/fr\/wp-content\/uploads\/2019\/08\/L\u2019Homme-nu-2009-1-300x196.jpg 300w, https:\/\/tna.dz\/fr\/wp-content\/uploads\/2019\/08\/L\u2019Homme-nu-2009-1-768x502.jpg 768w\" sizes=\"(max-width: 800px) 100vw, 800px\" \/><\/p>\n","protected":false},"excerpt":{"rendered":"<p>Production du th\u00e9\u00e2tre nationale alg\u00e9rien -2009. FICHE TECHNIQUE \u0152uvre : Erradjoul El-Aeari Auteur : Wadie Essamandre Adaptateur et Metteur en sc\u00e8ne\u00a0: Belkacem\u00a0 Amar D\u00e9cor Sc\u00e9nographie\u00a0: Mourad Bouchehir Distribution : Sofiane Ben Attia, Kada Benchemissa, Ridha Takharriste, Yassine Za\u00efdi, Rezki Siouane, Hocine Benchemissa R\u00e9sum\u00e9\u00a0: La pi\u00e8ce th\u00e9\u00e2trale\u00a0 Errajel El-Aeari\u00a0 est\u00a0 \u00e9crite par Wadie Essamndre , adapt\u00e9e &hellip;<\/p>\n","protected":false},"author":1,"featured_media":0,"comment_status":"closed","ping_status":"closed","sticky":false,"template":"","format":"standard","meta":{"footnotes":""},"categories":[92,45],"tags":[],"yoast_head":"<!-- This site is optimized with the Yoast SEO plugin v21.2 - https:\/\/yoast.com\/wordpress\/plugins\/seo\/ -->\n<title>Arrajel El-Aeari \/ (L\u2019Homme nu) - Th\u00e9\u00e2tre national alg\u00e9rien<\/title>\n<meta name=\"description\" content=\"Production du th\u00e9\u00e2tre nationale alg\u00e9rien -2009. FICHE TECHNIQUE \u0152uvre : Erradjoul El-Aeari Auteur : Wadie Essamandre Adaptateur et Metteur en sc\u00e8ne\u00a0:\" \/>\n<meta name=\"robots\" content=\"index, follow, max-snippet:-1, max-image-preview:large, max-video-preview:-1\" \/>\n<link rel=\"canonical\" href=\"https:\/\/tna.dz\/fr\/arrajel-el-aeari-lhomme-nu\/\" \/>\n<meta property=\"og:locale\" content=\"fr_FR\" \/>\n<meta property=\"og:type\" content=\"article\" \/>\n<meta property=\"og:title\" content=\"Arrajel El-Aeari \/ (L\u2019Homme nu) - Th\u00e9\u00e2tre national alg\u00e9rien\" \/>\n<meta property=\"og:description\" content=\"Production du th\u00e9\u00e2tre nationale alg\u00e9rien -2009. FICHE TECHNIQUE \u0152uvre : Erradjoul El-Aeari Auteur : Wadie Essamandre Adaptateur et Metteur en sc\u00e8ne\u00a0:\" \/>\n<meta property=\"og:url\" content=\"https:\/\/tna.dz\/fr\/arrajel-el-aeari-lhomme-nu\/\" \/>\n<meta property=\"og:site_name\" content=\"Th\u00e9\u00e2tre national alg\u00e9rien\" \/>\n<meta property=\"article:published_time\" content=\"2019-08-05T18:03:29+00:00\" \/>\n<meta property=\"article:modified_time\" content=\"2020-01-19T13:02:59+00:00\" \/>\n<meta name=\"author\" content=\"omarAdmin\" \/>\n<meta name=\"twitter:card\" content=\"summary_large_image\" \/>\n<meta name=\"twitter:label1\" content=\"\u00c9crit par\" \/>\n\t<meta name=\"twitter:data1\" content=\"omarAdmin\" \/>\n\t<meta name=\"twitter:label2\" content=\"Dur\u00e9e de lecture estim\u00e9e\" \/>\n\t<meta name=\"twitter:data2\" content=\"1 minute\" \/>\n<script type=\"application\/ld+json\" class=\"yoast-schema-graph\">{\"@context\":\"https:\/\/schema.org\",\"@graph\":[{\"@type\":\"Article\",\"@id\":\"https:\/\/tna.dz\/fr\/arrajel-el-aeari-lhomme-nu\/#article\",\"isPartOf\":{\"@id\":\"https:\/\/tna.dz\/fr\/arrajel-el-aeari-lhomme-nu\/\"},\"author\":{\"name\":\"omarAdmin\",\"@id\":\"https:\/\/tna.dz\/fr\/#\/schema\/person\/101481cc92bfc5def5711088d2a24632\"},\"headline\":\"Arrajel El-Aeari \/ (L\u2019Homme nu)\",\"datePublished\":\"2019-08-05T18:03:29+00:00\",\"dateModified\":\"2020-01-19T13:02:59+00:00\",\"mainEntityOfPage\":{\"@id\":\"https:\/\/tna.dz\/fr\/arrajel-el-aeari-lhomme-nu\/\"},\"wordCount\":154,\"publisher\":{\"@id\":\"https:\/\/tna.dz\/fr\/#organization\"},\"articleSection\":[\"ann\u00e9e 2009\",\"Pi\u00e8ces de th\u00e9\u00e2tre en 2000 - 2009\"],\"inLanguage\":\"fr-FR\"},{\"@type\":\"WebPage\",\"@id\":\"https:\/\/tna.dz\/fr\/arrajel-el-aeari-lhomme-nu\/\",\"url\":\"https:\/\/tna.dz\/fr\/arrajel-el-aeari-lhomme-nu\/\",\"name\":\"Arrajel El-Aeari \/ (L\u2019Homme nu) - Th\u00e9\u00e2tre national alg\u00e9rien\",\"isPartOf\":{\"@id\":\"https:\/\/tna.dz\/fr\/#website\"},\"datePublished\":\"2019-08-05T18:03:29+00:00\",\"dateModified\":\"2020-01-19T13:02:59+00:00\",\"description\":\"Production du th\u00e9\u00e2tre nationale alg\u00e9rien -2009. FICHE TECHNIQUE \u0152uvre : Erradjoul El-Aeari Auteur : Wadie Essamandre Adaptateur et Metteur en sc\u00e8ne\u00a0:\",\"breadcrumb\":{\"@id\":\"https:\/\/tna.dz\/fr\/arrajel-el-aeari-lhomme-nu\/#breadcrumb\"},\"inLanguage\":\"fr-FR\",\"potentialAction\":[{\"@type\":\"ReadAction\",\"target\":[\"https:\/\/tna.dz\/fr\/arrajel-el-aeari-lhomme-nu\/\"]}]},{\"@type\":\"BreadcrumbList\",\"@id\":\"https:\/\/tna.dz\/fr\/arrajel-el-aeari-lhomme-nu\/#breadcrumb\",\"itemListElement\":[{\"@type\":\"ListItem\",\"position\":1,\"name\":\"Accueil\",\"item\":\"https:\/\/tna.dz\/fr\/\"},{\"@type\":\"ListItem\",\"position\":2,\"name\":\"Arrajel El-Aeari \/ (L\u2019Homme nu)\"}]},{\"@type\":\"WebSite\",\"@id\":\"https:\/\/tna.dz\/fr\/#website\",\"url\":\"https:\/\/tna.dz\/fr\/\",\"name\":\"Th\u00e9\u00e2tre national alg\u00e9rien\",\"description\":\"Th\u00e9\u00e2tre national alg\u00e9rien Mahieddine Bachtarzi\",\"publisher\":{\"@id\":\"https:\/\/tna.dz\/fr\/#organization\"},\"potentialAction\":[{\"@type\":\"SearchAction\",\"target\":{\"@type\":\"EntryPoint\",\"urlTemplate\":\"https:\/\/tna.dz\/fr\/?s={search_term_string}\"},\"query-input\":\"required name=search_term_string\"}],\"inLanguage\":\"fr-FR\"},{\"@type\":\"Organization\",\"@id\":\"https:\/\/tna.dz\/fr\/#organization\",\"name\":\"Le Th\u00e9\u00e2tre national alg\u00e9rien\",\"url\":\"https:\/\/tna.dz\/fr\/\",\"logo\":{\"@type\":\"ImageObject\",\"inLanguage\":\"fr-FR\",\"@id\":\"https:\/\/tna.dz\/fr\/#\/schema\/logo\/image\/\",\"url\":\"https:\/\/www.tna.dz\/fr\/wp-content\/uploads\/2019\/11\/repertoire-tna-2018-2-1.png\",\"contentUrl\":\"https:\/\/www.tna.dz\/fr\/wp-content\/uploads\/2019\/11\/repertoire-tna-2018-2-1.png\",\"width\":200,\"height\":84,\"caption\":\"Le Th\u00e9\u00e2tre national alg\u00e9rien\"},\"image\":{\"@id\":\"https:\/\/tna.dz\/fr\/#\/schema\/logo\/image\/\"}},{\"@type\":\"Person\",\"@id\":\"https:\/\/tna.dz\/fr\/#\/schema\/person\/101481cc92bfc5def5711088d2a24632\",\"name\":\"omarAdmin\",\"image\":{\"@type\":\"ImageObject\",\"inLanguage\":\"fr-FR\",\"@id\":\"https:\/\/tna.dz\/fr\/#\/schema\/person\/image\/\",\"url\":\"https:\/\/secure.gravatar.com\/avatar\/2018ebac09ef03c2c32dd119d4429714?s=96&d=mm&r=g\",\"contentUrl\":\"https:\/\/secure.gravatar.com\/avatar\/2018ebac09ef03c2c32dd119d4429714?s=96&d=mm&r=g\",\"caption\":\"omarAdmin\"},\"url\":\"https:\/\/tna.dz\/fr\/author\/omaradmin\/\"}]}<\/script>\n<!-- \/ Yoast SEO plugin. -->","yoast_head_json":{"title":"Arrajel El-Aeari \/ (L\u2019Homme nu) - Th\u00e9\u00e2tre national alg\u00e9rien","description":"Production du th\u00e9\u00e2tre nationale alg\u00e9rien -2009. FICHE TECHNIQUE \u0152uvre : Erradjoul El-Aeari Auteur : Wadie Essamandre Adaptateur et Metteur en sc\u00e8ne\u00a0:","robots":{"index":"index","follow":"follow","max-snippet":"max-snippet:-1","max-image-preview":"max-image-preview:large","max-video-preview":"max-video-preview:-1"},"canonical":"https:\/\/tna.dz\/fr\/arrajel-el-aeari-lhomme-nu\/","og_locale":"fr_FR","og_type":"article","og_title":"Arrajel El-Aeari \/ (L\u2019Homme nu) - Th\u00e9\u00e2tre national alg\u00e9rien","og_description":"Production du th\u00e9\u00e2tre nationale alg\u00e9rien -2009. FICHE TECHNIQUE \u0152uvre : Erradjoul El-Aeari Auteur : Wadie Essamandre Adaptateur et Metteur en sc\u00e8ne\u00a0:","og_url":"https:\/\/tna.dz\/fr\/arrajel-el-aeari-lhomme-nu\/","og_site_name":"Th\u00e9\u00e2tre national alg\u00e9rien","article_published_time":"2019-08-05T18:03:29+00:00","article_modified_time":"2020-01-19T13:02:59+00:00","author":"omarAdmin","twitter_card":"summary_large_image","twitter_misc":{"\u00c9crit par":"omarAdmin","Dur\u00e9e de lecture estim\u00e9e":"1 minute"},"schema":{"@context":"https:\/\/schema.org","@graph":[{"@type":"Article","@id":"https:\/\/tna.dz\/fr\/arrajel-el-aeari-lhomme-nu\/#article","isPartOf":{"@id":"https:\/\/tna.dz\/fr\/arrajel-el-aeari-lhomme-nu\/"},"author":{"name":"omarAdmin","@id":"https:\/\/tna.dz\/fr\/#\/schema\/person\/101481cc92bfc5def5711088d2a24632"},"headline":"Arrajel El-Aeari \/ (L\u2019Homme nu)","datePublished":"2019-08-05T18:03:29+00:00","dateModified":"2020-01-19T13:02:59+00:00","mainEntityOfPage":{"@id":"https:\/\/tna.dz\/fr\/arrajel-el-aeari-lhomme-nu\/"},"wordCount":154,"publisher":{"@id":"https:\/\/tna.dz\/fr\/#organization"},"articleSection":["ann\u00e9e 2009","Pi\u00e8ces de th\u00e9\u00e2tre en 2000 - 2009"],"inLanguage":"fr-FR"},{"@type":"WebPage","@id":"https:\/\/tna.dz\/fr\/arrajel-el-aeari-lhomme-nu\/","url":"https:\/\/tna.dz\/fr\/arrajel-el-aeari-lhomme-nu\/","name":"Arrajel El-Aeari \/ (L\u2019Homme nu) - Th\u00e9\u00e2tre national alg\u00e9rien","isPartOf":{"@id":"https:\/\/tna.dz\/fr\/#website"},"datePublished":"2019-08-05T18:03:29+00:00","dateModified":"2020-01-19T13:02:59+00:00","description":"Production du th\u00e9\u00e2tre nationale alg\u00e9rien -2009. FICHE TECHNIQUE \u0152uvre : Erradjoul El-Aeari Auteur : Wadie Essamandre Adaptateur et Metteur en sc\u00e8ne\u00a0:","breadcrumb":{"@id":"https:\/\/tna.dz\/fr\/arrajel-el-aeari-lhomme-nu\/#breadcrumb"},"inLanguage":"fr-FR","potentialAction":[{"@type":"ReadAction","target":["https:\/\/tna.dz\/fr\/arrajel-el-aeari-lhomme-nu\/"]}]},{"@type":"BreadcrumbList","@id":"https:\/\/tna.dz\/fr\/arrajel-el-aeari-lhomme-nu\/#breadcrumb","itemListElement":[{"@type":"ListItem","position":1,"name":"Accueil","item":"https:\/\/tna.dz\/fr\/"},{"@type":"ListItem","position":2,"name":"Arrajel El-Aeari \/ (L\u2019Homme nu)"}]},{"@type":"WebSite","@id":"https:\/\/tna.dz\/fr\/#website","url":"https:\/\/tna.dz\/fr\/","name":"Th\u00e9\u00e2tre national alg\u00e9rien","description":"Th\u00e9\u00e2tre national alg\u00e9rien Mahieddine Bachtarzi","publisher":{"@id":"https:\/\/tna.dz\/fr\/#organization"},"potentialAction":[{"@type":"SearchAction","target":{"@type":"EntryPoint","urlTemplate":"https:\/\/tna.dz\/fr\/?s={search_term_string}"},"query-input":"required name=search_term_string"}],"inLanguage":"fr-FR"},{"@type":"Organization","@id":"https:\/\/tna.dz\/fr\/#organization","name":"Le Th\u00e9\u00e2tre national alg\u00e9rien","url":"https:\/\/tna.dz\/fr\/","logo":{"@type":"ImageObject","inLanguage":"fr-FR","@id":"https:\/\/tna.dz\/fr\/#\/schema\/logo\/image\/","url":"https:\/\/www.tna.dz\/fr\/wp-content\/uploads\/2019\/11\/repertoire-tna-2018-2-1.png","contentUrl":"https:\/\/www.tna.dz\/fr\/wp-content\/uploads\/2019\/11\/repertoire-tna-2018-2-1.png","width":200,"height":84,"caption":"Le Th\u00e9\u00e2tre national alg\u00e9rien"},"image":{"@id":"https:\/\/tna.dz\/fr\/#\/schema\/logo\/image\/"}},{"@type":"Person","@id":"https:\/\/tna.dz\/fr\/#\/schema\/person\/101481cc92bfc5def5711088d2a24632","name":"omarAdmin","image":{"@type":"ImageObject","inLanguage":"fr-FR","@id":"https:\/\/tna.dz\/fr\/#\/schema\/person\/image\/","url":"https:\/\/secure.gravatar.com\/avatar\/2018ebac09ef03c2c32dd119d4429714?s=96&d=mm&r=g","contentUrl":"https:\/\/secure.gravatar.com\/avatar\/2018ebac09ef03c2c32dd119d4429714?s=96&d=mm&r=g","caption":"omarAdmin"},"url":"https:\/\/tna.dz\/fr\/author\/omaradmin\/"}]}},"_links":{"self":[{"href":"https:\/\/tna.dz\/fr\/wp-json\/wp\/v2\/posts\/1283"}],"collection":[{"href":"https:\/\/tna.dz\/fr\/wp-json\/wp\/v2\/posts"}],"about":[{"href":"https:\/\/tna.dz\/fr\/wp-json\/wp\/v2\/types\/post"}],"author":[{"embeddable":true,"href":"https:\/\/tna.dz\/fr\/wp-json\/wp\/v2\/users\/1"}],"replies":[{"embeddable":true,"href":"https:\/\/tna.dz\/fr\/wp-json\/wp\/v2\/comments?post=1283"}],"version-history":[{"count":0,"href":"https:\/\/tna.dz\/fr\/wp-json\/wp\/v2\/posts\/1283\/revisions"}],"wp:attachment":[{"href":"https:\/\/tna.dz\/fr\/wp-json\/wp\/v2\/media?parent=1283"}],"wp:term":[{"taxonomy":"category","embeddable":true,"href":"https:\/\/tna.dz\/fr\/wp-json\/wp\/v2\/categories?post=1283"},{"taxonomy":"post_tag","embeddable":true,"href":"https:\/\/tna.dz\/fr\/wp-json\/wp\/v2\/tags?post=1283"}],"curies":[{"name":"wp","href":"https:\/\/api.w.org\/{rel}","templated":true}]}}