{"id":1299,"date":"2019-08-05T18:16:11","date_gmt":"2019-08-05T18:16:11","guid":{"rendered":"http:\/\/tna.dz\/fr\/?p=1299"},"modified":"2020-01-19T13:17:43","modified_gmt":"2020-01-19T13:17:43","slug":"lou-kountafalastinian-si-tu-etais-palestinien","status":"publish","type":"post","link":"https:\/\/tna.dz\/fr\/lou-kountafalastinian-si-tu-etais-palestinien\/","title":{"rendered":"Lou Kounta Falastinian \/ Si tu \u00e9tais Palestinien"},"content":{"rendered":"<p><strong>Production du th\u00e9\u00e2tre nationale alg\u00e9rien 2009.<\/strong><\/p>\n<p><strong>FICHE TECHNIQUE<\/strong><\/p>\n<p><strong>Texte<\/strong> : Lou KountaFalastinian (Si tu \u00e9tais Palestinien) adapt\u00e9 du texte \u00e9pique \u00e9ponyme de l\u2019auteur syrien MamdouhAdwen<\/p>\n<p><strong>Adapt\u00e9 et metteur en sc\u00e8ne<\/strong> : Islam Mohamed Abbas<\/p>\n<p><strong>Sc\u00e9nographie<\/strong> : Hamza Djaballah<\/p>\n<p><strong>Distribution<\/strong> :Ouail Bouzida, Toufik Rabhi, Amir Mohamed Frik, Souad Cheikh Djawsouti et Imane Zimani<\/p>\n<p><strong>R\u00e9sum\u00e9\u00a0: <\/strong><\/p>\n<p>La pi\u00e8ce ,Si j\u2019\u00e9tais Palestinien,est\u00a0 mise en sc\u00e8ne par Islam Mohamed Abbas, sur une sc\u00e9nographie sign\u00e9e Hamza Djaballah\u00a0 et adapt\u00e9e du texte \u00e9pique \u00e9ponyme de l\u2019auteur syrien MamdouhAdwen, aborde la l\u00e9gitimit\u00e9 du combat du peuple palestinien, les m\u00e9thodes sournoises et martiales d\u2019Isra\u00ebl et la duplicit\u00e9 des instances internationales dans la r\u00e9solution du conflit.<\/p>\n<p>Toute la pi\u00e8ce se d\u00e9roule dans un site arch\u00e9ologique en Palestine. Accompagn\u00e9 ,de Sarah (Imane Zimane) et d\u2019un militaire sioniste (Amine Mohamed Frik), Mosh\u00e9 (Ouail Bouzid) un arch\u00e9ologue isra\u00e9lien est en train de faire des fouilles arch\u00e9ologiques pour prouver que la terre palestinienne appartient aux Isra\u00e9liens depuis des mill\u00e9naires, quand ils sont attaqu\u00e9s par un groupe de trois palestiniens pour les prendre en otage en contrepartie de la lib\u00e9ration de leurs compatriotes emprisonn\u00e9s. Pendant cette attaque, le soldat fran\u00e7ais est tu\u00e9 en tentant de se sauver. Quant \u00e0 la r\u00e9sistante palestinienne Fatima (Souad Cheikh Djawsouti) elle\u00a0 est bless\u00e9e. Durant tout ce huis clos, qui oppose \u00abfiday\u00een\u00bb palestiniens et Isra\u00e9liens, ou l\u2019ultimatum, un d\u00e9bat s\u2019instaure entre Moshe, Sarah et les Palestiniens.<\/p>\n<p>Au cours de la discussion, un litige \u00e9clate entre le chef du groupe Yagmour (Toufik Rabhi) et son compatriote Fethi (Amir Mohamed Frik), mettant sur le devant de la sc\u00e8ne les divisions au sein de la r\u00e9sistance palestinienne. En filigrane, la pi\u00e8ce d\u00e9voile \u00e9galement le r\u00f4le des m\u00e9dias et de leur parti pris dans ce conflit. Quant \u00e0 l\u2019hypocrisie des hautes instances internationales, elle est illustr\u00e9e par le n\u00e9gociateur, manipul\u00e9 par les sionistes. La pi\u00e8ce se cl\u00f4t par\u00a0 l\u2019assaut de l\u2019arm\u00e9e sioniste.<\/p>\n<p>&nbsp;<\/p>\n<figure id=\"attachment_2069\" aria-describedby=\"caption-attachment-2069\" style=\"width: 800px\" class=\"wp-caption aligncenter\"><img decoding=\"async\" loading=\"lazy\" class=\"wp-image-2069 size-full\" src=\"http:\/\/tna.dz\/fr\/wp-content\/uploads\/2019\/08\/Laou-kounta-filastinien.jpg\" alt=\"\" width=\"800\" height=\"523\" srcset=\"https:\/\/tna.dz\/fr\/wp-content\/uploads\/2019\/08\/Laou-kounta-filastinien.jpg 800w, https:\/\/tna.dz\/fr\/wp-content\/uploads\/2019\/08\/Laou-kounta-filastinien-300x196.jpg 300w, https:\/\/tna.dz\/fr\/wp-content\/uploads\/2019\/08\/Laou-kounta-filastinien-768x502.jpg 768w\" sizes=\"(max-width: 800px) 100vw, 800px\" \/><figcaption id=\"caption-attachment-2069\" class=\"wp-caption-text\">SONY DSC<\/figcaption><\/figure>\n","protected":false},"excerpt":{"rendered":"<p>Production du th\u00e9\u00e2tre nationale alg\u00e9rien 2009. FICHE TECHNIQUE Texte : Lou KountaFalastinian (Si tu \u00e9tais Palestinien) adapt\u00e9 du texte \u00e9pique \u00e9ponyme de l\u2019auteur syrien MamdouhAdwen Adapt\u00e9 et metteur en sc\u00e8ne : Islam Mohamed Abbas Sc\u00e9nographie : Hamza Djaballah Distribution :Ouail Bouzida, Toufik Rabhi, Amir Mohamed Frik, Souad Cheikh Djawsouti et Imane Zimani R\u00e9sum\u00e9\u00a0: La pi\u00e8ce &hellip;<\/p>\n","protected":false},"author":1,"featured_media":0,"comment_status":"closed","ping_status":"closed","sticky":false,"template":"","format":"standard","meta":{"footnotes":""},"categories":[92,45],"tags":[],"yoast_head":"<!-- This site is optimized with the Yoast SEO plugin v21.2 - https:\/\/yoast.com\/wordpress\/plugins\/seo\/ -->\n<title>Lou Kounta Falastinian \/ Si tu \u00e9tais Palestinien - Th\u00e9\u00e2tre national alg\u00e9rien<\/title>\n<meta name=\"description\" content=\"Production du th\u00e9\u00e2tre nationale alg\u00e9rien 2009. FICHE TECHNIQUE Texte : Lou KountaFalastinian (Si tu \u00e9tais Palestinien) adapt\u00e9 du texte \u00e9pique \u00e9ponyme de\" \/>\n<meta name=\"robots\" content=\"index, follow, max-snippet:-1, max-image-preview:large, max-video-preview:-1\" \/>\n<link rel=\"canonical\" href=\"https:\/\/tna.dz\/fr\/lou-kountafalastinian-si-tu-etais-palestinien\/\" \/>\n<meta property=\"og:locale\" content=\"fr_FR\" \/>\n<meta property=\"og:type\" content=\"article\" \/>\n<meta property=\"og:title\" content=\"Lou Kounta Falastinian \/ Si tu \u00e9tais Palestinien - Th\u00e9\u00e2tre national alg\u00e9rien\" \/>\n<meta property=\"og:description\" content=\"Production du th\u00e9\u00e2tre nationale alg\u00e9rien 2009. FICHE TECHNIQUE Texte : Lou KountaFalastinian (Si tu \u00e9tais Palestinien) adapt\u00e9 du texte \u00e9pique \u00e9ponyme de\" \/>\n<meta property=\"og:url\" content=\"https:\/\/tna.dz\/fr\/lou-kountafalastinian-si-tu-etais-palestinien\/\" \/>\n<meta property=\"og:site_name\" content=\"Th\u00e9\u00e2tre national alg\u00e9rien\" \/>\n<meta property=\"article:published_time\" content=\"2019-08-05T18:16:11+00:00\" \/>\n<meta property=\"article:modified_time\" content=\"2020-01-19T13:17:43+00:00\" \/>\n<meta property=\"og:image\" content=\"http:\/\/tna.dz\/fr\/wp-content\/uploads\/2019\/08\/Laou-kounta-filastinien.jpg\" \/>\n<meta name=\"author\" content=\"omarAdmin\" \/>\n<meta name=\"twitter:card\" content=\"summary_large_image\" \/>\n<meta name=\"twitter:label1\" content=\"\u00c9crit par\" \/>\n\t<meta name=\"twitter:data1\" content=\"omarAdmin\" \/>\n\t<meta name=\"twitter:label2\" content=\"Dur\u00e9e de lecture estim\u00e9e\" \/>\n\t<meta name=\"twitter:data2\" content=\"2 minutes\" \/>\n<script type=\"application\/ld+json\" class=\"yoast-schema-graph\">{\"@context\":\"https:\/\/schema.org\",\"@graph\":[{\"@type\":\"Article\",\"@id\":\"https:\/\/tna.dz\/fr\/lou-kountafalastinian-si-tu-etais-palestinien\/#article\",\"isPartOf\":{\"@id\":\"https:\/\/tna.dz\/fr\/lou-kountafalastinian-si-tu-etais-palestinien\/\"},\"author\":{\"name\":\"omarAdmin\",\"@id\":\"https:\/\/tna.dz\/fr\/#\/schema\/person\/101481cc92bfc5def5711088d2a24632\"},\"headline\":\"Lou Kounta Falastinian \/ Si tu \u00e9tais Palestinien\",\"datePublished\":\"2019-08-05T18:16:11+00:00\",\"dateModified\":\"2020-01-19T13:17:43+00:00\",\"mainEntityOfPage\":{\"@id\":\"https:\/\/tna.dz\/fr\/lou-kountafalastinian-si-tu-etais-palestinien\/\"},\"wordCount\":372,\"publisher\":{\"@id\":\"https:\/\/tna.dz\/fr\/#organization\"},\"articleSection\":[\"ann\u00e9e 2009\",\"Pi\u00e8ces de th\u00e9\u00e2tre en 2000 - 2009\"],\"inLanguage\":\"fr-FR\"},{\"@type\":\"WebPage\",\"@id\":\"https:\/\/tna.dz\/fr\/lou-kountafalastinian-si-tu-etais-palestinien\/\",\"url\":\"https:\/\/tna.dz\/fr\/lou-kountafalastinian-si-tu-etais-palestinien\/\",\"name\":\"Lou Kounta Falastinian \/ Si tu \u00e9tais Palestinien - Th\u00e9\u00e2tre national alg\u00e9rien\",\"isPartOf\":{\"@id\":\"https:\/\/tna.dz\/fr\/#website\"},\"datePublished\":\"2019-08-05T18:16:11+00:00\",\"dateModified\":\"2020-01-19T13:17:43+00:00\",\"description\":\"Production du th\u00e9\u00e2tre nationale alg\u00e9rien 2009. FICHE TECHNIQUE Texte : Lou KountaFalastinian (Si tu \u00e9tais Palestinien) adapt\u00e9 du texte \u00e9pique \u00e9ponyme de\",\"breadcrumb\":{\"@id\":\"https:\/\/tna.dz\/fr\/lou-kountafalastinian-si-tu-etais-palestinien\/#breadcrumb\"},\"inLanguage\":\"fr-FR\",\"potentialAction\":[{\"@type\":\"ReadAction\",\"target\":[\"https:\/\/tna.dz\/fr\/lou-kountafalastinian-si-tu-etais-palestinien\/\"]}]},{\"@type\":\"BreadcrumbList\",\"@id\":\"https:\/\/tna.dz\/fr\/lou-kountafalastinian-si-tu-etais-palestinien\/#breadcrumb\",\"itemListElement\":[{\"@type\":\"ListItem\",\"position\":1,\"name\":\"Accueil\",\"item\":\"https:\/\/tna.dz\/fr\/\"},{\"@type\":\"ListItem\",\"position\":2,\"name\":\"Lou Kounta Falastinian \/ Si tu \u00e9tais Palestinien\"}]},{\"@type\":\"WebSite\",\"@id\":\"https:\/\/tna.dz\/fr\/#website\",\"url\":\"https:\/\/tna.dz\/fr\/\",\"name\":\"Th\u00e9\u00e2tre national alg\u00e9rien\",\"description\":\"Th\u00e9\u00e2tre national alg\u00e9rien Mahieddine Bachtarzi\",\"publisher\":{\"@id\":\"https:\/\/tna.dz\/fr\/#organization\"},\"potentialAction\":[{\"@type\":\"SearchAction\",\"target\":{\"@type\":\"EntryPoint\",\"urlTemplate\":\"https:\/\/tna.dz\/fr\/?s={search_term_string}\"},\"query-input\":\"required name=search_term_string\"}],\"inLanguage\":\"fr-FR\"},{\"@type\":\"Organization\",\"@id\":\"https:\/\/tna.dz\/fr\/#organization\",\"name\":\"Le Th\u00e9\u00e2tre national alg\u00e9rien\",\"url\":\"https:\/\/tna.dz\/fr\/\",\"logo\":{\"@type\":\"ImageObject\",\"inLanguage\":\"fr-FR\",\"@id\":\"https:\/\/tna.dz\/fr\/#\/schema\/logo\/image\/\",\"url\":\"https:\/\/www.tna.dz\/fr\/wp-content\/uploads\/2019\/11\/repertoire-tna-2018-2-1.png\",\"contentUrl\":\"https:\/\/www.tna.dz\/fr\/wp-content\/uploads\/2019\/11\/repertoire-tna-2018-2-1.png\",\"width\":200,\"height\":84,\"caption\":\"Le Th\u00e9\u00e2tre national alg\u00e9rien\"},\"image\":{\"@id\":\"https:\/\/tna.dz\/fr\/#\/schema\/logo\/image\/\"}},{\"@type\":\"Person\",\"@id\":\"https:\/\/tna.dz\/fr\/#\/schema\/person\/101481cc92bfc5def5711088d2a24632\",\"name\":\"omarAdmin\",\"image\":{\"@type\":\"ImageObject\",\"inLanguage\":\"fr-FR\",\"@id\":\"https:\/\/tna.dz\/fr\/#\/schema\/person\/image\/\",\"url\":\"https:\/\/secure.gravatar.com\/avatar\/2018ebac09ef03c2c32dd119d4429714?s=96&d=mm&r=g\",\"contentUrl\":\"https:\/\/secure.gravatar.com\/avatar\/2018ebac09ef03c2c32dd119d4429714?s=96&d=mm&r=g\",\"caption\":\"omarAdmin\"},\"url\":\"https:\/\/tna.dz\/fr\/author\/omaradmin\/\"}]}<\/script>\n<!-- \/ Yoast SEO plugin. -->","yoast_head_json":{"title":"Lou Kounta Falastinian \/ Si tu \u00e9tais Palestinien - Th\u00e9\u00e2tre national alg\u00e9rien","description":"Production du th\u00e9\u00e2tre nationale alg\u00e9rien 2009. FICHE TECHNIQUE Texte : Lou KountaFalastinian (Si tu \u00e9tais Palestinien) adapt\u00e9 du texte \u00e9pique \u00e9ponyme de","robots":{"index":"index","follow":"follow","max-snippet":"max-snippet:-1","max-image-preview":"max-image-preview:large","max-video-preview":"max-video-preview:-1"},"canonical":"https:\/\/tna.dz\/fr\/lou-kountafalastinian-si-tu-etais-palestinien\/","og_locale":"fr_FR","og_type":"article","og_title":"Lou Kounta Falastinian \/ Si tu \u00e9tais Palestinien - Th\u00e9\u00e2tre national alg\u00e9rien","og_description":"Production du th\u00e9\u00e2tre nationale alg\u00e9rien 2009. FICHE TECHNIQUE Texte : Lou KountaFalastinian (Si tu \u00e9tais Palestinien) adapt\u00e9 du texte \u00e9pique \u00e9ponyme de","og_url":"https:\/\/tna.dz\/fr\/lou-kountafalastinian-si-tu-etais-palestinien\/","og_site_name":"Th\u00e9\u00e2tre national alg\u00e9rien","article_published_time":"2019-08-05T18:16:11+00:00","article_modified_time":"2020-01-19T13:17:43+00:00","og_image":[{"url":"http:\/\/tna.dz\/fr\/wp-content\/uploads\/2019\/08\/Laou-kounta-filastinien.jpg"}],"author":"omarAdmin","twitter_card":"summary_large_image","twitter_misc":{"\u00c9crit par":"omarAdmin","Dur\u00e9e de lecture estim\u00e9e":"2 minutes"},"schema":{"@context":"https:\/\/schema.org","@graph":[{"@type":"Article","@id":"https:\/\/tna.dz\/fr\/lou-kountafalastinian-si-tu-etais-palestinien\/#article","isPartOf":{"@id":"https:\/\/tna.dz\/fr\/lou-kountafalastinian-si-tu-etais-palestinien\/"},"author":{"name":"omarAdmin","@id":"https:\/\/tna.dz\/fr\/#\/schema\/person\/101481cc92bfc5def5711088d2a24632"},"headline":"Lou Kounta Falastinian \/ Si tu \u00e9tais Palestinien","datePublished":"2019-08-05T18:16:11+00:00","dateModified":"2020-01-19T13:17:43+00:00","mainEntityOfPage":{"@id":"https:\/\/tna.dz\/fr\/lou-kountafalastinian-si-tu-etais-palestinien\/"},"wordCount":372,"publisher":{"@id":"https:\/\/tna.dz\/fr\/#organization"},"articleSection":["ann\u00e9e 2009","Pi\u00e8ces de th\u00e9\u00e2tre en 2000 - 2009"],"inLanguage":"fr-FR"},{"@type":"WebPage","@id":"https:\/\/tna.dz\/fr\/lou-kountafalastinian-si-tu-etais-palestinien\/","url":"https:\/\/tna.dz\/fr\/lou-kountafalastinian-si-tu-etais-palestinien\/","name":"Lou Kounta Falastinian \/ Si tu \u00e9tais Palestinien - Th\u00e9\u00e2tre national alg\u00e9rien","isPartOf":{"@id":"https:\/\/tna.dz\/fr\/#website"},"datePublished":"2019-08-05T18:16:11+00:00","dateModified":"2020-01-19T13:17:43+00:00","description":"Production du th\u00e9\u00e2tre nationale alg\u00e9rien 2009. FICHE TECHNIQUE Texte : Lou KountaFalastinian (Si tu \u00e9tais Palestinien) adapt\u00e9 du texte \u00e9pique \u00e9ponyme de","breadcrumb":{"@id":"https:\/\/tna.dz\/fr\/lou-kountafalastinian-si-tu-etais-palestinien\/#breadcrumb"},"inLanguage":"fr-FR","potentialAction":[{"@type":"ReadAction","target":["https:\/\/tna.dz\/fr\/lou-kountafalastinian-si-tu-etais-palestinien\/"]}]},{"@type":"BreadcrumbList","@id":"https:\/\/tna.dz\/fr\/lou-kountafalastinian-si-tu-etais-palestinien\/#breadcrumb","itemListElement":[{"@type":"ListItem","position":1,"name":"Accueil","item":"https:\/\/tna.dz\/fr\/"},{"@type":"ListItem","position":2,"name":"Lou Kounta Falastinian \/ Si tu \u00e9tais Palestinien"}]},{"@type":"WebSite","@id":"https:\/\/tna.dz\/fr\/#website","url":"https:\/\/tna.dz\/fr\/","name":"Th\u00e9\u00e2tre national alg\u00e9rien","description":"Th\u00e9\u00e2tre national alg\u00e9rien Mahieddine Bachtarzi","publisher":{"@id":"https:\/\/tna.dz\/fr\/#organization"},"potentialAction":[{"@type":"SearchAction","target":{"@type":"EntryPoint","urlTemplate":"https:\/\/tna.dz\/fr\/?s={search_term_string}"},"query-input":"required name=search_term_string"}],"inLanguage":"fr-FR"},{"@type":"Organization","@id":"https:\/\/tna.dz\/fr\/#organization","name":"Le Th\u00e9\u00e2tre national alg\u00e9rien","url":"https:\/\/tna.dz\/fr\/","logo":{"@type":"ImageObject","inLanguage":"fr-FR","@id":"https:\/\/tna.dz\/fr\/#\/schema\/logo\/image\/","url":"https:\/\/www.tna.dz\/fr\/wp-content\/uploads\/2019\/11\/repertoire-tna-2018-2-1.png","contentUrl":"https:\/\/www.tna.dz\/fr\/wp-content\/uploads\/2019\/11\/repertoire-tna-2018-2-1.png","width":200,"height":84,"caption":"Le Th\u00e9\u00e2tre national alg\u00e9rien"},"image":{"@id":"https:\/\/tna.dz\/fr\/#\/schema\/logo\/image\/"}},{"@type":"Person","@id":"https:\/\/tna.dz\/fr\/#\/schema\/person\/101481cc92bfc5def5711088d2a24632","name":"omarAdmin","image":{"@type":"ImageObject","inLanguage":"fr-FR","@id":"https:\/\/tna.dz\/fr\/#\/schema\/person\/image\/","url":"https:\/\/secure.gravatar.com\/avatar\/2018ebac09ef03c2c32dd119d4429714?s=96&d=mm&r=g","contentUrl":"https:\/\/secure.gravatar.com\/avatar\/2018ebac09ef03c2c32dd119d4429714?s=96&d=mm&r=g","caption":"omarAdmin"},"url":"https:\/\/tna.dz\/fr\/author\/omaradmin\/"}]}},"_links":{"self":[{"href":"https:\/\/tna.dz\/fr\/wp-json\/wp\/v2\/posts\/1299"}],"collection":[{"href":"https:\/\/tna.dz\/fr\/wp-json\/wp\/v2\/posts"}],"about":[{"href":"https:\/\/tna.dz\/fr\/wp-json\/wp\/v2\/types\/post"}],"author":[{"embeddable":true,"href":"https:\/\/tna.dz\/fr\/wp-json\/wp\/v2\/users\/1"}],"replies":[{"embeddable":true,"href":"https:\/\/tna.dz\/fr\/wp-json\/wp\/v2\/comments?post=1299"}],"version-history":[{"count":0,"href":"https:\/\/tna.dz\/fr\/wp-json\/wp\/v2\/posts\/1299\/revisions"}],"wp:attachment":[{"href":"https:\/\/tna.dz\/fr\/wp-json\/wp\/v2\/media?parent=1299"}],"wp:term":[{"taxonomy":"category","embeddable":true,"href":"https:\/\/tna.dz\/fr\/wp-json\/wp\/v2\/categories?post=1299"},{"taxonomy":"post_tag","embeddable":true,"href":"https:\/\/tna.dz\/fr\/wp-json\/wp\/v2\/tags?post=1299"}],"curies":[{"name":"wp","href":"https:\/\/api.w.org\/{rel}","templated":true}]}}