{"id":1325,"date":"2019-08-05T18:25:03","date_gmt":"2019-08-05T18:25:03","guid":{"rendered":"http:\/\/tna.dz\/fr\/?p=1325"},"modified":"2020-01-19T16:41:30","modified_gmt":"2020-01-19T16:41:30","slug":"asfarane-nar-el-barda","status":"publish","type":"post","link":"https:\/\/tna.dz\/fr\/asfarane-nar-el-barda\/","title":{"rendered":"Asfarane nar el-barda"},"content":{"rendered":"<p><strong>Production du th\u00e9\u00e2tre nationale alg\u00e9rien -2012<\/strong><\/p>\n<p><strong>FICHE TECHNIQUE\u00a0:<\/strong><\/p>\n<p><strong>\u0152uvre<\/strong>:\u00a0\u00a0 Asfrane Nar el-barda<\/p>\n<p><strong>Auteur\u00a0<\/strong>:\u00a0 Said Hamoudi<\/p>\n<p><strong>Adaptation<\/strong> :<\/p>\n<p><strong>Mise en sc\u00e8ne et \u00a0sc\u00e9nographie<\/strong>:\u00a0\u00a0 Ha\u00efder Benhacine<\/p>\n<p><strong>Musique\u00a0<\/strong>: Hac\u00e8ne Lamamra<\/p>\n<p><strong>Distribution\u00a0<\/strong>:\u00a0\u00a0 Amed Menghad, Samia Meziane, Hafitha Benrazi, Ibrahim Djaballah, Ahmed Dahem, Mohamed Amine Boussaad, Sallem A\u00eft El-Had<\/p>\n<div id='gallery-1' class='gallery galleryid-1325 gallery-columns-2 gallery-size-medium'><figure class='gallery-item'>\n\t\t\t<div class='gallery-icon portrait'>\n\t\t\t\t<a href='https:\/\/tna.dz\/fr\/wp-content\/uploads\/2019\/08\/asfar-ennar-elbarida-tna-01.jpg'><img width=\"196\" height=\"300\" src=\"https:\/\/tna.dz\/fr\/wp-content\/uploads\/2019\/08\/asfar-ennar-elbarida-tna-01-196x300.jpg\" class=\"attachment-medium size-medium\" alt=\"\" decoding=\"async\" loading=\"lazy\" srcset=\"https:\/\/tna.dz\/fr\/wp-content\/uploads\/2019\/08\/asfar-ennar-elbarida-tna-01-196x300.jpg 196w, https:\/\/tna.dz\/fr\/wp-content\/uploads\/2019\/08\/asfar-ennar-elbarida-tna-01.jpg 523w\" sizes=\"(max-width: 196px) 100vw, 196px\" \/><\/a>\n\t\t\t<\/div><\/figure><figure class='gallery-item'>\n\t\t\t<div class='gallery-icon portrait'>\n\t\t\t\t<a href='https:\/\/tna.dz\/fr\/wp-content\/uploads\/2019\/08\/asfar-ennar-elbarida-tna-02.jpg'><img width=\"196\" height=\"300\" src=\"https:\/\/tna.dz\/fr\/wp-content\/uploads\/2019\/08\/asfar-ennar-elbarida-tna-02-196x300.jpg\" class=\"attachment-medium size-medium\" alt=\"\" decoding=\"async\" loading=\"lazy\" srcset=\"https:\/\/tna.dz\/fr\/wp-content\/uploads\/2019\/08\/asfar-ennar-elbarida-tna-02-196x300.jpg 196w, https:\/\/tna.dz\/fr\/wp-content\/uploads\/2019\/08\/asfar-ennar-elbarida-tna-02.jpg 523w\" sizes=\"(max-width: 196px) 100vw, 196px\" \/><\/a>\n\t\t\t<\/div><\/figure>\n\t\t<\/div>\n\n","protected":false},"excerpt":{"rendered":"<p>Production du th\u00e9\u00e2tre nationale alg\u00e9rien -2012 FICHE TECHNIQUE\u00a0: \u0152uvre:\u00a0\u00a0 Asfrane Nar el-barda Auteur\u00a0:\u00a0 Said Hamoudi Adaptation : Mise en sc\u00e8ne et \u00a0sc\u00e9nographie:\u00a0\u00a0 Ha\u00efder Benhacine Musique\u00a0: Hac\u00e8ne Lamamra Distribution\u00a0:\u00a0\u00a0 Amed Menghad, Samia Meziane, Hafitha Benrazi, Ibrahim Djaballah, Ahmed Dahem, Mohamed Amine Boussaad, Sallem A\u00eft El-Had<\/p>\n","protected":false},"author":1,"featured_media":0,"comment_status":"closed","ping_status":"closed","sticky":false,"template":"","format":"standard","meta":{"footnotes":""},"categories":[95,46],"tags":[],"yoast_head":"<!-- This site is optimized with the Yoast SEO plugin v21.2 - https:\/\/yoast.com\/wordpress\/plugins\/seo\/ -->\n<title>Asfarane nar el-barda - Th\u00e9\u00e2tre national alg\u00e9rien<\/title>\n<meta name=\"description\" content=\"Production du th\u00e9\u00e2tre nationale alg\u00e9rien -2012 FICHE TECHNIQUE\u00a0: \u0152uvre:\u00a0\u00a0 Asfrane Nar el-barda Auteur\u00a0:\u00a0 Said Hamoudi Adaptation : Mise en sc\u00e8ne et\" \/>\n<meta name=\"robots\" content=\"index, follow, max-snippet:-1, max-image-preview:large, max-video-preview:-1\" \/>\n<link rel=\"canonical\" href=\"https:\/\/tna.dz\/fr\/asfarane-nar-el-barda\/\" \/>\n<meta property=\"og:locale\" content=\"fr_FR\" \/>\n<meta property=\"og:type\" content=\"article\" \/>\n<meta property=\"og:title\" content=\"Asfarane nar el-barda - Th\u00e9\u00e2tre national alg\u00e9rien\" \/>\n<meta property=\"og:description\" content=\"Production du th\u00e9\u00e2tre nationale alg\u00e9rien -2012 FICHE TECHNIQUE\u00a0: \u0152uvre:\u00a0\u00a0 Asfrane Nar el-barda Auteur\u00a0:\u00a0 Said Hamoudi Adaptation : Mise en sc\u00e8ne et\" \/>\n<meta property=\"og:url\" content=\"https:\/\/tna.dz\/fr\/asfarane-nar-el-barda\/\" \/>\n<meta property=\"og:site_name\" content=\"Th\u00e9\u00e2tre national alg\u00e9rien\" \/>\n<meta property=\"article:published_time\" content=\"2019-08-05T18:25:03+00:00\" \/>\n<meta property=\"article:modified_time\" content=\"2020-01-19T16:41:30+00:00\" \/>\n<meta property=\"og:image\" content=\"https:\/\/tna.dz\/fr\/wp-content\/uploads\/2019\/08\/asfar-ennar-elbarida-tna-01-196x300.jpg\" \/>\n<meta name=\"author\" content=\"omarAdmin\" \/>\n<meta name=\"twitter:card\" content=\"summary_large_image\" \/>\n<meta name=\"twitter:label1\" content=\"\u00c9crit par\" \/>\n\t<meta name=\"twitter:data1\" content=\"omarAdmin\" \/>\n<script type=\"application\/ld+json\" class=\"yoast-schema-graph\">{\"@context\":\"https:\/\/schema.org\",\"@graph\":[{\"@type\":\"Article\",\"@id\":\"https:\/\/tna.dz\/fr\/asfarane-nar-el-barda\/#article\",\"isPartOf\":{\"@id\":\"https:\/\/tna.dz\/fr\/asfarane-nar-el-barda\/\"},\"author\":{\"name\":\"omarAdmin\",\"@id\":\"https:\/\/tna.dz\/fr\/#\/schema\/person\/101481cc92bfc5def5711088d2a24632\"},\"headline\":\"Asfarane nar el-barda\",\"datePublished\":\"2019-08-05T18:25:03+00:00\",\"dateModified\":\"2020-01-19T16:41:30+00:00\",\"mainEntityOfPage\":{\"@id\":\"https:\/\/tna.dz\/fr\/asfarane-nar-el-barda\/\"},\"wordCount\":60,\"publisher\":{\"@id\":\"https:\/\/tna.dz\/fr\/#organization\"},\"articleSection\":[\"ann\u00e9e 2012\",\"Pi\u00e8ces de th\u00e9\u00e2tre en 2010 - 2019\"],\"inLanguage\":\"fr-FR\"},{\"@type\":\"WebPage\",\"@id\":\"https:\/\/tna.dz\/fr\/asfarane-nar-el-barda\/\",\"url\":\"https:\/\/tna.dz\/fr\/asfarane-nar-el-barda\/\",\"name\":\"Asfarane nar el-barda - Th\u00e9\u00e2tre national alg\u00e9rien\",\"isPartOf\":{\"@id\":\"https:\/\/tna.dz\/fr\/#website\"},\"datePublished\":\"2019-08-05T18:25:03+00:00\",\"dateModified\":\"2020-01-19T16:41:30+00:00\",\"description\":\"Production du th\u00e9\u00e2tre nationale alg\u00e9rien -2012 FICHE TECHNIQUE\u00a0: \u0152uvre:\u00a0\u00a0 Asfrane Nar el-barda Auteur\u00a0:\u00a0 Said Hamoudi Adaptation : Mise en sc\u00e8ne et\",\"breadcrumb\":{\"@id\":\"https:\/\/tna.dz\/fr\/asfarane-nar-el-barda\/#breadcrumb\"},\"inLanguage\":\"fr-FR\",\"potentialAction\":[{\"@type\":\"ReadAction\",\"target\":[\"https:\/\/tna.dz\/fr\/asfarane-nar-el-barda\/\"]}]},{\"@type\":\"BreadcrumbList\",\"@id\":\"https:\/\/tna.dz\/fr\/asfarane-nar-el-barda\/#breadcrumb\",\"itemListElement\":[{\"@type\":\"ListItem\",\"position\":1,\"name\":\"Accueil\",\"item\":\"https:\/\/tna.dz\/fr\/\"},{\"@type\":\"ListItem\",\"position\":2,\"name\":\"Asfarane nar el-barda\"}]},{\"@type\":\"WebSite\",\"@id\":\"https:\/\/tna.dz\/fr\/#website\",\"url\":\"https:\/\/tna.dz\/fr\/\",\"name\":\"Th\u00e9\u00e2tre national alg\u00e9rien\",\"description\":\"Th\u00e9\u00e2tre national alg\u00e9rien Mahieddine Bachtarzi\",\"publisher\":{\"@id\":\"https:\/\/tna.dz\/fr\/#organization\"},\"potentialAction\":[{\"@type\":\"SearchAction\",\"target\":{\"@type\":\"EntryPoint\",\"urlTemplate\":\"https:\/\/tna.dz\/fr\/?s={search_term_string}\"},\"query-input\":\"required name=search_term_string\"}],\"inLanguage\":\"fr-FR\"},{\"@type\":\"Organization\",\"@id\":\"https:\/\/tna.dz\/fr\/#organization\",\"name\":\"Le Th\u00e9\u00e2tre national alg\u00e9rien\",\"url\":\"https:\/\/tna.dz\/fr\/\",\"logo\":{\"@type\":\"ImageObject\",\"inLanguage\":\"fr-FR\",\"@id\":\"https:\/\/tna.dz\/fr\/#\/schema\/logo\/image\/\",\"url\":\"https:\/\/www.tna.dz\/fr\/wp-content\/uploads\/2019\/11\/repertoire-tna-2018-2-1.png\",\"contentUrl\":\"https:\/\/www.tna.dz\/fr\/wp-content\/uploads\/2019\/11\/repertoire-tna-2018-2-1.png\",\"width\":200,\"height\":84,\"caption\":\"Le Th\u00e9\u00e2tre national alg\u00e9rien\"},\"image\":{\"@id\":\"https:\/\/tna.dz\/fr\/#\/schema\/logo\/image\/\"}},{\"@type\":\"Person\",\"@id\":\"https:\/\/tna.dz\/fr\/#\/schema\/person\/101481cc92bfc5def5711088d2a24632\",\"name\":\"omarAdmin\",\"image\":{\"@type\":\"ImageObject\",\"inLanguage\":\"fr-FR\",\"@id\":\"https:\/\/tna.dz\/fr\/#\/schema\/person\/image\/\",\"url\":\"https:\/\/secure.gravatar.com\/avatar\/2018ebac09ef03c2c32dd119d4429714?s=96&d=mm&r=g\",\"contentUrl\":\"https:\/\/secure.gravatar.com\/avatar\/2018ebac09ef03c2c32dd119d4429714?s=96&d=mm&r=g\",\"caption\":\"omarAdmin\"},\"url\":\"https:\/\/tna.dz\/fr\/author\/omaradmin\/\"}]}<\/script>\n<!-- \/ Yoast SEO plugin. -->","yoast_head_json":{"title":"Asfarane nar el-barda - Th\u00e9\u00e2tre national alg\u00e9rien","description":"Production du th\u00e9\u00e2tre nationale alg\u00e9rien -2012 FICHE TECHNIQUE\u00a0: \u0152uvre:\u00a0\u00a0 Asfrane Nar el-barda Auteur\u00a0:\u00a0 Said Hamoudi Adaptation : Mise en sc\u00e8ne et","robots":{"index":"index","follow":"follow","max-snippet":"max-snippet:-1","max-image-preview":"max-image-preview:large","max-video-preview":"max-video-preview:-1"},"canonical":"https:\/\/tna.dz\/fr\/asfarane-nar-el-barda\/","og_locale":"fr_FR","og_type":"article","og_title":"Asfarane nar el-barda - Th\u00e9\u00e2tre national alg\u00e9rien","og_description":"Production du th\u00e9\u00e2tre nationale alg\u00e9rien -2012 FICHE TECHNIQUE\u00a0: \u0152uvre:\u00a0\u00a0 Asfrane Nar el-barda Auteur\u00a0:\u00a0 Said Hamoudi Adaptation : Mise en sc\u00e8ne et","og_url":"https:\/\/tna.dz\/fr\/asfarane-nar-el-barda\/","og_site_name":"Th\u00e9\u00e2tre national alg\u00e9rien","article_published_time":"2019-08-05T18:25:03+00:00","article_modified_time":"2020-01-19T16:41:30+00:00","og_image":[{"url":"https:\/\/tna.dz\/fr\/wp-content\/uploads\/2019\/08\/asfar-ennar-elbarida-tna-01-196x300.jpg"}],"author":"omarAdmin","twitter_card":"summary_large_image","twitter_misc":{"\u00c9crit par":"omarAdmin"},"schema":{"@context":"https:\/\/schema.org","@graph":[{"@type":"Article","@id":"https:\/\/tna.dz\/fr\/asfarane-nar-el-barda\/#article","isPartOf":{"@id":"https:\/\/tna.dz\/fr\/asfarane-nar-el-barda\/"},"author":{"name":"omarAdmin","@id":"https:\/\/tna.dz\/fr\/#\/schema\/person\/101481cc92bfc5def5711088d2a24632"},"headline":"Asfarane nar el-barda","datePublished":"2019-08-05T18:25:03+00:00","dateModified":"2020-01-19T16:41:30+00:00","mainEntityOfPage":{"@id":"https:\/\/tna.dz\/fr\/asfarane-nar-el-barda\/"},"wordCount":60,"publisher":{"@id":"https:\/\/tna.dz\/fr\/#organization"},"articleSection":["ann\u00e9e 2012","Pi\u00e8ces de th\u00e9\u00e2tre en 2010 - 2019"],"inLanguage":"fr-FR"},{"@type":"WebPage","@id":"https:\/\/tna.dz\/fr\/asfarane-nar-el-barda\/","url":"https:\/\/tna.dz\/fr\/asfarane-nar-el-barda\/","name":"Asfarane nar el-barda - Th\u00e9\u00e2tre national alg\u00e9rien","isPartOf":{"@id":"https:\/\/tna.dz\/fr\/#website"},"datePublished":"2019-08-05T18:25:03+00:00","dateModified":"2020-01-19T16:41:30+00:00","description":"Production du th\u00e9\u00e2tre nationale alg\u00e9rien -2012 FICHE TECHNIQUE\u00a0: \u0152uvre:\u00a0\u00a0 Asfrane Nar el-barda Auteur\u00a0:\u00a0 Said Hamoudi Adaptation : Mise en sc\u00e8ne et","breadcrumb":{"@id":"https:\/\/tna.dz\/fr\/asfarane-nar-el-barda\/#breadcrumb"},"inLanguage":"fr-FR","potentialAction":[{"@type":"ReadAction","target":["https:\/\/tna.dz\/fr\/asfarane-nar-el-barda\/"]}]},{"@type":"BreadcrumbList","@id":"https:\/\/tna.dz\/fr\/asfarane-nar-el-barda\/#breadcrumb","itemListElement":[{"@type":"ListItem","position":1,"name":"Accueil","item":"https:\/\/tna.dz\/fr\/"},{"@type":"ListItem","position":2,"name":"Asfarane nar el-barda"}]},{"@type":"WebSite","@id":"https:\/\/tna.dz\/fr\/#website","url":"https:\/\/tna.dz\/fr\/","name":"Th\u00e9\u00e2tre national alg\u00e9rien","description":"Th\u00e9\u00e2tre national alg\u00e9rien Mahieddine Bachtarzi","publisher":{"@id":"https:\/\/tna.dz\/fr\/#organization"},"potentialAction":[{"@type":"SearchAction","target":{"@type":"EntryPoint","urlTemplate":"https:\/\/tna.dz\/fr\/?s={search_term_string}"},"query-input":"required name=search_term_string"}],"inLanguage":"fr-FR"},{"@type":"Organization","@id":"https:\/\/tna.dz\/fr\/#organization","name":"Le Th\u00e9\u00e2tre national alg\u00e9rien","url":"https:\/\/tna.dz\/fr\/","logo":{"@type":"ImageObject","inLanguage":"fr-FR","@id":"https:\/\/tna.dz\/fr\/#\/schema\/logo\/image\/","url":"https:\/\/www.tna.dz\/fr\/wp-content\/uploads\/2019\/11\/repertoire-tna-2018-2-1.png","contentUrl":"https:\/\/www.tna.dz\/fr\/wp-content\/uploads\/2019\/11\/repertoire-tna-2018-2-1.png","width":200,"height":84,"caption":"Le Th\u00e9\u00e2tre national alg\u00e9rien"},"image":{"@id":"https:\/\/tna.dz\/fr\/#\/schema\/logo\/image\/"}},{"@type":"Person","@id":"https:\/\/tna.dz\/fr\/#\/schema\/person\/101481cc92bfc5def5711088d2a24632","name":"omarAdmin","image":{"@type":"ImageObject","inLanguage":"fr-FR","@id":"https:\/\/tna.dz\/fr\/#\/schema\/person\/image\/","url":"https:\/\/secure.gravatar.com\/avatar\/2018ebac09ef03c2c32dd119d4429714?s=96&d=mm&r=g","contentUrl":"https:\/\/secure.gravatar.com\/avatar\/2018ebac09ef03c2c32dd119d4429714?s=96&d=mm&r=g","caption":"omarAdmin"},"url":"https:\/\/tna.dz\/fr\/author\/omaradmin\/"}]}},"_links":{"self":[{"href":"https:\/\/tna.dz\/fr\/wp-json\/wp\/v2\/posts\/1325"}],"collection":[{"href":"https:\/\/tna.dz\/fr\/wp-json\/wp\/v2\/posts"}],"about":[{"href":"https:\/\/tna.dz\/fr\/wp-json\/wp\/v2\/types\/post"}],"author":[{"embeddable":true,"href":"https:\/\/tna.dz\/fr\/wp-json\/wp\/v2\/users\/1"}],"replies":[{"embeddable":true,"href":"https:\/\/tna.dz\/fr\/wp-json\/wp\/v2\/comments?post=1325"}],"version-history":[{"count":0,"href":"https:\/\/tna.dz\/fr\/wp-json\/wp\/v2\/posts\/1325\/revisions"}],"wp:attachment":[{"href":"https:\/\/tna.dz\/fr\/wp-json\/wp\/v2\/media?parent=1325"}],"wp:term":[{"taxonomy":"category","embeddable":true,"href":"https:\/\/tna.dz\/fr\/wp-json\/wp\/v2\/categories?post=1325"},{"taxonomy":"post_tag","embeddable":true,"href":"https:\/\/tna.dz\/fr\/wp-json\/wp\/v2\/tags?post=1325"}],"curies":[{"name":"wp","href":"https:\/\/api.w.org\/{rel}","templated":true}]}}