{"id":1329,"date":"2019-08-05T18:26:15","date_gmt":"2019-08-05T18:26:15","guid":{"rendered":"http:\/\/tna.dz\/fr\/?p=1329"},"modified":"2020-01-19T16:46:44","modified_gmt":"2020-01-19T16:46:44","slug":"el-foustene-el-abiadh-la-robe-blanche","status":"publish","type":"post","link":"https:\/\/tna.dz\/fr\/el-foustene-el-abiadh-la-robe-blanche\/","title":{"rendered":"El Foust\u00e8ne El Abiadh \/ (La robe blanche)"},"content":{"rendered":"<p><strong>Production du th\u00e9\u00e2tre nationale alg\u00e9rien -2012<\/strong><\/p>\n<p><strong>FICHE TECHNIQUE : <\/strong><\/p>\n<p><strong>\u0152uvre:<\/strong>El-Foust\u00e8ne El-Abiadh, d\u2019apr\u00e8s le\u00a0<em>Costume Blanc Couleur Glace \u00e0 la Noix de Coco de l\u2019\u00e9crivain<\/em> am\u00e9ricain Ray Bradbury<\/p>\n<p><strong>R\u00e9\u00e9criture<\/strong>: Yacine Za\u00efdi.<\/p>\n<p><strong>Mise en sc\u00e8ne<\/strong>: Abdelkrim Briber<\/p>\n<p><strong>D\u00e9cor Sc\u00e9nographie<\/strong>: Hamza Djaballah<\/p>\n<p><strong>Distribution<\/strong>: Nabila Ibrahim, Manel Sellamine, Fatima Cheikh, Djaffer Benhelilou, Yacine Za\u00efdi, Abdelkrim berbir<\/p>\n<p><strong>R\u00e9sum\u00e9: <\/strong><\/p>\n<p>La nouvelle pi\u00e8ce de th\u00e9\u00e2tre \u00ab\u00a0Robe blanche\u00a0\u00bb adapt\u00e9e de l&rsquo;Habit blanc de Ray Bradbury et mise en sc\u00e8ne par Abdelkrim Briber est du th\u00e9\u00e2tre r\u00e9aliste. Elle traite de l\u2019humanit\u00e9, l\u2019amour de l\u2019autre\u00a0 contre le mat\u00e9rialisme et la d\u00e9rive de la soci\u00e9t\u00e9.<\/p>\n<p>La pi\u00e8ce raconte l&rsquo;histoire de quatre jeunes filles repr\u00e9sentant diff\u00e9rentes franges de la soci\u00e9t\u00e9, qui essayent de sortir de leur marginalisation. Elles d\u00e9cident d&rsquo;acheter une robe blanche et de la porter \u00e0 tour de r\u00f4le pour changer le regard que leur porte la soci\u00e9t\u00e9. Elles se cotisent et ach\u00e8tent cette belle robe\u00a0qui leur ouvrira les bras de leurs contemporains, et surtout de leurs contemporaines. Mais ils doivent la porter \u00e0 tour de r\u00f4le&#8230; Apr\u00e8s plusieurs aventures, elles finissent par se lier d\u2019amiti\u00e9, et \u00ab\u00a0avoir le c\u0153ur blanc les unes pour les autres\u00a0\u00bb,\u00a0 ce qui est plus important que le costume.<\/p>\n<p>&nbsp;<\/p>\n<div id='gallery-1' class='gallery galleryid-1329 gallery-columns-2 gallery-size-medium'><figure class='gallery-item'>\n\t\t\t<div class='gallery-icon landscape'>\n\t\t\t\t<a href='https:\/\/tna.dz\/fr\/wp-content\/uploads\/2019\/08\/el-foust\u00e8ne-el-abiadh-tna-01.jpg'><img width=\"300\" height=\"196\" src=\"https:\/\/tna.dz\/fr\/wp-content\/uploads\/2019\/08\/el-foust\u00e8ne-el-abiadh-tna-01-300x196.jpg\" class=\"attachment-medium size-medium\" alt=\"\" decoding=\"async\" loading=\"lazy\" srcset=\"https:\/\/tna.dz\/fr\/wp-content\/uploads\/2019\/08\/el-foust\u00e8ne-el-abiadh-tna-01-300x196.jpg 300w, https:\/\/tna.dz\/fr\/wp-content\/uploads\/2019\/08\/el-foust\u00e8ne-el-abiadh-tna-01-768x502.jpg 768w, https:\/\/tna.dz\/fr\/wp-content\/uploads\/2019\/08\/el-foust\u00e8ne-el-abiadh-tna-01.jpg 800w\" sizes=\"(max-width: 300px) 100vw, 300px\" \/><\/a>\n\t\t\t<\/div><\/figure><figure class='gallery-item'>\n\t\t\t<div class='gallery-icon landscape'>\n\t\t\t\t<a href='https:\/\/tna.dz\/fr\/wp-content\/uploads\/2019\/08\/el-foust\u00e8ne-el-abiadh-tna-02.jpg'><img width=\"300\" height=\"196\" src=\"https:\/\/tna.dz\/fr\/wp-content\/uploads\/2019\/08\/el-foust\u00e8ne-el-abiadh-tna-02-300x196.jpg\" class=\"attachment-medium size-medium\" alt=\"\" decoding=\"async\" loading=\"lazy\" srcset=\"https:\/\/tna.dz\/fr\/wp-content\/uploads\/2019\/08\/el-foust\u00e8ne-el-abiadh-tna-02-300x196.jpg 300w, https:\/\/tna.dz\/fr\/wp-content\/uploads\/2019\/08\/el-foust\u00e8ne-el-abiadh-tna-02-768x502.jpg 768w, https:\/\/tna.dz\/fr\/wp-content\/uploads\/2019\/08\/el-foust\u00e8ne-el-abiadh-tna-02.jpg 800w\" sizes=\"(max-width: 300px) 100vw, 300px\" \/><\/a>\n\t\t\t<\/div><\/figure>\n\t\t<\/div>\n\n","protected":false},"excerpt":{"rendered":"<p>Production du th\u00e9\u00e2tre nationale alg\u00e9rien -2012 FICHE TECHNIQUE : \u0152uvre:El-Foust\u00e8ne El-Abiadh, d\u2019apr\u00e8s le\u00a0Costume Blanc Couleur Glace \u00e0 la Noix de Coco de l\u2019\u00e9crivain am\u00e9ricain Ray Bradbury R\u00e9\u00e9criture: Yacine Za\u00efdi. Mise en sc\u00e8ne: Abdelkrim Briber D\u00e9cor Sc\u00e9nographie: Hamza Djaballah Distribution: Nabila Ibrahim, Manel Sellamine, Fatima Cheikh, Djaffer Benhelilou, Yacine Za\u00efdi, Abdelkrim berbir R\u00e9sum\u00e9: La nouvelle pi\u00e8ce &hellip;<\/p>\n","protected":false},"author":1,"featured_media":0,"comment_status":"closed","ping_status":"closed","sticky":false,"template":"","format":"standard","meta":{"footnotes":""},"categories":[95,46],"tags":[],"yoast_head":"<!-- This site is optimized with the Yoast SEO plugin v21.2 - https:\/\/yoast.com\/wordpress\/plugins\/seo\/ -->\n<title>El Foust\u00e8ne El Abiadh \/ (La robe blanche) - Th\u00e9\u00e2tre national alg\u00e9rien<\/title>\n<meta name=\"description\" content=\"Production du th\u00e9\u00e2tre nationale alg\u00e9rien -2012 FICHE TECHNIQUE : \u0152uvre:El-Foust\u00e8ne El-Abiadh, d\u2019apr\u00e8s le\u00a0Costume Blanc Couleur Glace \u00e0 la Noix de Coco de\" \/>\n<meta name=\"robots\" content=\"index, follow, max-snippet:-1, max-image-preview:large, max-video-preview:-1\" \/>\n<link rel=\"canonical\" href=\"https:\/\/tna.dz\/fr\/el-foustene-el-abiadh-la-robe-blanche\/\" \/>\n<meta property=\"og:locale\" content=\"fr_FR\" \/>\n<meta property=\"og:type\" content=\"article\" \/>\n<meta property=\"og:title\" content=\"El Foust\u00e8ne El Abiadh \/ (La robe blanche) - Th\u00e9\u00e2tre national alg\u00e9rien\" \/>\n<meta property=\"og:description\" content=\"Production du th\u00e9\u00e2tre nationale alg\u00e9rien -2012 FICHE TECHNIQUE : \u0152uvre:El-Foust\u00e8ne El-Abiadh, d\u2019apr\u00e8s le\u00a0Costume Blanc Couleur Glace \u00e0 la Noix de Coco de\" \/>\n<meta property=\"og:url\" content=\"https:\/\/tna.dz\/fr\/el-foustene-el-abiadh-la-robe-blanche\/\" \/>\n<meta property=\"og:site_name\" content=\"Th\u00e9\u00e2tre national alg\u00e9rien\" \/>\n<meta property=\"article:published_time\" content=\"2019-08-05T18:26:15+00:00\" \/>\n<meta property=\"article:modified_time\" content=\"2020-01-19T16:46:44+00:00\" \/>\n<meta property=\"og:image\" content=\"https:\/\/tna.dz\/fr\/wp-content\/uploads\/2019\/08\/el-foust\u00e8ne-el-abiadh-tna-01-300x196.jpg\" \/>\n<meta name=\"author\" content=\"omarAdmin\" \/>\n<meta name=\"twitter:card\" content=\"summary_large_image\" \/>\n<meta name=\"twitter:label1\" content=\"\u00c9crit par\" \/>\n\t<meta name=\"twitter:data1\" content=\"omarAdmin\" \/>\n\t<meta name=\"twitter:label2\" content=\"Dur\u00e9e de lecture estim\u00e9e\" \/>\n\t<meta name=\"twitter:data2\" content=\"1 minute\" \/>\n<script type=\"application\/ld+json\" class=\"yoast-schema-graph\">{\"@context\":\"https:\/\/schema.org\",\"@graph\":[{\"@type\":\"Article\",\"@id\":\"https:\/\/tna.dz\/fr\/el-foustene-el-abiadh-la-robe-blanche\/#article\",\"isPartOf\":{\"@id\":\"https:\/\/tna.dz\/fr\/el-foustene-el-abiadh-la-robe-blanche\/\"},\"author\":{\"name\":\"omarAdmin\",\"@id\":\"https:\/\/tna.dz\/fr\/#\/schema\/person\/101481cc92bfc5def5711088d2a24632\"},\"headline\":\"El Foust\u00e8ne El Abiadh \/ (La robe blanche)\",\"datePublished\":\"2019-08-05T18:26:15+00:00\",\"dateModified\":\"2020-01-19T16:46:44+00:00\",\"mainEntityOfPage\":{\"@id\":\"https:\/\/tna.dz\/fr\/el-foustene-el-abiadh-la-robe-blanche\/\"},\"wordCount\":249,\"publisher\":{\"@id\":\"https:\/\/tna.dz\/fr\/#organization\"},\"articleSection\":[\"ann\u00e9e 2012\",\"Pi\u00e8ces de th\u00e9\u00e2tre en 2010 - 2019\"],\"inLanguage\":\"fr-FR\"},{\"@type\":\"WebPage\",\"@id\":\"https:\/\/tna.dz\/fr\/el-foustene-el-abiadh-la-robe-blanche\/\",\"url\":\"https:\/\/tna.dz\/fr\/el-foustene-el-abiadh-la-robe-blanche\/\",\"name\":\"El Foust\u00e8ne El Abiadh \/ (La robe blanche) - Th\u00e9\u00e2tre national alg\u00e9rien\",\"isPartOf\":{\"@id\":\"https:\/\/tna.dz\/fr\/#website\"},\"datePublished\":\"2019-08-05T18:26:15+00:00\",\"dateModified\":\"2020-01-19T16:46:44+00:00\",\"description\":\"Production du th\u00e9\u00e2tre nationale alg\u00e9rien -2012 FICHE TECHNIQUE : \u0152uvre:El-Foust\u00e8ne El-Abiadh, d\u2019apr\u00e8s le\u00a0Costume Blanc Couleur Glace \u00e0 la Noix de Coco de\",\"breadcrumb\":{\"@id\":\"https:\/\/tna.dz\/fr\/el-foustene-el-abiadh-la-robe-blanche\/#breadcrumb\"},\"inLanguage\":\"fr-FR\",\"potentialAction\":[{\"@type\":\"ReadAction\",\"target\":[\"https:\/\/tna.dz\/fr\/el-foustene-el-abiadh-la-robe-blanche\/\"]}]},{\"@type\":\"BreadcrumbList\",\"@id\":\"https:\/\/tna.dz\/fr\/el-foustene-el-abiadh-la-robe-blanche\/#breadcrumb\",\"itemListElement\":[{\"@type\":\"ListItem\",\"position\":1,\"name\":\"Accueil\",\"item\":\"https:\/\/tna.dz\/fr\/\"},{\"@type\":\"ListItem\",\"position\":2,\"name\":\"El Foust\u00e8ne El Abiadh \/ (La robe blanche)\"}]},{\"@type\":\"WebSite\",\"@id\":\"https:\/\/tna.dz\/fr\/#website\",\"url\":\"https:\/\/tna.dz\/fr\/\",\"name\":\"Th\u00e9\u00e2tre national alg\u00e9rien\",\"description\":\"Th\u00e9\u00e2tre national alg\u00e9rien Mahieddine Bachtarzi\",\"publisher\":{\"@id\":\"https:\/\/tna.dz\/fr\/#organization\"},\"potentialAction\":[{\"@type\":\"SearchAction\",\"target\":{\"@type\":\"EntryPoint\",\"urlTemplate\":\"https:\/\/tna.dz\/fr\/?s={search_term_string}\"},\"query-input\":\"required name=search_term_string\"}],\"inLanguage\":\"fr-FR\"},{\"@type\":\"Organization\",\"@id\":\"https:\/\/tna.dz\/fr\/#organization\",\"name\":\"Le Th\u00e9\u00e2tre national alg\u00e9rien\",\"url\":\"https:\/\/tna.dz\/fr\/\",\"logo\":{\"@type\":\"ImageObject\",\"inLanguage\":\"fr-FR\",\"@id\":\"https:\/\/tna.dz\/fr\/#\/schema\/logo\/image\/\",\"url\":\"https:\/\/www.tna.dz\/fr\/wp-content\/uploads\/2019\/11\/repertoire-tna-2018-2-1.png\",\"contentUrl\":\"https:\/\/www.tna.dz\/fr\/wp-content\/uploads\/2019\/11\/repertoire-tna-2018-2-1.png\",\"width\":200,\"height\":84,\"caption\":\"Le Th\u00e9\u00e2tre national alg\u00e9rien\"},\"image\":{\"@id\":\"https:\/\/tna.dz\/fr\/#\/schema\/logo\/image\/\"}},{\"@type\":\"Person\",\"@id\":\"https:\/\/tna.dz\/fr\/#\/schema\/person\/101481cc92bfc5def5711088d2a24632\",\"name\":\"omarAdmin\",\"image\":{\"@type\":\"ImageObject\",\"inLanguage\":\"fr-FR\",\"@id\":\"https:\/\/tna.dz\/fr\/#\/schema\/person\/image\/\",\"url\":\"https:\/\/secure.gravatar.com\/avatar\/2018ebac09ef03c2c32dd119d4429714?s=96&d=mm&r=g\",\"contentUrl\":\"https:\/\/secure.gravatar.com\/avatar\/2018ebac09ef03c2c32dd119d4429714?s=96&d=mm&r=g\",\"caption\":\"omarAdmin\"},\"url\":\"https:\/\/tna.dz\/fr\/author\/omaradmin\/\"}]}<\/script>\n<!-- \/ Yoast SEO plugin. -->","yoast_head_json":{"title":"El Foust\u00e8ne El Abiadh \/ (La robe blanche) - Th\u00e9\u00e2tre national alg\u00e9rien","description":"Production du th\u00e9\u00e2tre nationale alg\u00e9rien -2012 FICHE TECHNIQUE : \u0152uvre:El-Foust\u00e8ne El-Abiadh, d\u2019apr\u00e8s le\u00a0Costume Blanc Couleur Glace \u00e0 la Noix de Coco de","robots":{"index":"index","follow":"follow","max-snippet":"max-snippet:-1","max-image-preview":"max-image-preview:large","max-video-preview":"max-video-preview:-1"},"canonical":"https:\/\/tna.dz\/fr\/el-foustene-el-abiadh-la-robe-blanche\/","og_locale":"fr_FR","og_type":"article","og_title":"El Foust\u00e8ne El Abiadh \/ (La robe blanche) - Th\u00e9\u00e2tre national alg\u00e9rien","og_description":"Production du th\u00e9\u00e2tre nationale alg\u00e9rien -2012 FICHE TECHNIQUE : \u0152uvre:El-Foust\u00e8ne El-Abiadh, d\u2019apr\u00e8s le\u00a0Costume Blanc Couleur Glace \u00e0 la Noix de Coco de","og_url":"https:\/\/tna.dz\/fr\/el-foustene-el-abiadh-la-robe-blanche\/","og_site_name":"Th\u00e9\u00e2tre national alg\u00e9rien","article_published_time":"2019-08-05T18:26:15+00:00","article_modified_time":"2020-01-19T16:46:44+00:00","og_image":[{"url":"https:\/\/tna.dz\/fr\/wp-content\/uploads\/2019\/08\/el-foust\u00e8ne-el-abiadh-tna-01-300x196.jpg"}],"author":"omarAdmin","twitter_card":"summary_large_image","twitter_misc":{"\u00c9crit par":"omarAdmin","Dur\u00e9e de lecture estim\u00e9e":"1 minute"},"schema":{"@context":"https:\/\/schema.org","@graph":[{"@type":"Article","@id":"https:\/\/tna.dz\/fr\/el-foustene-el-abiadh-la-robe-blanche\/#article","isPartOf":{"@id":"https:\/\/tna.dz\/fr\/el-foustene-el-abiadh-la-robe-blanche\/"},"author":{"name":"omarAdmin","@id":"https:\/\/tna.dz\/fr\/#\/schema\/person\/101481cc92bfc5def5711088d2a24632"},"headline":"El Foust\u00e8ne El Abiadh \/ (La robe blanche)","datePublished":"2019-08-05T18:26:15+00:00","dateModified":"2020-01-19T16:46:44+00:00","mainEntityOfPage":{"@id":"https:\/\/tna.dz\/fr\/el-foustene-el-abiadh-la-robe-blanche\/"},"wordCount":249,"publisher":{"@id":"https:\/\/tna.dz\/fr\/#organization"},"articleSection":["ann\u00e9e 2012","Pi\u00e8ces de th\u00e9\u00e2tre en 2010 - 2019"],"inLanguage":"fr-FR"},{"@type":"WebPage","@id":"https:\/\/tna.dz\/fr\/el-foustene-el-abiadh-la-robe-blanche\/","url":"https:\/\/tna.dz\/fr\/el-foustene-el-abiadh-la-robe-blanche\/","name":"El Foust\u00e8ne El Abiadh \/ (La robe blanche) - Th\u00e9\u00e2tre national alg\u00e9rien","isPartOf":{"@id":"https:\/\/tna.dz\/fr\/#website"},"datePublished":"2019-08-05T18:26:15+00:00","dateModified":"2020-01-19T16:46:44+00:00","description":"Production du th\u00e9\u00e2tre nationale alg\u00e9rien -2012 FICHE TECHNIQUE : \u0152uvre:El-Foust\u00e8ne El-Abiadh, d\u2019apr\u00e8s le\u00a0Costume Blanc Couleur Glace \u00e0 la Noix de Coco de","breadcrumb":{"@id":"https:\/\/tna.dz\/fr\/el-foustene-el-abiadh-la-robe-blanche\/#breadcrumb"},"inLanguage":"fr-FR","potentialAction":[{"@type":"ReadAction","target":["https:\/\/tna.dz\/fr\/el-foustene-el-abiadh-la-robe-blanche\/"]}]},{"@type":"BreadcrumbList","@id":"https:\/\/tna.dz\/fr\/el-foustene-el-abiadh-la-robe-blanche\/#breadcrumb","itemListElement":[{"@type":"ListItem","position":1,"name":"Accueil","item":"https:\/\/tna.dz\/fr\/"},{"@type":"ListItem","position":2,"name":"El Foust\u00e8ne El Abiadh \/ (La robe blanche)"}]},{"@type":"WebSite","@id":"https:\/\/tna.dz\/fr\/#website","url":"https:\/\/tna.dz\/fr\/","name":"Th\u00e9\u00e2tre national alg\u00e9rien","description":"Th\u00e9\u00e2tre national alg\u00e9rien Mahieddine Bachtarzi","publisher":{"@id":"https:\/\/tna.dz\/fr\/#organization"},"potentialAction":[{"@type":"SearchAction","target":{"@type":"EntryPoint","urlTemplate":"https:\/\/tna.dz\/fr\/?s={search_term_string}"},"query-input":"required name=search_term_string"}],"inLanguage":"fr-FR"},{"@type":"Organization","@id":"https:\/\/tna.dz\/fr\/#organization","name":"Le Th\u00e9\u00e2tre national alg\u00e9rien","url":"https:\/\/tna.dz\/fr\/","logo":{"@type":"ImageObject","inLanguage":"fr-FR","@id":"https:\/\/tna.dz\/fr\/#\/schema\/logo\/image\/","url":"https:\/\/www.tna.dz\/fr\/wp-content\/uploads\/2019\/11\/repertoire-tna-2018-2-1.png","contentUrl":"https:\/\/www.tna.dz\/fr\/wp-content\/uploads\/2019\/11\/repertoire-tna-2018-2-1.png","width":200,"height":84,"caption":"Le Th\u00e9\u00e2tre national alg\u00e9rien"},"image":{"@id":"https:\/\/tna.dz\/fr\/#\/schema\/logo\/image\/"}},{"@type":"Person","@id":"https:\/\/tna.dz\/fr\/#\/schema\/person\/101481cc92bfc5def5711088d2a24632","name":"omarAdmin","image":{"@type":"ImageObject","inLanguage":"fr-FR","@id":"https:\/\/tna.dz\/fr\/#\/schema\/person\/image\/","url":"https:\/\/secure.gravatar.com\/avatar\/2018ebac09ef03c2c32dd119d4429714?s=96&d=mm&r=g","contentUrl":"https:\/\/secure.gravatar.com\/avatar\/2018ebac09ef03c2c32dd119d4429714?s=96&d=mm&r=g","caption":"omarAdmin"},"url":"https:\/\/tna.dz\/fr\/author\/omaradmin\/"}]}},"_links":{"self":[{"href":"https:\/\/tna.dz\/fr\/wp-json\/wp\/v2\/posts\/1329"}],"collection":[{"href":"https:\/\/tna.dz\/fr\/wp-json\/wp\/v2\/posts"}],"about":[{"href":"https:\/\/tna.dz\/fr\/wp-json\/wp\/v2\/types\/post"}],"author":[{"embeddable":true,"href":"https:\/\/tna.dz\/fr\/wp-json\/wp\/v2\/users\/1"}],"replies":[{"embeddable":true,"href":"https:\/\/tna.dz\/fr\/wp-json\/wp\/v2\/comments?post=1329"}],"version-history":[{"count":0,"href":"https:\/\/tna.dz\/fr\/wp-json\/wp\/v2\/posts\/1329\/revisions"}],"wp:attachment":[{"href":"https:\/\/tna.dz\/fr\/wp-json\/wp\/v2\/media?parent=1329"}],"wp:term":[{"taxonomy":"category","embeddable":true,"href":"https:\/\/tna.dz\/fr\/wp-json\/wp\/v2\/categories?post=1329"},{"taxonomy":"post_tag","embeddable":true,"href":"https:\/\/tna.dz\/fr\/wp-json\/wp\/v2\/tags?post=1329"}],"curies":[{"name":"wp","href":"https:\/\/api.w.org\/{rel}","templated":true}]}}