{"id":1337,"date":"2019-08-05T18:28:19","date_gmt":"2019-08-05T18:28:19","guid":{"rendered":"http:\/\/tna.dz\/fr\/?p=1337"},"modified":"2020-01-19T17:04:53","modified_gmt":"2020-01-19T17:04:53","slug":"sarkhatchaab-le-cri-dun-peuple","status":"publish","type":"post","link":"https:\/\/tna.dz\/fr\/sarkhatchaab-le-cri-dun-peuple\/","title":{"rendered":"Sarkhat Cha\u00e2b \/ (Le Cri d\u2019un peuple)"},"content":{"rendered":"<p><strong>Production du th\u00e9\u00e2tre national alg\u00e9rien-2013<\/strong><\/p>\n<p><strong>FICHE TECHNIQUE<\/strong><\/p>\n<p><strong>\u0152uvre<\/strong>:<\/p>\n<p><strong>Auteur Dramaturge<\/strong>\u00a0:<\/p>\n<p><strong>Adaptateur\u00a0<\/strong>:<\/p>\n<p><strong>Metteur en sc\u00e8ne<\/strong>\u00a0:<\/p>\n<p><strong>D\u00e9cor Sc\u00e9nographie<\/strong><\/p>\n<p><strong>Distribution\u00a0<\/strong>:<\/p>\n<p><strong>R\u00e9sum\u00e9\u00a0: <\/strong><\/p>\n<p>L\u2019histoire de la pi\u00e8ce Le Cri d&rsquo;un peuple r\u00e9alis\u00e9e par Sid Ahmed Kara se raconte \u00e0 travers le personnage de Mohamed, un \u00eatre qui a v\u00e9cu la guerre,\u00a0 a particip\u00e9 au recouvrement de la libert\u00e9,\u00a0 a savour\u00e9 la p\u00e9riode post ind\u00e9pendances avant que la trag\u00e9die de l&rsquo;Alg\u00e9rie ait raison de son enthousiasme et le plonge dans un profond d\u00e9sarroi.<\/p>\n<p>La pi\u00e8ce \u00e9voque les tourments de l&rsquo;\u00eatre qui demeure perplexe face \u00e0 de nombreuses questions d\u00e9cisives par rapport \u00e0 sa vie et \u00e0 son histoire ,dans le contexte de la guerre qui a mobilis\u00e9 tout un peuple pour recouvrer ses terres et sa libert\u00e9 usurp\u00e9es par les colonialistes. Ayant plac\u00e9 tous ses espoirs dans cette r\u00e9volution salvatrice, il reste convaincu que cette derni\u00e8re le m\u00e8nera vers une ind\u00e9pendance prometteuse. Face aux difficult\u00e9s de la vie et aux multiples d\u00e9fis, il s&rsquo;enferme dans des sentiments contradictoires, entre d\u00e9tresse et espoir. Un \u00e9tat d&rsquo;\u00e2me incarn\u00e9 par Mohamed ,le moudjahid, qui a v\u00e9cu avec ferveur la R\u00e9volution, l&rsquo;Ind\u00e9pendance et la joie de la victoire ,mais aussi la d\u00e9ception avec la trag\u00e9die nationale.<\/p>\n<p>&nbsp;<\/p>\n<div id='gallery-1' class='gallery galleryid-1337 gallery-columns-2 gallery-size-medium'><figure class='gallery-item'>\n\t\t\t<div class='gallery-icon landscape'>\n\t\t\t\t<a href='https:\/\/tna.dz\/fr\/wp-content\/uploads\/2019\/08\/sarkhatou-chaab-tna-01.jpg'><img width=\"300\" height=\"196\" src=\"https:\/\/tna.dz\/fr\/wp-content\/uploads\/2019\/08\/sarkhatou-chaab-tna-01-300x196.jpg\" class=\"attachment-medium size-medium\" alt=\"\" decoding=\"async\" loading=\"lazy\" srcset=\"https:\/\/tna.dz\/fr\/wp-content\/uploads\/2019\/08\/sarkhatou-chaab-tna-01-300x196.jpg 300w, https:\/\/tna.dz\/fr\/wp-content\/uploads\/2019\/08\/sarkhatou-chaab-tna-01-768x502.jpg 768w, https:\/\/tna.dz\/fr\/wp-content\/uploads\/2019\/08\/sarkhatou-chaab-tna-01.jpg 800w\" sizes=\"(max-width: 300px) 100vw, 300px\" \/><\/a>\n\t\t\t<\/div><\/figure><figure class='gallery-item'>\n\t\t\t<div class='gallery-icon landscape'>\n\t\t\t\t<a href='https:\/\/tna.dz\/fr\/wp-content\/uploads\/2019\/08\/sarkhatou-chaab-tna-02.jpg'><img width=\"300\" height=\"196\" src=\"https:\/\/tna.dz\/fr\/wp-content\/uploads\/2019\/08\/sarkhatou-chaab-tna-02-300x196.jpg\" class=\"attachment-medium size-medium\" alt=\"\" decoding=\"async\" loading=\"lazy\" srcset=\"https:\/\/tna.dz\/fr\/wp-content\/uploads\/2019\/08\/sarkhatou-chaab-tna-02-300x196.jpg 300w, https:\/\/tna.dz\/fr\/wp-content\/uploads\/2019\/08\/sarkhatou-chaab-tna-02-768x502.jpg 768w, https:\/\/tna.dz\/fr\/wp-content\/uploads\/2019\/08\/sarkhatou-chaab-tna-02.jpg 800w\" sizes=\"(max-width: 300px) 100vw, 300px\" \/><\/a>\n\t\t\t<\/div><\/figure>\n\t\t<\/div>\n\n","protected":false},"excerpt":{"rendered":"<p>Production du th\u00e9\u00e2tre national alg\u00e9rien-2013 FICHE TECHNIQUE \u0152uvre: Auteur Dramaturge\u00a0: Adaptateur\u00a0: Metteur en sc\u00e8ne\u00a0: D\u00e9cor Sc\u00e9nographie Distribution\u00a0: R\u00e9sum\u00e9\u00a0: L\u2019histoire de la pi\u00e8ce Le Cri d&rsquo;un peuple r\u00e9alis\u00e9e par Sid Ahmed Kara se raconte \u00e0 travers le personnage de Mohamed, un \u00eatre qui a v\u00e9cu la guerre,\u00a0 a particip\u00e9 au recouvrement de la libert\u00e9,\u00a0 a savour\u00e9 &hellip;<\/p>\n","protected":false},"author":1,"featured_media":0,"comment_status":"closed","ping_status":"closed","sticky":false,"template":"","format":"standard","meta":{"footnotes":""},"categories":[96,46],"tags":[],"yoast_head":"<!-- This site is optimized with the Yoast SEO plugin v21.2 - https:\/\/yoast.com\/wordpress\/plugins\/seo\/ -->\n<title>Sarkhat Cha\u00e2b \/ (Le Cri d\u2019un peuple) - Th\u00e9\u00e2tre national alg\u00e9rien<\/title>\n<meta name=\"description\" content=\"Production du th\u00e9\u00e2tre national alg\u00e9rien-2013 FICHE TECHNIQUE \u0152uvre: Auteur Dramaturge\u00a0: Adaptateur\u00a0: Metteur en sc\u00e8ne\u00a0: D\u00e9cor Sc\u00e9nographie Distribution\u00a0:\" \/>\n<meta name=\"robots\" content=\"index, follow, max-snippet:-1, max-image-preview:large, max-video-preview:-1\" \/>\n<link rel=\"canonical\" href=\"https:\/\/tna.dz\/fr\/sarkhatchaab-le-cri-dun-peuple\/\" \/>\n<meta property=\"og:locale\" content=\"fr_FR\" \/>\n<meta property=\"og:type\" content=\"article\" \/>\n<meta property=\"og:title\" content=\"Sarkhat Cha\u00e2b \/ (Le Cri d\u2019un peuple) - Th\u00e9\u00e2tre national alg\u00e9rien\" \/>\n<meta property=\"og:description\" content=\"Production du th\u00e9\u00e2tre national alg\u00e9rien-2013 FICHE TECHNIQUE \u0152uvre: Auteur Dramaturge\u00a0: Adaptateur\u00a0: Metteur en sc\u00e8ne\u00a0: D\u00e9cor Sc\u00e9nographie Distribution\u00a0:\" \/>\n<meta property=\"og:url\" content=\"https:\/\/tna.dz\/fr\/sarkhatchaab-le-cri-dun-peuple\/\" \/>\n<meta property=\"og:site_name\" content=\"Th\u00e9\u00e2tre national alg\u00e9rien\" \/>\n<meta property=\"article:published_time\" content=\"2019-08-05T18:28:19+00:00\" \/>\n<meta property=\"article:modified_time\" content=\"2020-01-19T17:04:53+00:00\" \/>\n<meta property=\"og:image\" content=\"https:\/\/tna.dz\/fr\/wp-content\/uploads\/2019\/08\/sarkhatou-chaab-tna-01-300x196.jpg\" \/>\n<meta name=\"author\" content=\"omarAdmin\" \/>\n<meta name=\"twitter:card\" content=\"summary_large_image\" \/>\n<meta name=\"twitter:label1\" content=\"\u00c9crit par\" \/>\n\t<meta name=\"twitter:data1\" content=\"omarAdmin\" \/>\n\t<meta name=\"twitter:label2\" content=\"Dur\u00e9e de lecture estim\u00e9e\" \/>\n\t<meta name=\"twitter:data2\" content=\"1 minute\" \/>\n<script type=\"application\/ld+json\" class=\"yoast-schema-graph\">{\"@context\":\"https:\/\/schema.org\",\"@graph\":[{\"@type\":\"Article\",\"@id\":\"https:\/\/tna.dz\/fr\/sarkhatchaab-le-cri-dun-peuple\/#article\",\"isPartOf\":{\"@id\":\"https:\/\/tna.dz\/fr\/sarkhatchaab-le-cri-dun-peuple\/\"},\"author\":{\"name\":\"omarAdmin\",\"@id\":\"https:\/\/tna.dz\/fr\/#\/schema\/person\/101481cc92bfc5def5711088d2a24632\"},\"headline\":\"Sarkhat Cha\u00e2b \/ (Le Cri d\u2019un peuple)\",\"datePublished\":\"2019-08-05T18:28:19+00:00\",\"dateModified\":\"2020-01-19T17:04:53+00:00\",\"mainEntityOfPage\":{\"@id\":\"https:\/\/tna.dz\/fr\/sarkhatchaab-le-cri-dun-peuple\/\"},\"wordCount\":245,\"publisher\":{\"@id\":\"https:\/\/tna.dz\/fr\/#organization\"},\"articleSection\":[\"ann\u00e9e 2013\",\"Pi\u00e8ces de th\u00e9\u00e2tre en 2010 - 2019\"],\"inLanguage\":\"fr-FR\"},{\"@type\":\"WebPage\",\"@id\":\"https:\/\/tna.dz\/fr\/sarkhatchaab-le-cri-dun-peuple\/\",\"url\":\"https:\/\/tna.dz\/fr\/sarkhatchaab-le-cri-dun-peuple\/\",\"name\":\"Sarkhat Cha\u00e2b \/ (Le Cri d\u2019un peuple) - Th\u00e9\u00e2tre national alg\u00e9rien\",\"isPartOf\":{\"@id\":\"https:\/\/tna.dz\/fr\/#website\"},\"datePublished\":\"2019-08-05T18:28:19+00:00\",\"dateModified\":\"2020-01-19T17:04:53+00:00\",\"description\":\"Production du th\u00e9\u00e2tre national alg\u00e9rien-2013 FICHE TECHNIQUE \u0152uvre: Auteur Dramaturge\u00a0: Adaptateur\u00a0: Metteur en sc\u00e8ne\u00a0: D\u00e9cor Sc\u00e9nographie Distribution\u00a0:\",\"breadcrumb\":{\"@id\":\"https:\/\/tna.dz\/fr\/sarkhatchaab-le-cri-dun-peuple\/#breadcrumb\"},\"inLanguage\":\"fr-FR\",\"potentialAction\":[{\"@type\":\"ReadAction\",\"target\":[\"https:\/\/tna.dz\/fr\/sarkhatchaab-le-cri-dun-peuple\/\"]}]},{\"@type\":\"BreadcrumbList\",\"@id\":\"https:\/\/tna.dz\/fr\/sarkhatchaab-le-cri-dun-peuple\/#breadcrumb\",\"itemListElement\":[{\"@type\":\"ListItem\",\"position\":1,\"name\":\"Accueil\",\"item\":\"https:\/\/tna.dz\/fr\/\"},{\"@type\":\"ListItem\",\"position\":2,\"name\":\"Sarkhat Cha\u00e2b \/ (Le Cri d\u2019un peuple)\"}]},{\"@type\":\"WebSite\",\"@id\":\"https:\/\/tna.dz\/fr\/#website\",\"url\":\"https:\/\/tna.dz\/fr\/\",\"name\":\"Th\u00e9\u00e2tre national alg\u00e9rien\",\"description\":\"Th\u00e9\u00e2tre national alg\u00e9rien Mahieddine Bachtarzi\",\"publisher\":{\"@id\":\"https:\/\/tna.dz\/fr\/#organization\"},\"potentialAction\":[{\"@type\":\"SearchAction\",\"target\":{\"@type\":\"EntryPoint\",\"urlTemplate\":\"https:\/\/tna.dz\/fr\/?s={search_term_string}\"},\"query-input\":\"required name=search_term_string\"}],\"inLanguage\":\"fr-FR\"},{\"@type\":\"Organization\",\"@id\":\"https:\/\/tna.dz\/fr\/#organization\",\"name\":\"Le Th\u00e9\u00e2tre national alg\u00e9rien\",\"url\":\"https:\/\/tna.dz\/fr\/\",\"logo\":{\"@type\":\"ImageObject\",\"inLanguage\":\"fr-FR\",\"@id\":\"https:\/\/tna.dz\/fr\/#\/schema\/logo\/image\/\",\"url\":\"https:\/\/www.tna.dz\/fr\/wp-content\/uploads\/2019\/11\/repertoire-tna-2018-2-1.png\",\"contentUrl\":\"https:\/\/www.tna.dz\/fr\/wp-content\/uploads\/2019\/11\/repertoire-tna-2018-2-1.png\",\"width\":200,\"height\":84,\"caption\":\"Le Th\u00e9\u00e2tre national alg\u00e9rien\"},\"image\":{\"@id\":\"https:\/\/tna.dz\/fr\/#\/schema\/logo\/image\/\"}},{\"@type\":\"Person\",\"@id\":\"https:\/\/tna.dz\/fr\/#\/schema\/person\/101481cc92bfc5def5711088d2a24632\",\"name\":\"omarAdmin\",\"image\":{\"@type\":\"ImageObject\",\"inLanguage\":\"fr-FR\",\"@id\":\"https:\/\/tna.dz\/fr\/#\/schema\/person\/image\/\",\"url\":\"https:\/\/secure.gravatar.com\/avatar\/2018ebac09ef03c2c32dd119d4429714?s=96&d=mm&r=g\",\"contentUrl\":\"https:\/\/secure.gravatar.com\/avatar\/2018ebac09ef03c2c32dd119d4429714?s=96&d=mm&r=g\",\"caption\":\"omarAdmin\"},\"url\":\"https:\/\/tna.dz\/fr\/author\/omaradmin\/\"}]}<\/script>\n<!-- \/ Yoast SEO plugin. -->","yoast_head_json":{"title":"Sarkhat Cha\u00e2b \/ (Le Cri d\u2019un peuple) - Th\u00e9\u00e2tre national alg\u00e9rien","description":"Production du th\u00e9\u00e2tre national alg\u00e9rien-2013 FICHE TECHNIQUE \u0152uvre: Auteur Dramaturge\u00a0: Adaptateur\u00a0: Metteur en sc\u00e8ne\u00a0: D\u00e9cor Sc\u00e9nographie Distribution\u00a0:","robots":{"index":"index","follow":"follow","max-snippet":"max-snippet:-1","max-image-preview":"max-image-preview:large","max-video-preview":"max-video-preview:-1"},"canonical":"https:\/\/tna.dz\/fr\/sarkhatchaab-le-cri-dun-peuple\/","og_locale":"fr_FR","og_type":"article","og_title":"Sarkhat Cha\u00e2b \/ (Le Cri d\u2019un peuple) - Th\u00e9\u00e2tre national alg\u00e9rien","og_description":"Production du th\u00e9\u00e2tre national alg\u00e9rien-2013 FICHE TECHNIQUE \u0152uvre: Auteur Dramaturge\u00a0: Adaptateur\u00a0: Metteur en sc\u00e8ne\u00a0: D\u00e9cor Sc\u00e9nographie Distribution\u00a0:","og_url":"https:\/\/tna.dz\/fr\/sarkhatchaab-le-cri-dun-peuple\/","og_site_name":"Th\u00e9\u00e2tre national alg\u00e9rien","article_published_time":"2019-08-05T18:28:19+00:00","article_modified_time":"2020-01-19T17:04:53+00:00","og_image":[{"url":"https:\/\/tna.dz\/fr\/wp-content\/uploads\/2019\/08\/sarkhatou-chaab-tna-01-300x196.jpg"}],"author":"omarAdmin","twitter_card":"summary_large_image","twitter_misc":{"\u00c9crit par":"omarAdmin","Dur\u00e9e de lecture estim\u00e9e":"1 minute"},"schema":{"@context":"https:\/\/schema.org","@graph":[{"@type":"Article","@id":"https:\/\/tna.dz\/fr\/sarkhatchaab-le-cri-dun-peuple\/#article","isPartOf":{"@id":"https:\/\/tna.dz\/fr\/sarkhatchaab-le-cri-dun-peuple\/"},"author":{"name":"omarAdmin","@id":"https:\/\/tna.dz\/fr\/#\/schema\/person\/101481cc92bfc5def5711088d2a24632"},"headline":"Sarkhat Cha\u00e2b \/ (Le Cri d\u2019un peuple)","datePublished":"2019-08-05T18:28:19+00:00","dateModified":"2020-01-19T17:04:53+00:00","mainEntityOfPage":{"@id":"https:\/\/tna.dz\/fr\/sarkhatchaab-le-cri-dun-peuple\/"},"wordCount":245,"publisher":{"@id":"https:\/\/tna.dz\/fr\/#organization"},"articleSection":["ann\u00e9e 2013","Pi\u00e8ces de th\u00e9\u00e2tre en 2010 - 2019"],"inLanguage":"fr-FR"},{"@type":"WebPage","@id":"https:\/\/tna.dz\/fr\/sarkhatchaab-le-cri-dun-peuple\/","url":"https:\/\/tna.dz\/fr\/sarkhatchaab-le-cri-dun-peuple\/","name":"Sarkhat Cha\u00e2b \/ (Le Cri d\u2019un peuple) - Th\u00e9\u00e2tre national alg\u00e9rien","isPartOf":{"@id":"https:\/\/tna.dz\/fr\/#website"},"datePublished":"2019-08-05T18:28:19+00:00","dateModified":"2020-01-19T17:04:53+00:00","description":"Production du th\u00e9\u00e2tre national alg\u00e9rien-2013 FICHE TECHNIQUE \u0152uvre: Auteur Dramaturge\u00a0: Adaptateur\u00a0: Metteur en sc\u00e8ne\u00a0: D\u00e9cor Sc\u00e9nographie Distribution\u00a0:","breadcrumb":{"@id":"https:\/\/tna.dz\/fr\/sarkhatchaab-le-cri-dun-peuple\/#breadcrumb"},"inLanguage":"fr-FR","potentialAction":[{"@type":"ReadAction","target":["https:\/\/tna.dz\/fr\/sarkhatchaab-le-cri-dun-peuple\/"]}]},{"@type":"BreadcrumbList","@id":"https:\/\/tna.dz\/fr\/sarkhatchaab-le-cri-dun-peuple\/#breadcrumb","itemListElement":[{"@type":"ListItem","position":1,"name":"Accueil","item":"https:\/\/tna.dz\/fr\/"},{"@type":"ListItem","position":2,"name":"Sarkhat Cha\u00e2b \/ (Le Cri d\u2019un peuple)"}]},{"@type":"WebSite","@id":"https:\/\/tna.dz\/fr\/#website","url":"https:\/\/tna.dz\/fr\/","name":"Th\u00e9\u00e2tre national alg\u00e9rien","description":"Th\u00e9\u00e2tre national alg\u00e9rien Mahieddine Bachtarzi","publisher":{"@id":"https:\/\/tna.dz\/fr\/#organization"},"potentialAction":[{"@type":"SearchAction","target":{"@type":"EntryPoint","urlTemplate":"https:\/\/tna.dz\/fr\/?s={search_term_string}"},"query-input":"required name=search_term_string"}],"inLanguage":"fr-FR"},{"@type":"Organization","@id":"https:\/\/tna.dz\/fr\/#organization","name":"Le Th\u00e9\u00e2tre national alg\u00e9rien","url":"https:\/\/tna.dz\/fr\/","logo":{"@type":"ImageObject","inLanguage":"fr-FR","@id":"https:\/\/tna.dz\/fr\/#\/schema\/logo\/image\/","url":"https:\/\/www.tna.dz\/fr\/wp-content\/uploads\/2019\/11\/repertoire-tna-2018-2-1.png","contentUrl":"https:\/\/www.tna.dz\/fr\/wp-content\/uploads\/2019\/11\/repertoire-tna-2018-2-1.png","width":200,"height":84,"caption":"Le Th\u00e9\u00e2tre national alg\u00e9rien"},"image":{"@id":"https:\/\/tna.dz\/fr\/#\/schema\/logo\/image\/"}},{"@type":"Person","@id":"https:\/\/tna.dz\/fr\/#\/schema\/person\/101481cc92bfc5def5711088d2a24632","name":"omarAdmin","image":{"@type":"ImageObject","inLanguage":"fr-FR","@id":"https:\/\/tna.dz\/fr\/#\/schema\/person\/image\/","url":"https:\/\/secure.gravatar.com\/avatar\/2018ebac09ef03c2c32dd119d4429714?s=96&d=mm&r=g","contentUrl":"https:\/\/secure.gravatar.com\/avatar\/2018ebac09ef03c2c32dd119d4429714?s=96&d=mm&r=g","caption":"omarAdmin"},"url":"https:\/\/tna.dz\/fr\/author\/omaradmin\/"}]}},"_links":{"self":[{"href":"https:\/\/tna.dz\/fr\/wp-json\/wp\/v2\/posts\/1337"}],"collection":[{"href":"https:\/\/tna.dz\/fr\/wp-json\/wp\/v2\/posts"}],"about":[{"href":"https:\/\/tna.dz\/fr\/wp-json\/wp\/v2\/types\/post"}],"author":[{"embeddable":true,"href":"https:\/\/tna.dz\/fr\/wp-json\/wp\/v2\/users\/1"}],"replies":[{"embeddable":true,"href":"https:\/\/tna.dz\/fr\/wp-json\/wp\/v2\/comments?post=1337"}],"version-history":[{"count":0,"href":"https:\/\/tna.dz\/fr\/wp-json\/wp\/v2\/posts\/1337\/revisions"}],"wp:attachment":[{"href":"https:\/\/tna.dz\/fr\/wp-json\/wp\/v2\/media?parent=1337"}],"wp:term":[{"taxonomy":"category","embeddable":true,"href":"https:\/\/tna.dz\/fr\/wp-json\/wp\/v2\/categories?post=1337"},{"taxonomy":"post_tag","embeddable":true,"href":"https:\/\/tna.dz\/fr\/wp-json\/wp\/v2\/tags?post=1337"}],"curies":[{"name":"wp","href":"https:\/\/api.w.org\/{rel}","templated":true}]}}