{"id":1353,"date":"2019-08-05T18:33:02","date_gmt":"2019-08-05T18:33:02","guid":{"rendered":"http:\/\/tna.dz\/fr\/?p=1353"},"modified":"2020-01-19T17:57:38","modified_gmt":"2020-01-19T17:57:38","slug":"el-haicha-le-rhinoceros","status":"publish","type":"post","link":"https:\/\/tna.dz\/fr\/el-haicha-le-rhinoceros\/","title":{"rendered":"El-Ha\u00efcha \/ (Le Rhinoc\u00e9ros)"},"content":{"rendered":"<p><strong>Production du Th\u00e9\u00e2tre National Alg\u00e9rien -2015<\/strong><\/p>\n<p><strong>Fiche Technique\u00a0:<\/strong><\/p>\n<p><strong>Texte\u00a0:<\/strong><\/p>\n<p><strong>Adaptateur<\/strong>\u00a0: Mohamed Cherchell<\/p>\n<p><strong>Metteur en sc\u00e8ne\u00a0:<\/strong><\/p>\n<p><strong>Sc\u00e9nographie\u00a0:<\/strong><\/p>\n<p><strong>Distribution\u00a0:<\/strong><\/p>\n<p><strong>R\u00e9sum\u00e9 de la pi\u00e8ce\u00a0:<\/strong><\/p>\n<p>Dans une ville, ou plut\u00f4t un village quelconque, les habitants vont se retrouver confront\u00e9s.<\/p>\n<p>La pi\u00e8ce s\u2019inscrit dans le th\u00e9\u00e2tre de sensibilisation. Elle met en confrontation deux personnes handicap\u00e9es, qui discutent l\u2019image ou le regard port\u00e9 par la soci\u00e9t\u00e9 sur leur handicap. Le premier a foi en Dieu, accepte son handicap et apprend \u00e0 vivre avec son handicap en \u00ab assumant \u00bb sans complexe et tente de ne pas trop penser \u00e0 ses difficult\u00e9s.\u00a0 Il lutte m\u00eame pour \u00eatre ind\u00e9pendant comme\u00a0 d\u2019autres personnes valides ,et se prendre en charge par lui, et que l\u2019handicap ne lui interdit pas de vivre. Quant au deuxi\u00e8me, il est d\u00e9faitiste, accepte l\u2019exclusion, se laisse vivre au-d\u00e9pends des autres\u00a0 et\u00a0 leurs regards de piti\u00e9. Les r\u00e9pliques sont entrecoup\u00e9es par des passages de musique, exprimant une lueur d\u2019un lendemain meilleur\u00a0 pour cette cat\u00e9gorie de porteurs d\u2019un handicap.<\/p>\n<p>&nbsp;<\/p>\n<div id='gallery-1' class='gallery galleryid-1353 gallery-columns-2 gallery-size-medium'><figure class='gallery-item'>\n\t\t\t<div class='gallery-icon landscape'>\n\t\t\t\t<a href='https:\/\/tna.dz\/fr\/wp-content\/uploads\/2019\/08\/el-haicha-tna-01.jpg'><img width=\"300\" height=\"196\" src=\"https:\/\/tna.dz\/fr\/wp-content\/uploads\/2019\/08\/el-haicha-tna-01-300x196.jpg\" class=\"attachment-medium size-medium\" alt=\"\" decoding=\"async\" loading=\"lazy\" srcset=\"https:\/\/tna.dz\/fr\/wp-content\/uploads\/2019\/08\/el-haicha-tna-01-300x196.jpg 300w, https:\/\/tna.dz\/fr\/wp-content\/uploads\/2019\/08\/el-haicha-tna-01-768x502.jpg 768w, https:\/\/tna.dz\/fr\/wp-content\/uploads\/2019\/08\/el-haicha-tna-01.jpg 800w\" sizes=\"(max-width: 300px) 100vw, 300px\" \/><\/a>\n\t\t\t<\/div><\/figure><figure class='gallery-item'>\n\t\t\t<div class='gallery-icon landscape'>\n\t\t\t\t<a href='https:\/\/tna.dz\/fr\/wp-content\/uploads\/2019\/08\/el-haicha-tna-02.jpg'><img width=\"300\" height=\"196\" src=\"https:\/\/tna.dz\/fr\/wp-content\/uploads\/2019\/08\/el-haicha-tna-02-300x196.jpg\" class=\"attachment-medium size-medium\" alt=\"\" decoding=\"async\" loading=\"lazy\" srcset=\"https:\/\/tna.dz\/fr\/wp-content\/uploads\/2019\/08\/el-haicha-tna-02-300x196.jpg 300w, https:\/\/tna.dz\/fr\/wp-content\/uploads\/2019\/08\/el-haicha-tna-02-768x502.jpg 768w, https:\/\/tna.dz\/fr\/wp-content\/uploads\/2019\/08\/el-haicha-tna-02.jpg 800w\" sizes=\"(max-width: 300px) 100vw, 300px\" \/><\/a>\n\t\t\t<\/div><\/figure>\n\t\t<\/div>\n\n","protected":false},"excerpt":{"rendered":"<p>Production du Th\u00e9\u00e2tre National Alg\u00e9rien -2015 Fiche Technique\u00a0: Texte\u00a0: Adaptateur\u00a0: Mohamed Cherchell Metteur en sc\u00e8ne\u00a0: Sc\u00e9nographie\u00a0: Distribution\u00a0: R\u00e9sum\u00e9 de la pi\u00e8ce\u00a0: Dans une ville, ou plut\u00f4t un village quelconque, les habitants vont se retrouver confront\u00e9s. La pi\u00e8ce s\u2019inscrit dans le th\u00e9\u00e2tre de sensibilisation. Elle met en confrontation deux personnes handicap\u00e9es, qui discutent l\u2019image ou le &hellip;<\/p>\n","protected":false},"author":1,"featured_media":0,"comment_status":"closed","ping_status":"closed","sticky":false,"template":"","format":"standard","meta":{"footnotes":""},"categories":[98,46],"tags":[],"yoast_head":"<!-- This site is optimized with the Yoast SEO plugin v21.2 - https:\/\/yoast.com\/wordpress\/plugins\/seo\/ -->\n<title>El-Ha\u00efcha \/ (Le Rhinoc\u00e9ros) - Th\u00e9\u00e2tre national alg\u00e9rien<\/title>\n<meta name=\"description\" content=\"Production du Th\u00e9\u00e2tre National Alg\u00e9rien -2015 Fiche Technique\u00a0: Texte\u00a0: Adaptateur\u00a0: Mohamed Cherchell Metteur en sc\u00e8ne\u00a0: Sc\u00e9nographie\u00a0: Distribution\u00a0:\" \/>\n<meta name=\"robots\" content=\"index, follow, max-snippet:-1, max-image-preview:large, max-video-preview:-1\" \/>\n<link rel=\"canonical\" href=\"https:\/\/tna.dz\/fr\/el-haicha-le-rhinoceros\/\" \/>\n<meta property=\"og:locale\" content=\"fr_FR\" \/>\n<meta property=\"og:type\" content=\"article\" \/>\n<meta property=\"og:title\" content=\"El-Ha\u00efcha \/ (Le Rhinoc\u00e9ros) - Th\u00e9\u00e2tre national alg\u00e9rien\" \/>\n<meta property=\"og:description\" content=\"Production du Th\u00e9\u00e2tre National Alg\u00e9rien -2015 Fiche Technique\u00a0: Texte\u00a0: Adaptateur\u00a0: Mohamed Cherchell Metteur en sc\u00e8ne\u00a0: Sc\u00e9nographie\u00a0: Distribution\u00a0:\" \/>\n<meta property=\"og:url\" content=\"https:\/\/tna.dz\/fr\/el-haicha-le-rhinoceros\/\" \/>\n<meta property=\"og:site_name\" content=\"Th\u00e9\u00e2tre national alg\u00e9rien\" \/>\n<meta property=\"article:published_time\" content=\"2019-08-05T18:33:02+00:00\" \/>\n<meta property=\"article:modified_time\" content=\"2020-01-19T17:57:38+00:00\" \/>\n<meta property=\"og:image\" content=\"https:\/\/tna.dz\/fr\/wp-content\/uploads\/2019\/08\/el-haicha-tna-01-300x196.jpg\" \/>\n<meta name=\"author\" content=\"omarAdmin\" \/>\n<meta name=\"twitter:card\" content=\"summary_large_image\" \/>\n<meta name=\"twitter:label1\" content=\"\u00c9crit par\" \/>\n\t<meta name=\"twitter:data1\" content=\"omarAdmin\" \/>\n\t<meta name=\"twitter:label2\" content=\"Dur\u00e9e de lecture estim\u00e9e\" \/>\n\t<meta name=\"twitter:data2\" content=\"1 minute\" \/>\n<script type=\"application\/ld+json\" class=\"yoast-schema-graph\">{\"@context\":\"https:\/\/schema.org\",\"@graph\":[{\"@type\":\"Article\",\"@id\":\"https:\/\/tna.dz\/fr\/el-haicha-le-rhinoceros\/#article\",\"isPartOf\":{\"@id\":\"https:\/\/tna.dz\/fr\/el-haicha-le-rhinoceros\/\"},\"author\":{\"name\":\"omarAdmin\",\"@id\":\"https:\/\/tna.dz\/fr\/#\/schema\/person\/101481cc92bfc5def5711088d2a24632\"},\"headline\":\"El-Ha\u00efcha \/ (Le Rhinoc\u00e9ros)\",\"datePublished\":\"2019-08-05T18:33:02+00:00\",\"dateModified\":\"2020-01-19T17:57:38+00:00\",\"mainEntityOfPage\":{\"@id\":\"https:\/\/tna.dz\/fr\/el-haicha-le-rhinoceros\/\"},\"wordCount\":199,\"publisher\":{\"@id\":\"https:\/\/tna.dz\/fr\/#organization\"},\"articleSection\":[\"ann\u00e9e 2015\",\"Pi\u00e8ces de th\u00e9\u00e2tre en 2010 - 2019\"],\"inLanguage\":\"fr-FR\"},{\"@type\":\"WebPage\",\"@id\":\"https:\/\/tna.dz\/fr\/el-haicha-le-rhinoceros\/\",\"url\":\"https:\/\/tna.dz\/fr\/el-haicha-le-rhinoceros\/\",\"name\":\"El-Ha\u00efcha \/ (Le Rhinoc\u00e9ros) - Th\u00e9\u00e2tre national alg\u00e9rien\",\"isPartOf\":{\"@id\":\"https:\/\/tna.dz\/fr\/#website\"},\"datePublished\":\"2019-08-05T18:33:02+00:00\",\"dateModified\":\"2020-01-19T17:57:38+00:00\",\"description\":\"Production du Th\u00e9\u00e2tre National Alg\u00e9rien -2015 Fiche Technique\u00a0: Texte\u00a0: Adaptateur\u00a0: Mohamed Cherchell Metteur en sc\u00e8ne\u00a0: Sc\u00e9nographie\u00a0: Distribution\u00a0:\",\"breadcrumb\":{\"@id\":\"https:\/\/tna.dz\/fr\/el-haicha-le-rhinoceros\/#breadcrumb\"},\"inLanguage\":\"fr-FR\",\"potentialAction\":[{\"@type\":\"ReadAction\",\"target\":[\"https:\/\/tna.dz\/fr\/el-haicha-le-rhinoceros\/\"]}]},{\"@type\":\"BreadcrumbList\",\"@id\":\"https:\/\/tna.dz\/fr\/el-haicha-le-rhinoceros\/#breadcrumb\",\"itemListElement\":[{\"@type\":\"ListItem\",\"position\":1,\"name\":\"Accueil\",\"item\":\"https:\/\/tna.dz\/fr\/\"},{\"@type\":\"ListItem\",\"position\":2,\"name\":\"El-Ha\u00efcha \/ (Le Rhinoc\u00e9ros)\"}]},{\"@type\":\"WebSite\",\"@id\":\"https:\/\/tna.dz\/fr\/#website\",\"url\":\"https:\/\/tna.dz\/fr\/\",\"name\":\"Th\u00e9\u00e2tre national alg\u00e9rien\",\"description\":\"Th\u00e9\u00e2tre national alg\u00e9rien Mahieddine Bachtarzi\",\"publisher\":{\"@id\":\"https:\/\/tna.dz\/fr\/#organization\"},\"potentialAction\":[{\"@type\":\"SearchAction\",\"target\":{\"@type\":\"EntryPoint\",\"urlTemplate\":\"https:\/\/tna.dz\/fr\/?s={search_term_string}\"},\"query-input\":\"required name=search_term_string\"}],\"inLanguage\":\"fr-FR\"},{\"@type\":\"Organization\",\"@id\":\"https:\/\/tna.dz\/fr\/#organization\",\"name\":\"Le Th\u00e9\u00e2tre national alg\u00e9rien\",\"url\":\"https:\/\/tna.dz\/fr\/\",\"logo\":{\"@type\":\"ImageObject\",\"inLanguage\":\"fr-FR\",\"@id\":\"https:\/\/tna.dz\/fr\/#\/schema\/logo\/image\/\",\"url\":\"https:\/\/www.tna.dz\/fr\/wp-content\/uploads\/2019\/11\/repertoire-tna-2018-2-1.png\",\"contentUrl\":\"https:\/\/www.tna.dz\/fr\/wp-content\/uploads\/2019\/11\/repertoire-tna-2018-2-1.png\",\"width\":200,\"height\":84,\"caption\":\"Le Th\u00e9\u00e2tre national alg\u00e9rien\"},\"image\":{\"@id\":\"https:\/\/tna.dz\/fr\/#\/schema\/logo\/image\/\"}},{\"@type\":\"Person\",\"@id\":\"https:\/\/tna.dz\/fr\/#\/schema\/person\/101481cc92bfc5def5711088d2a24632\",\"name\":\"omarAdmin\",\"image\":{\"@type\":\"ImageObject\",\"inLanguage\":\"fr-FR\",\"@id\":\"https:\/\/tna.dz\/fr\/#\/schema\/person\/image\/\",\"url\":\"https:\/\/secure.gravatar.com\/avatar\/2018ebac09ef03c2c32dd119d4429714?s=96&d=mm&r=g\",\"contentUrl\":\"https:\/\/secure.gravatar.com\/avatar\/2018ebac09ef03c2c32dd119d4429714?s=96&d=mm&r=g\",\"caption\":\"omarAdmin\"},\"url\":\"https:\/\/tna.dz\/fr\/author\/omaradmin\/\"}]}<\/script>\n<!-- \/ Yoast SEO plugin. -->","yoast_head_json":{"title":"El-Ha\u00efcha \/ (Le Rhinoc\u00e9ros) - Th\u00e9\u00e2tre national alg\u00e9rien","description":"Production du Th\u00e9\u00e2tre National Alg\u00e9rien -2015 Fiche Technique\u00a0: Texte\u00a0: Adaptateur\u00a0: Mohamed Cherchell Metteur en sc\u00e8ne\u00a0: Sc\u00e9nographie\u00a0: Distribution\u00a0:","robots":{"index":"index","follow":"follow","max-snippet":"max-snippet:-1","max-image-preview":"max-image-preview:large","max-video-preview":"max-video-preview:-1"},"canonical":"https:\/\/tna.dz\/fr\/el-haicha-le-rhinoceros\/","og_locale":"fr_FR","og_type":"article","og_title":"El-Ha\u00efcha \/ (Le Rhinoc\u00e9ros) - Th\u00e9\u00e2tre national alg\u00e9rien","og_description":"Production du Th\u00e9\u00e2tre National Alg\u00e9rien -2015 Fiche Technique\u00a0: Texte\u00a0: Adaptateur\u00a0: Mohamed Cherchell Metteur en sc\u00e8ne\u00a0: Sc\u00e9nographie\u00a0: Distribution\u00a0:","og_url":"https:\/\/tna.dz\/fr\/el-haicha-le-rhinoceros\/","og_site_name":"Th\u00e9\u00e2tre national alg\u00e9rien","article_published_time":"2019-08-05T18:33:02+00:00","article_modified_time":"2020-01-19T17:57:38+00:00","og_image":[{"url":"https:\/\/tna.dz\/fr\/wp-content\/uploads\/2019\/08\/el-haicha-tna-01-300x196.jpg"}],"author":"omarAdmin","twitter_card":"summary_large_image","twitter_misc":{"\u00c9crit par":"omarAdmin","Dur\u00e9e de lecture estim\u00e9e":"1 minute"},"schema":{"@context":"https:\/\/schema.org","@graph":[{"@type":"Article","@id":"https:\/\/tna.dz\/fr\/el-haicha-le-rhinoceros\/#article","isPartOf":{"@id":"https:\/\/tna.dz\/fr\/el-haicha-le-rhinoceros\/"},"author":{"name":"omarAdmin","@id":"https:\/\/tna.dz\/fr\/#\/schema\/person\/101481cc92bfc5def5711088d2a24632"},"headline":"El-Ha\u00efcha \/ (Le Rhinoc\u00e9ros)","datePublished":"2019-08-05T18:33:02+00:00","dateModified":"2020-01-19T17:57:38+00:00","mainEntityOfPage":{"@id":"https:\/\/tna.dz\/fr\/el-haicha-le-rhinoceros\/"},"wordCount":199,"publisher":{"@id":"https:\/\/tna.dz\/fr\/#organization"},"articleSection":["ann\u00e9e 2015","Pi\u00e8ces de th\u00e9\u00e2tre en 2010 - 2019"],"inLanguage":"fr-FR"},{"@type":"WebPage","@id":"https:\/\/tna.dz\/fr\/el-haicha-le-rhinoceros\/","url":"https:\/\/tna.dz\/fr\/el-haicha-le-rhinoceros\/","name":"El-Ha\u00efcha \/ (Le Rhinoc\u00e9ros) - Th\u00e9\u00e2tre national alg\u00e9rien","isPartOf":{"@id":"https:\/\/tna.dz\/fr\/#website"},"datePublished":"2019-08-05T18:33:02+00:00","dateModified":"2020-01-19T17:57:38+00:00","description":"Production du Th\u00e9\u00e2tre National Alg\u00e9rien -2015 Fiche Technique\u00a0: Texte\u00a0: Adaptateur\u00a0: Mohamed Cherchell Metteur en sc\u00e8ne\u00a0: Sc\u00e9nographie\u00a0: Distribution\u00a0:","breadcrumb":{"@id":"https:\/\/tna.dz\/fr\/el-haicha-le-rhinoceros\/#breadcrumb"},"inLanguage":"fr-FR","potentialAction":[{"@type":"ReadAction","target":["https:\/\/tna.dz\/fr\/el-haicha-le-rhinoceros\/"]}]},{"@type":"BreadcrumbList","@id":"https:\/\/tna.dz\/fr\/el-haicha-le-rhinoceros\/#breadcrumb","itemListElement":[{"@type":"ListItem","position":1,"name":"Accueil","item":"https:\/\/tna.dz\/fr\/"},{"@type":"ListItem","position":2,"name":"El-Ha\u00efcha \/ (Le Rhinoc\u00e9ros)"}]},{"@type":"WebSite","@id":"https:\/\/tna.dz\/fr\/#website","url":"https:\/\/tna.dz\/fr\/","name":"Th\u00e9\u00e2tre national alg\u00e9rien","description":"Th\u00e9\u00e2tre national alg\u00e9rien Mahieddine Bachtarzi","publisher":{"@id":"https:\/\/tna.dz\/fr\/#organization"},"potentialAction":[{"@type":"SearchAction","target":{"@type":"EntryPoint","urlTemplate":"https:\/\/tna.dz\/fr\/?s={search_term_string}"},"query-input":"required name=search_term_string"}],"inLanguage":"fr-FR"},{"@type":"Organization","@id":"https:\/\/tna.dz\/fr\/#organization","name":"Le Th\u00e9\u00e2tre national alg\u00e9rien","url":"https:\/\/tna.dz\/fr\/","logo":{"@type":"ImageObject","inLanguage":"fr-FR","@id":"https:\/\/tna.dz\/fr\/#\/schema\/logo\/image\/","url":"https:\/\/www.tna.dz\/fr\/wp-content\/uploads\/2019\/11\/repertoire-tna-2018-2-1.png","contentUrl":"https:\/\/www.tna.dz\/fr\/wp-content\/uploads\/2019\/11\/repertoire-tna-2018-2-1.png","width":200,"height":84,"caption":"Le Th\u00e9\u00e2tre national alg\u00e9rien"},"image":{"@id":"https:\/\/tna.dz\/fr\/#\/schema\/logo\/image\/"}},{"@type":"Person","@id":"https:\/\/tna.dz\/fr\/#\/schema\/person\/101481cc92bfc5def5711088d2a24632","name":"omarAdmin","image":{"@type":"ImageObject","inLanguage":"fr-FR","@id":"https:\/\/tna.dz\/fr\/#\/schema\/person\/image\/","url":"https:\/\/secure.gravatar.com\/avatar\/2018ebac09ef03c2c32dd119d4429714?s=96&d=mm&r=g","contentUrl":"https:\/\/secure.gravatar.com\/avatar\/2018ebac09ef03c2c32dd119d4429714?s=96&d=mm&r=g","caption":"omarAdmin"},"url":"https:\/\/tna.dz\/fr\/author\/omaradmin\/"}]}},"_links":{"self":[{"href":"https:\/\/tna.dz\/fr\/wp-json\/wp\/v2\/posts\/1353"}],"collection":[{"href":"https:\/\/tna.dz\/fr\/wp-json\/wp\/v2\/posts"}],"about":[{"href":"https:\/\/tna.dz\/fr\/wp-json\/wp\/v2\/types\/post"}],"author":[{"embeddable":true,"href":"https:\/\/tna.dz\/fr\/wp-json\/wp\/v2\/users\/1"}],"replies":[{"embeddable":true,"href":"https:\/\/tna.dz\/fr\/wp-json\/wp\/v2\/comments?post=1353"}],"version-history":[{"count":0,"href":"https:\/\/tna.dz\/fr\/wp-json\/wp\/v2\/posts\/1353\/revisions"}],"wp:attachment":[{"href":"https:\/\/tna.dz\/fr\/wp-json\/wp\/v2\/media?parent=1353"}],"wp:term":[{"taxonomy":"category","embeddable":true,"href":"https:\/\/tna.dz\/fr\/wp-json\/wp\/v2\/categories?post=1353"},{"taxonomy":"post_tag","embeddable":true,"href":"https:\/\/tna.dz\/fr\/wp-json\/wp\/v2\/tags?post=1353"}],"curies":[{"name":"wp","href":"https:\/\/api.w.org\/{rel}","templated":true}]}}