{"id":1367,"date":"2019-08-05T18:36:44","date_gmt":"2019-08-05T18:36:44","guid":{"rendered":"http:\/\/tna.dz\/fr\/?p=1367"},"modified":"2020-01-19T18:40:18","modified_gmt":"2020-01-19T18:40:18","slug":"karyat-el-amane-village-de-securite","status":"publish","type":"post","link":"https:\/\/tna.dz\/fr\/karyat-el-amane-village-de-securite\/","title":{"rendered":"Karyat El-Amane \/ ( Village de s\u00e9curit\u00e9 )"},"content":{"rendered":"<p><strong>Production du th\u00e9\u00e2tre National Alg\u00e9rien 2016 (Th\u00e9\u00e2tre pour enfants)<\/strong><\/p>\n<p><strong>Texte<\/strong> : Karyat El-Amane<\/p>\n<p><strong>Auteur<\/strong> : Yazid Sahraoui.<\/p>\n<p><strong>Mise en Sc\u00e9ne<\/strong> : Souad Sebki.<\/p>\n<p><strong>Assistante<\/strong> : Amel Menghad.<\/p>\n<p><strong>Sc\u00e9nographie<\/strong> : Toufik Anssar.<\/p>\n<p><strong>R\u00e9sum\u00e9 :<\/strong><\/p>\n<p>Karyat El-Amane, pi\u00e8ce de th\u00e9\u00e2tre pour enfants, \u00e9crite par Yazid Sahraoui et\u00a0 mise en sc\u00e8ne par Souad Sebki, est une com\u00e9die distractive et ludique, qui enchante les enfants par son r\u00e9cit fabuleux et les moralise au bien qui gagne toujours contre le mal<\/p>\n<p>La pi\u00e8ce raconte l\u2019histoire d\u2019un village paisible et tranquille habit\u00e9 par des musulmans connus pour\u00a0 leur bont\u00e9 du c\u0153ur et leurs actes bienveillants. Mais derri\u00e8re la montagne, \u00e0 proximit\u00e9 du village vivait, dans une for\u00eat noire ,appel\u00e9e famili\u00e8rement \u00ab jungle Kahla \u00bb, une personne m\u00e9chante.\u00a0 Un jour d\u2019\u00e9t\u00e9, son puits se dess\u00e9cha et\u00a0 fut\u00a0 contraint de partir \u00e0 la qu\u00eate d\u2019un autre. Aid\u00e9 par son fid\u00e8le serviteur, il fut guid\u00e9 \u00e0 Karyat El-Amane (Village de s\u00e9curit\u00e9) qui jouit d\u2019une faune luxurieuse et de l\u2019abondance de l\u2019eau. Comme il \u00e9tait odieux, il commen\u00e7a \u00e0 faire souffrir les habitants pacifistes et paisibles. A la fin, les habitants s\u2019organis\u00e8rent et le chass\u00e8rent du village.<\/p>\n<p>&nbsp;<\/p>\n<div id='gallery-1' class='gallery galleryid-1367 gallery-columns-2 gallery-size-medium'><figure class='gallery-item'>\n\t\t\t<div class='gallery-icon landscape'>\n\t\t\t\t<a href='https:\/\/tna.dz\/fr\/wp-content\/uploads\/2019\/08\/Village-de-s\u00e9curit\u00e9-2016-1.jpg'><img width=\"300\" height=\"196\" src=\"https:\/\/tna.dz\/fr\/wp-content\/uploads\/2019\/08\/Village-de-s\u00e9curit\u00e9-2016-1-300x196.jpg\" class=\"attachment-medium size-medium\" alt=\"\" decoding=\"async\" loading=\"lazy\" srcset=\"https:\/\/tna.dz\/fr\/wp-content\/uploads\/2019\/08\/Village-de-s\u00e9curit\u00e9-2016-1-300x196.jpg 300w, https:\/\/tna.dz\/fr\/wp-content\/uploads\/2019\/08\/Village-de-s\u00e9curit\u00e9-2016-1-768x502.jpg 768w, https:\/\/tna.dz\/fr\/wp-content\/uploads\/2019\/08\/Village-de-s\u00e9curit\u00e9-2016-1.jpg 800w\" sizes=\"(max-width: 300px) 100vw, 300px\" \/><\/a>\n\t\t\t<\/div><\/figure><figure class='gallery-item'>\n\t\t\t<div class='gallery-icon landscape'>\n\t\t\t\t<a href='https:\/\/tna.dz\/fr\/wp-content\/uploads\/2019\/08\/Village-de-s\u00e9curit\u00e9-2016-2.jpg'><img width=\"300\" height=\"196\" src=\"https:\/\/tna.dz\/fr\/wp-content\/uploads\/2019\/08\/Village-de-s\u00e9curit\u00e9-2016-2-300x196.jpg\" class=\"attachment-medium size-medium\" alt=\"\" decoding=\"async\" loading=\"lazy\" srcset=\"https:\/\/tna.dz\/fr\/wp-content\/uploads\/2019\/08\/Village-de-s\u00e9curit\u00e9-2016-2-300x196.jpg 300w, https:\/\/tna.dz\/fr\/wp-content\/uploads\/2019\/08\/Village-de-s\u00e9curit\u00e9-2016-2-768x502.jpg 768w, https:\/\/tna.dz\/fr\/wp-content\/uploads\/2019\/08\/Village-de-s\u00e9curit\u00e9-2016-2.jpg 800w\" sizes=\"(max-width: 300px) 100vw, 300px\" \/><\/a>\n\t\t\t<\/div><\/figure>\n\t\t<\/div>\n\n","protected":false},"excerpt":{"rendered":"<p>Production du th\u00e9\u00e2tre National Alg\u00e9rien 2016 (Th\u00e9\u00e2tre pour enfants) Texte : Karyat El-Amane Auteur : Yazid Sahraoui. Mise en Sc\u00e9ne : Souad Sebki. Assistante : Amel Menghad. Sc\u00e9nographie : Toufik Anssar. R\u00e9sum\u00e9 : Karyat El-Amane, pi\u00e8ce de th\u00e9\u00e2tre pour enfants, \u00e9crite par Yazid Sahraoui et\u00a0 mise en sc\u00e8ne par Souad Sebki, est une com\u00e9die distractive &hellip;<\/p>\n","protected":false},"author":1,"featured_media":0,"comment_status":"closed","ping_status":"closed","sticky":false,"template":"","format":"standard","meta":{"footnotes":""},"categories":[99,46],"tags":[],"yoast_head":"<!-- This site is optimized with the Yoast SEO plugin v21.2 - https:\/\/yoast.com\/wordpress\/plugins\/seo\/ -->\n<title>Karyat El-Amane \/ ( Village de s\u00e9curit\u00e9 ) - Th\u00e9\u00e2tre national alg\u00e9rien<\/title>\n<meta name=\"description\" content=\"Production du th\u00e9\u00e2tre National Alg\u00e9rien 2016 (Th\u00e9\u00e2tre pour enfants) Texte : Karyat El-Amane Auteur : Yazid Sahraoui. Mise en Sc\u00e9ne : Souad Sebki.\" \/>\n<meta name=\"robots\" content=\"index, follow, max-snippet:-1, max-image-preview:large, max-video-preview:-1\" \/>\n<link rel=\"canonical\" href=\"https:\/\/tna.dz\/fr\/karyat-el-amane-village-de-securite\/\" \/>\n<meta property=\"og:locale\" content=\"fr_FR\" \/>\n<meta property=\"og:type\" content=\"article\" \/>\n<meta property=\"og:title\" content=\"Karyat El-Amane \/ ( Village de s\u00e9curit\u00e9 ) - Th\u00e9\u00e2tre national alg\u00e9rien\" \/>\n<meta property=\"og:description\" content=\"Production du th\u00e9\u00e2tre National Alg\u00e9rien 2016 (Th\u00e9\u00e2tre pour enfants) Texte : Karyat El-Amane Auteur : Yazid Sahraoui. Mise en Sc\u00e9ne : Souad Sebki.\" \/>\n<meta property=\"og:url\" content=\"https:\/\/tna.dz\/fr\/karyat-el-amane-village-de-securite\/\" \/>\n<meta property=\"og:site_name\" content=\"Th\u00e9\u00e2tre national alg\u00e9rien\" \/>\n<meta property=\"article:published_time\" content=\"2019-08-05T18:36:44+00:00\" \/>\n<meta property=\"article:modified_time\" content=\"2020-01-19T18:40:18+00:00\" \/>\n<meta property=\"og:image\" content=\"https:\/\/tna.dz\/fr\/wp-content\/uploads\/2019\/08\/Village-de-s\u00e9curit\u00e9-2016-1-300x196.jpg\" \/>\n<meta name=\"author\" content=\"omarAdmin\" \/>\n<meta name=\"twitter:card\" content=\"summary_large_image\" \/>\n<meta name=\"twitter:label1\" content=\"\u00c9crit par\" \/>\n\t<meta name=\"twitter:data1\" content=\"omarAdmin\" \/>\n\t<meta name=\"twitter:label2\" content=\"Dur\u00e9e de lecture estim\u00e9e\" \/>\n\t<meta name=\"twitter:data2\" content=\"1 minute\" \/>\n<script type=\"application\/ld+json\" class=\"yoast-schema-graph\">{\"@context\":\"https:\/\/schema.org\",\"@graph\":[{\"@type\":\"Article\",\"@id\":\"https:\/\/tna.dz\/fr\/karyat-el-amane-village-de-securite\/#article\",\"isPartOf\":{\"@id\":\"https:\/\/tna.dz\/fr\/karyat-el-amane-village-de-securite\/\"},\"author\":{\"name\":\"omarAdmin\",\"@id\":\"https:\/\/tna.dz\/fr\/#\/schema\/person\/101481cc92bfc5def5711088d2a24632\"},\"headline\":\"Karyat El-Amane \/ ( Village de s\u00e9curit\u00e9 )\",\"datePublished\":\"2019-08-05T18:36:44+00:00\",\"dateModified\":\"2020-01-19T18:40:18+00:00\",\"mainEntityOfPage\":{\"@id\":\"https:\/\/tna.dz\/fr\/karyat-el-amane-village-de-securite\/\"},\"wordCount\":221,\"publisher\":{\"@id\":\"https:\/\/tna.dz\/fr\/#organization\"},\"articleSection\":[\"ann\u00e9e 2016\",\"Pi\u00e8ces de th\u00e9\u00e2tre en 2010 - 2019\"],\"inLanguage\":\"fr-FR\"},{\"@type\":\"WebPage\",\"@id\":\"https:\/\/tna.dz\/fr\/karyat-el-amane-village-de-securite\/\",\"url\":\"https:\/\/tna.dz\/fr\/karyat-el-amane-village-de-securite\/\",\"name\":\"Karyat El-Amane \/ ( Village de s\u00e9curit\u00e9 ) - Th\u00e9\u00e2tre national alg\u00e9rien\",\"isPartOf\":{\"@id\":\"https:\/\/tna.dz\/fr\/#website\"},\"datePublished\":\"2019-08-05T18:36:44+00:00\",\"dateModified\":\"2020-01-19T18:40:18+00:00\",\"description\":\"Production du th\u00e9\u00e2tre National Alg\u00e9rien 2016 (Th\u00e9\u00e2tre pour enfants) Texte : Karyat El-Amane Auteur : Yazid Sahraoui. Mise en Sc\u00e9ne : Souad Sebki.\",\"breadcrumb\":{\"@id\":\"https:\/\/tna.dz\/fr\/karyat-el-amane-village-de-securite\/#breadcrumb\"},\"inLanguage\":\"fr-FR\",\"potentialAction\":[{\"@type\":\"ReadAction\",\"target\":[\"https:\/\/tna.dz\/fr\/karyat-el-amane-village-de-securite\/\"]}]},{\"@type\":\"BreadcrumbList\",\"@id\":\"https:\/\/tna.dz\/fr\/karyat-el-amane-village-de-securite\/#breadcrumb\",\"itemListElement\":[{\"@type\":\"ListItem\",\"position\":1,\"name\":\"Accueil\",\"item\":\"https:\/\/tna.dz\/fr\/\"},{\"@type\":\"ListItem\",\"position\":2,\"name\":\"Karyat El-Amane \/ ( Village de s\u00e9curit\u00e9 )\"}]},{\"@type\":\"WebSite\",\"@id\":\"https:\/\/tna.dz\/fr\/#website\",\"url\":\"https:\/\/tna.dz\/fr\/\",\"name\":\"Th\u00e9\u00e2tre national alg\u00e9rien\",\"description\":\"Th\u00e9\u00e2tre national alg\u00e9rien Mahieddine Bachtarzi\",\"publisher\":{\"@id\":\"https:\/\/tna.dz\/fr\/#organization\"},\"potentialAction\":[{\"@type\":\"SearchAction\",\"target\":{\"@type\":\"EntryPoint\",\"urlTemplate\":\"https:\/\/tna.dz\/fr\/?s={search_term_string}\"},\"query-input\":\"required name=search_term_string\"}],\"inLanguage\":\"fr-FR\"},{\"@type\":\"Organization\",\"@id\":\"https:\/\/tna.dz\/fr\/#organization\",\"name\":\"Le Th\u00e9\u00e2tre national alg\u00e9rien\",\"url\":\"https:\/\/tna.dz\/fr\/\",\"logo\":{\"@type\":\"ImageObject\",\"inLanguage\":\"fr-FR\",\"@id\":\"https:\/\/tna.dz\/fr\/#\/schema\/logo\/image\/\",\"url\":\"https:\/\/www.tna.dz\/fr\/wp-content\/uploads\/2019\/11\/repertoire-tna-2018-2-1.png\",\"contentUrl\":\"https:\/\/www.tna.dz\/fr\/wp-content\/uploads\/2019\/11\/repertoire-tna-2018-2-1.png\",\"width\":200,\"height\":84,\"caption\":\"Le Th\u00e9\u00e2tre national alg\u00e9rien\"},\"image\":{\"@id\":\"https:\/\/tna.dz\/fr\/#\/schema\/logo\/image\/\"}},{\"@type\":\"Person\",\"@id\":\"https:\/\/tna.dz\/fr\/#\/schema\/person\/101481cc92bfc5def5711088d2a24632\",\"name\":\"omarAdmin\",\"image\":{\"@type\":\"ImageObject\",\"inLanguage\":\"fr-FR\",\"@id\":\"https:\/\/tna.dz\/fr\/#\/schema\/person\/image\/\",\"url\":\"https:\/\/secure.gravatar.com\/avatar\/2018ebac09ef03c2c32dd119d4429714?s=96&d=mm&r=g\",\"contentUrl\":\"https:\/\/secure.gravatar.com\/avatar\/2018ebac09ef03c2c32dd119d4429714?s=96&d=mm&r=g\",\"caption\":\"omarAdmin\"},\"url\":\"https:\/\/tna.dz\/fr\/author\/omaradmin\/\"}]}<\/script>\n<!-- \/ Yoast SEO plugin. -->","yoast_head_json":{"title":"Karyat El-Amane \/ ( Village de s\u00e9curit\u00e9 ) - Th\u00e9\u00e2tre national alg\u00e9rien","description":"Production du th\u00e9\u00e2tre National Alg\u00e9rien 2016 (Th\u00e9\u00e2tre pour enfants) Texte : Karyat El-Amane Auteur : Yazid Sahraoui. Mise en Sc\u00e9ne : Souad Sebki.","robots":{"index":"index","follow":"follow","max-snippet":"max-snippet:-1","max-image-preview":"max-image-preview:large","max-video-preview":"max-video-preview:-1"},"canonical":"https:\/\/tna.dz\/fr\/karyat-el-amane-village-de-securite\/","og_locale":"fr_FR","og_type":"article","og_title":"Karyat El-Amane \/ ( Village de s\u00e9curit\u00e9 ) - Th\u00e9\u00e2tre national alg\u00e9rien","og_description":"Production du th\u00e9\u00e2tre National Alg\u00e9rien 2016 (Th\u00e9\u00e2tre pour enfants) Texte : Karyat El-Amane Auteur : Yazid Sahraoui. Mise en Sc\u00e9ne : Souad Sebki.","og_url":"https:\/\/tna.dz\/fr\/karyat-el-amane-village-de-securite\/","og_site_name":"Th\u00e9\u00e2tre national alg\u00e9rien","article_published_time":"2019-08-05T18:36:44+00:00","article_modified_time":"2020-01-19T18:40:18+00:00","og_image":[{"url":"https:\/\/tna.dz\/fr\/wp-content\/uploads\/2019\/08\/Village-de-s\u00e9curit\u00e9-2016-1-300x196.jpg"}],"author":"omarAdmin","twitter_card":"summary_large_image","twitter_misc":{"\u00c9crit par":"omarAdmin","Dur\u00e9e de lecture estim\u00e9e":"1 minute"},"schema":{"@context":"https:\/\/schema.org","@graph":[{"@type":"Article","@id":"https:\/\/tna.dz\/fr\/karyat-el-amane-village-de-securite\/#article","isPartOf":{"@id":"https:\/\/tna.dz\/fr\/karyat-el-amane-village-de-securite\/"},"author":{"name":"omarAdmin","@id":"https:\/\/tna.dz\/fr\/#\/schema\/person\/101481cc92bfc5def5711088d2a24632"},"headline":"Karyat El-Amane \/ ( Village de s\u00e9curit\u00e9 )","datePublished":"2019-08-05T18:36:44+00:00","dateModified":"2020-01-19T18:40:18+00:00","mainEntityOfPage":{"@id":"https:\/\/tna.dz\/fr\/karyat-el-amane-village-de-securite\/"},"wordCount":221,"publisher":{"@id":"https:\/\/tna.dz\/fr\/#organization"},"articleSection":["ann\u00e9e 2016","Pi\u00e8ces de th\u00e9\u00e2tre en 2010 - 2019"],"inLanguage":"fr-FR"},{"@type":"WebPage","@id":"https:\/\/tna.dz\/fr\/karyat-el-amane-village-de-securite\/","url":"https:\/\/tna.dz\/fr\/karyat-el-amane-village-de-securite\/","name":"Karyat El-Amane \/ ( Village de s\u00e9curit\u00e9 ) - Th\u00e9\u00e2tre national alg\u00e9rien","isPartOf":{"@id":"https:\/\/tna.dz\/fr\/#website"},"datePublished":"2019-08-05T18:36:44+00:00","dateModified":"2020-01-19T18:40:18+00:00","description":"Production du th\u00e9\u00e2tre National Alg\u00e9rien 2016 (Th\u00e9\u00e2tre pour enfants) Texte : Karyat El-Amane Auteur : Yazid Sahraoui. Mise en Sc\u00e9ne : Souad Sebki.","breadcrumb":{"@id":"https:\/\/tna.dz\/fr\/karyat-el-amane-village-de-securite\/#breadcrumb"},"inLanguage":"fr-FR","potentialAction":[{"@type":"ReadAction","target":["https:\/\/tna.dz\/fr\/karyat-el-amane-village-de-securite\/"]}]},{"@type":"BreadcrumbList","@id":"https:\/\/tna.dz\/fr\/karyat-el-amane-village-de-securite\/#breadcrumb","itemListElement":[{"@type":"ListItem","position":1,"name":"Accueil","item":"https:\/\/tna.dz\/fr\/"},{"@type":"ListItem","position":2,"name":"Karyat El-Amane \/ ( Village de s\u00e9curit\u00e9 )"}]},{"@type":"WebSite","@id":"https:\/\/tna.dz\/fr\/#website","url":"https:\/\/tna.dz\/fr\/","name":"Th\u00e9\u00e2tre national alg\u00e9rien","description":"Th\u00e9\u00e2tre national alg\u00e9rien Mahieddine Bachtarzi","publisher":{"@id":"https:\/\/tna.dz\/fr\/#organization"},"potentialAction":[{"@type":"SearchAction","target":{"@type":"EntryPoint","urlTemplate":"https:\/\/tna.dz\/fr\/?s={search_term_string}"},"query-input":"required name=search_term_string"}],"inLanguage":"fr-FR"},{"@type":"Organization","@id":"https:\/\/tna.dz\/fr\/#organization","name":"Le Th\u00e9\u00e2tre national alg\u00e9rien","url":"https:\/\/tna.dz\/fr\/","logo":{"@type":"ImageObject","inLanguage":"fr-FR","@id":"https:\/\/tna.dz\/fr\/#\/schema\/logo\/image\/","url":"https:\/\/www.tna.dz\/fr\/wp-content\/uploads\/2019\/11\/repertoire-tna-2018-2-1.png","contentUrl":"https:\/\/www.tna.dz\/fr\/wp-content\/uploads\/2019\/11\/repertoire-tna-2018-2-1.png","width":200,"height":84,"caption":"Le Th\u00e9\u00e2tre national alg\u00e9rien"},"image":{"@id":"https:\/\/tna.dz\/fr\/#\/schema\/logo\/image\/"}},{"@type":"Person","@id":"https:\/\/tna.dz\/fr\/#\/schema\/person\/101481cc92bfc5def5711088d2a24632","name":"omarAdmin","image":{"@type":"ImageObject","inLanguage":"fr-FR","@id":"https:\/\/tna.dz\/fr\/#\/schema\/person\/image\/","url":"https:\/\/secure.gravatar.com\/avatar\/2018ebac09ef03c2c32dd119d4429714?s=96&d=mm&r=g","contentUrl":"https:\/\/secure.gravatar.com\/avatar\/2018ebac09ef03c2c32dd119d4429714?s=96&d=mm&r=g","caption":"omarAdmin"},"url":"https:\/\/tna.dz\/fr\/author\/omaradmin\/"}]}},"_links":{"self":[{"href":"https:\/\/tna.dz\/fr\/wp-json\/wp\/v2\/posts\/1367"}],"collection":[{"href":"https:\/\/tna.dz\/fr\/wp-json\/wp\/v2\/posts"}],"about":[{"href":"https:\/\/tna.dz\/fr\/wp-json\/wp\/v2\/types\/post"}],"author":[{"embeddable":true,"href":"https:\/\/tna.dz\/fr\/wp-json\/wp\/v2\/users\/1"}],"replies":[{"embeddable":true,"href":"https:\/\/tna.dz\/fr\/wp-json\/wp\/v2\/comments?post=1367"}],"version-history":[{"count":0,"href":"https:\/\/tna.dz\/fr\/wp-json\/wp\/v2\/posts\/1367\/revisions"}],"wp:attachment":[{"href":"https:\/\/tna.dz\/fr\/wp-json\/wp\/v2\/media?parent=1367"}],"wp:term":[{"taxonomy":"category","embeddable":true,"href":"https:\/\/tna.dz\/fr\/wp-json\/wp\/v2\/categories?post=1367"},{"taxonomy":"post_tag","embeddable":true,"href":"https:\/\/tna.dz\/fr\/wp-json\/wp\/v2\/tags?post=1367"}],"curies":[{"name":"wp","href":"https:\/\/api.w.org\/{rel}","templated":true}]}}