{"id":1369,"date":"2019-08-05T18:37:17","date_gmt":"2019-08-05T18:37:17","guid":{"rendered":"http:\/\/tna.dz\/fr\/?p=1369"},"modified":"2020-01-19T18:36:14","modified_gmt":"2020-01-19T18:36:14","slug":"sahi-bi-noum-veille-et-sommeil","status":"publish","type":"post","link":"https:\/\/tna.dz\/fr\/sahi-bi-noum-veille-et-sommeil\/","title":{"rendered":"Sahi bi noum \/ Veille et sommeil"},"content":{"rendered":"<p><strong>Production\u00a0 du Th\u00e9\u00e2tre National\u00a0 Alg\u00e9rien \u2013 2016<\/strong><\/p>\n<p><strong>Fiche technique\u00a0:<\/strong><\/p>\n<ul>\n<li><strong> Texte\u00a0: <\/strong>Adapt\u00e9e d\u2019un texte de Rochdi Redouane<\/li>\n<li><strong> Metteur en Sc\u00e8ne\u00a0: <\/strong>Abdelkrim Briber<\/li>\n<li><strong> Sc\u00e9nographie\u00a0:<\/strong> Mourad Bouchehir<\/li>\n<li><strong> Distribution\u00a0:<\/strong> Nesrine Belhadj, Dja\u00e2far Benhelillou, Mahfoud Hani et Mohamed Bezahi,<\/li>\n<\/ul>\n<p><strong>R\u00e9sum\u00e9\u00a0:\u00a0 <\/strong><\/p>\n<p>La \u00a0pi\u00e8ce intitul\u00e9e \u00abSahi bi noum\u00bb, adapt\u00e9e d\u2019un texte de Rochedi Redouane mise en sc\u00e8ne par\u00a0 Abdelkrim Briber Sabhi, est \u00abune com\u00e9die noire et truff\u00e9e de sc\u00e8nes loufoques, elle\u00a0 pose le probl\u00e8me de conscience de soi et\u00a0 elle met l\u2019accent sur les valeurs de loyaut\u00e9, de nationalisme et du devoir.<\/p>\n<p>La pi\u00e8ce\u00a0 se d\u00e9roule dans l\u2019enceinte d\u2019un mus\u00e9e. Un jeune d\u00e9nomm\u00e9 Moh est charg\u00e9 par un groupe de terroristes d&rsquo;y\u00a0 d\u00e9poser une bombe\u00a0 en lui proposant l\u2019affaire du si\u00e8cle , des millions de dinars ,de quoi r\u00e9soudre tous ses probl\u00e8mes financiers et d\u2019\u00e9pouser sa dulcin\u00e9e Hadjla. Moh est devant un cas de conscience difficile \u00e0 r\u00e9soudre. En cours de discussion pour accorder de la l\u00e9gitimit\u00e9 \u00e0 son acte,\u00a0 et\u00a0 au retentissement de l\u2019hymne national, il se saisit de l\u2019engin explosif et court pour se d\u00e9barrasser de lui dehors. Malheureusement, \u00e0\u00a0 peine sorti, l\u2019engin lui explose entre\u00a0 les mains et le tue,et , ainsi, le mus\u00e9e continue \u00e0 pr\u00e9server\u00a0 la m\u00e9moire de l\u2019Alg\u00e9rie.<\/p>\n<p>Prologue.\u00a0 Hadjila, encore traumatis\u00e9e par la mort de son bien-aim\u00e9, revient au mus\u00e9e et trouve le portrait de Moh parmi les h\u00e9ros et les souvenirs lui reviennent de cette journ\u00e9e et de l\u2019acte h\u00e9ro\u00efque de son affectueux aim\u00e9.<\/p>\n<p>&nbsp;<\/p>\n<div id='gallery-1' class='gallery galleryid-1369 gallery-columns-2 gallery-size-medium'><figure class='gallery-item'>\n\t\t\t<div class='gallery-icon landscape'>\n\t\t\t\t<a href='https:\/\/tna.dz\/fr\/wp-content\/uploads\/2019\/08\/sahi-bnoum-tna-01.jpg'><img width=\"300\" height=\"196\" src=\"https:\/\/tna.dz\/fr\/wp-content\/uploads\/2019\/08\/sahi-bnoum-tna-01-300x196.jpg\" class=\"attachment-medium size-medium\" alt=\"\" decoding=\"async\" loading=\"lazy\" srcset=\"https:\/\/tna.dz\/fr\/wp-content\/uploads\/2019\/08\/sahi-bnoum-tna-01-300x196.jpg 300w, https:\/\/tna.dz\/fr\/wp-content\/uploads\/2019\/08\/sahi-bnoum-tna-01-768x502.jpg 768w, https:\/\/tna.dz\/fr\/wp-content\/uploads\/2019\/08\/sahi-bnoum-tna-01.jpg 800w\" sizes=\"(max-width: 300px) 100vw, 300px\" \/><\/a>\n\t\t\t<\/div><\/figure><figure class='gallery-item'>\n\t\t\t<div class='gallery-icon landscape'>\n\t\t\t\t<a href='https:\/\/tna.dz\/fr\/wp-content\/uploads\/2019\/08\/sahi-bnoum-tna-02.jpg'><img width=\"300\" height=\"196\" src=\"https:\/\/tna.dz\/fr\/wp-content\/uploads\/2019\/08\/sahi-bnoum-tna-02-300x196.jpg\" class=\"attachment-medium size-medium\" alt=\"\" decoding=\"async\" loading=\"lazy\" srcset=\"https:\/\/tna.dz\/fr\/wp-content\/uploads\/2019\/08\/sahi-bnoum-tna-02-300x196.jpg 300w, https:\/\/tna.dz\/fr\/wp-content\/uploads\/2019\/08\/sahi-bnoum-tna-02-768x502.jpg 768w, https:\/\/tna.dz\/fr\/wp-content\/uploads\/2019\/08\/sahi-bnoum-tna-02.jpg 800w\" sizes=\"(max-width: 300px) 100vw, 300px\" \/><\/a>\n\t\t\t<\/div><\/figure>\n\t\t<\/div>\n\n<p>&nbsp;<\/p>\n","protected":false},"excerpt":{"rendered":"<p>Production\u00a0 du Th\u00e9\u00e2tre National\u00a0 Alg\u00e9rien \u2013 2016 Fiche technique\u00a0: Texte\u00a0: Adapt\u00e9e d\u2019un texte de Rochdi Redouane Metteur en Sc\u00e8ne\u00a0: Abdelkrim Briber Sc\u00e9nographie\u00a0: Mourad Bouchehir Distribution\u00a0: Nesrine Belhadj, Dja\u00e2far Benhelillou, Mahfoud Hani et Mohamed Bezahi, R\u00e9sum\u00e9\u00a0:\u00a0 La \u00a0pi\u00e8ce intitul\u00e9e \u00abSahi bi noum\u00bb, adapt\u00e9e d\u2019un texte de Rochedi Redouane mise en sc\u00e8ne par\u00a0 Abdelkrim Briber Sabhi, est &hellip;<\/p>\n","protected":false},"author":1,"featured_media":0,"comment_status":"closed","ping_status":"closed","sticky":false,"template":"","format":"standard","meta":{"footnotes":""},"categories":[99,46],"tags":[],"yoast_head":"<!-- This site is optimized with the Yoast SEO plugin v21.2 - https:\/\/yoast.com\/wordpress\/plugins\/seo\/ -->\n<title>Sahi bi noum \/ Veille et sommeil - Th\u00e9\u00e2tre national alg\u00e9rien<\/title>\n<meta name=\"description\" content=\"Production\u00a0 du Th\u00e9\u00e2tre National\u00a0 Alg\u00e9rien \u2013 2016 Fiche technique\u00a0: Texte\u00a0: Adapt\u00e9e d\u2019un texte de Rochdi Redouane Metteur en Sc\u00e8ne\u00a0: Abdelkrim Briber\" \/>\n<meta name=\"robots\" content=\"index, follow, max-snippet:-1, max-image-preview:large, max-video-preview:-1\" \/>\n<link rel=\"canonical\" href=\"https:\/\/tna.dz\/fr\/sahi-bi-noum-veille-et-sommeil\/\" \/>\n<meta property=\"og:locale\" content=\"fr_FR\" \/>\n<meta property=\"og:type\" content=\"article\" \/>\n<meta property=\"og:title\" content=\"Sahi bi noum \/ Veille et sommeil - Th\u00e9\u00e2tre national alg\u00e9rien\" \/>\n<meta property=\"og:description\" content=\"Production\u00a0 du Th\u00e9\u00e2tre National\u00a0 Alg\u00e9rien \u2013 2016 Fiche technique\u00a0: Texte\u00a0: Adapt\u00e9e d\u2019un texte de Rochdi Redouane Metteur en Sc\u00e8ne\u00a0: Abdelkrim Briber\" \/>\n<meta property=\"og:url\" content=\"https:\/\/tna.dz\/fr\/sahi-bi-noum-veille-et-sommeil\/\" \/>\n<meta property=\"og:site_name\" content=\"Th\u00e9\u00e2tre national alg\u00e9rien\" \/>\n<meta property=\"article:published_time\" content=\"2019-08-05T18:37:17+00:00\" \/>\n<meta property=\"article:modified_time\" content=\"2020-01-19T18:36:14+00:00\" \/>\n<meta property=\"og:image\" content=\"https:\/\/tna.dz\/fr\/wp-content\/uploads\/2019\/08\/sahi-bnoum-tna-01-300x196.jpg\" \/>\n<meta name=\"author\" content=\"omarAdmin\" \/>\n<meta name=\"twitter:card\" content=\"summary_large_image\" \/>\n<meta name=\"twitter:label1\" content=\"\u00c9crit par\" \/>\n\t<meta name=\"twitter:data1\" content=\"omarAdmin\" \/>\n\t<meta name=\"twitter:label2\" content=\"Dur\u00e9e de lecture estim\u00e9e\" \/>\n\t<meta name=\"twitter:data2\" content=\"1 minute\" \/>\n<script type=\"application\/ld+json\" class=\"yoast-schema-graph\">{\"@context\":\"https:\/\/schema.org\",\"@graph\":[{\"@type\":\"Article\",\"@id\":\"https:\/\/tna.dz\/fr\/sahi-bi-noum-veille-et-sommeil\/#article\",\"isPartOf\":{\"@id\":\"https:\/\/tna.dz\/fr\/sahi-bi-noum-veille-et-sommeil\/\"},\"author\":{\"name\":\"omarAdmin\",\"@id\":\"https:\/\/tna.dz\/fr\/#\/schema\/person\/101481cc92bfc5def5711088d2a24632\"},\"headline\":\"Sahi bi noum \/ Veille et sommeil\",\"datePublished\":\"2019-08-05T18:37:17+00:00\",\"dateModified\":\"2020-01-19T18:36:14+00:00\",\"mainEntityOfPage\":{\"@id\":\"https:\/\/tna.dz\/fr\/sahi-bi-noum-veille-et-sommeil\/\"},\"wordCount\":293,\"publisher\":{\"@id\":\"https:\/\/tna.dz\/fr\/#organization\"},\"articleSection\":[\"ann\u00e9e 2016\",\"Pi\u00e8ces de th\u00e9\u00e2tre en 2010 - 2019\"],\"inLanguage\":\"fr-FR\"},{\"@type\":\"WebPage\",\"@id\":\"https:\/\/tna.dz\/fr\/sahi-bi-noum-veille-et-sommeil\/\",\"url\":\"https:\/\/tna.dz\/fr\/sahi-bi-noum-veille-et-sommeil\/\",\"name\":\"Sahi bi noum \/ Veille et sommeil - Th\u00e9\u00e2tre national alg\u00e9rien\",\"isPartOf\":{\"@id\":\"https:\/\/tna.dz\/fr\/#website\"},\"datePublished\":\"2019-08-05T18:37:17+00:00\",\"dateModified\":\"2020-01-19T18:36:14+00:00\",\"description\":\"Production\u00a0 du Th\u00e9\u00e2tre National\u00a0 Alg\u00e9rien \u2013 2016 Fiche technique\u00a0: Texte\u00a0: Adapt\u00e9e d\u2019un texte de Rochdi Redouane Metteur en Sc\u00e8ne\u00a0: Abdelkrim Briber\",\"breadcrumb\":{\"@id\":\"https:\/\/tna.dz\/fr\/sahi-bi-noum-veille-et-sommeil\/#breadcrumb\"},\"inLanguage\":\"fr-FR\",\"potentialAction\":[{\"@type\":\"ReadAction\",\"target\":[\"https:\/\/tna.dz\/fr\/sahi-bi-noum-veille-et-sommeil\/\"]}]},{\"@type\":\"BreadcrumbList\",\"@id\":\"https:\/\/tna.dz\/fr\/sahi-bi-noum-veille-et-sommeil\/#breadcrumb\",\"itemListElement\":[{\"@type\":\"ListItem\",\"position\":1,\"name\":\"Accueil\",\"item\":\"https:\/\/tna.dz\/fr\/\"},{\"@type\":\"ListItem\",\"position\":2,\"name\":\"Sahi bi noum \/ Veille et sommeil\"}]},{\"@type\":\"WebSite\",\"@id\":\"https:\/\/tna.dz\/fr\/#website\",\"url\":\"https:\/\/tna.dz\/fr\/\",\"name\":\"Th\u00e9\u00e2tre national alg\u00e9rien\",\"description\":\"Th\u00e9\u00e2tre national alg\u00e9rien Mahieddine Bachtarzi\",\"publisher\":{\"@id\":\"https:\/\/tna.dz\/fr\/#organization\"},\"potentialAction\":[{\"@type\":\"SearchAction\",\"target\":{\"@type\":\"EntryPoint\",\"urlTemplate\":\"https:\/\/tna.dz\/fr\/?s={search_term_string}\"},\"query-input\":\"required name=search_term_string\"}],\"inLanguage\":\"fr-FR\"},{\"@type\":\"Organization\",\"@id\":\"https:\/\/tna.dz\/fr\/#organization\",\"name\":\"Le Th\u00e9\u00e2tre national alg\u00e9rien\",\"url\":\"https:\/\/tna.dz\/fr\/\",\"logo\":{\"@type\":\"ImageObject\",\"inLanguage\":\"fr-FR\",\"@id\":\"https:\/\/tna.dz\/fr\/#\/schema\/logo\/image\/\",\"url\":\"https:\/\/www.tna.dz\/fr\/wp-content\/uploads\/2019\/11\/repertoire-tna-2018-2-1.png\",\"contentUrl\":\"https:\/\/www.tna.dz\/fr\/wp-content\/uploads\/2019\/11\/repertoire-tna-2018-2-1.png\",\"width\":200,\"height\":84,\"caption\":\"Le Th\u00e9\u00e2tre national alg\u00e9rien\"},\"image\":{\"@id\":\"https:\/\/tna.dz\/fr\/#\/schema\/logo\/image\/\"}},{\"@type\":\"Person\",\"@id\":\"https:\/\/tna.dz\/fr\/#\/schema\/person\/101481cc92bfc5def5711088d2a24632\",\"name\":\"omarAdmin\",\"image\":{\"@type\":\"ImageObject\",\"inLanguage\":\"fr-FR\",\"@id\":\"https:\/\/tna.dz\/fr\/#\/schema\/person\/image\/\",\"url\":\"https:\/\/secure.gravatar.com\/avatar\/2018ebac09ef03c2c32dd119d4429714?s=96&d=mm&r=g\",\"contentUrl\":\"https:\/\/secure.gravatar.com\/avatar\/2018ebac09ef03c2c32dd119d4429714?s=96&d=mm&r=g\",\"caption\":\"omarAdmin\"},\"url\":\"https:\/\/tna.dz\/fr\/author\/omaradmin\/\"}]}<\/script>\n<!-- \/ Yoast SEO plugin. -->","yoast_head_json":{"title":"Sahi bi noum \/ Veille et sommeil - Th\u00e9\u00e2tre national alg\u00e9rien","description":"Production\u00a0 du Th\u00e9\u00e2tre National\u00a0 Alg\u00e9rien \u2013 2016 Fiche technique\u00a0: Texte\u00a0: Adapt\u00e9e d\u2019un texte de Rochdi Redouane Metteur en Sc\u00e8ne\u00a0: Abdelkrim Briber","robots":{"index":"index","follow":"follow","max-snippet":"max-snippet:-1","max-image-preview":"max-image-preview:large","max-video-preview":"max-video-preview:-1"},"canonical":"https:\/\/tna.dz\/fr\/sahi-bi-noum-veille-et-sommeil\/","og_locale":"fr_FR","og_type":"article","og_title":"Sahi bi noum \/ Veille et sommeil - Th\u00e9\u00e2tre national alg\u00e9rien","og_description":"Production\u00a0 du Th\u00e9\u00e2tre National\u00a0 Alg\u00e9rien \u2013 2016 Fiche technique\u00a0: Texte\u00a0: Adapt\u00e9e d\u2019un texte de Rochdi Redouane Metteur en Sc\u00e8ne\u00a0: Abdelkrim Briber","og_url":"https:\/\/tna.dz\/fr\/sahi-bi-noum-veille-et-sommeil\/","og_site_name":"Th\u00e9\u00e2tre national alg\u00e9rien","article_published_time":"2019-08-05T18:37:17+00:00","article_modified_time":"2020-01-19T18:36:14+00:00","og_image":[{"url":"https:\/\/tna.dz\/fr\/wp-content\/uploads\/2019\/08\/sahi-bnoum-tna-01-300x196.jpg"}],"author":"omarAdmin","twitter_card":"summary_large_image","twitter_misc":{"\u00c9crit par":"omarAdmin","Dur\u00e9e de lecture estim\u00e9e":"1 minute"},"schema":{"@context":"https:\/\/schema.org","@graph":[{"@type":"Article","@id":"https:\/\/tna.dz\/fr\/sahi-bi-noum-veille-et-sommeil\/#article","isPartOf":{"@id":"https:\/\/tna.dz\/fr\/sahi-bi-noum-veille-et-sommeil\/"},"author":{"name":"omarAdmin","@id":"https:\/\/tna.dz\/fr\/#\/schema\/person\/101481cc92bfc5def5711088d2a24632"},"headline":"Sahi bi noum \/ Veille et sommeil","datePublished":"2019-08-05T18:37:17+00:00","dateModified":"2020-01-19T18:36:14+00:00","mainEntityOfPage":{"@id":"https:\/\/tna.dz\/fr\/sahi-bi-noum-veille-et-sommeil\/"},"wordCount":293,"publisher":{"@id":"https:\/\/tna.dz\/fr\/#organization"},"articleSection":["ann\u00e9e 2016","Pi\u00e8ces de th\u00e9\u00e2tre en 2010 - 2019"],"inLanguage":"fr-FR"},{"@type":"WebPage","@id":"https:\/\/tna.dz\/fr\/sahi-bi-noum-veille-et-sommeil\/","url":"https:\/\/tna.dz\/fr\/sahi-bi-noum-veille-et-sommeil\/","name":"Sahi bi noum \/ Veille et sommeil - Th\u00e9\u00e2tre national alg\u00e9rien","isPartOf":{"@id":"https:\/\/tna.dz\/fr\/#website"},"datePublished":"2019-08-05T18:37:17+00:00","dateModified":"2020-01-19T18:36:14+00:00","description":"Production\u00a0 du Th\u00e9\u00e2tre National\u00a0 Alg\u00e9rien \u2013 2016 Fiche technique\u00a0: Texte\u00a0: Adapt\u00e9e d\u2019un texte de Rochdi Redouane Metteur en Sc\u00e8ne\u00a0: Abdelkrim Briber","breadcrumb":{"@id":"https:\/\/tna.dz\/fr\/sahi-bi-noum-veille-et-sommeil\/#breadcrumb"},"inLanguage":"fr-FR","potentialAction":[{"@type":"ReadAction","target":["https:\/\/tna.dz\/fr\/sahi-bi-noum-veille-et-sommeil\/"]}]},{"@type":"BreadcrumbList","@id":"https:\/\/tna.dz\/fr\/sahi-bi-noum-veille-et-sommeil\/#breadcrumb","itemListElement":[{"@type":"ListItem","position":1,"name":"Accueil","item":"https:\/\/tna.dz\/fr\/"},{"@type":"ListItem","position":2,"name":"Sahi bi noum \/ Veille et sommeil"}]},{"@type":"WebSite","@id":"https:\/\/tna.dz\/fr\/#website","url":"https:\/\/tna.dz\/fr\/","name":"Th\u00e9\u00e2tre national alg\u00e9rien","description":"Th\u00e9\u00e2tre national alg\u00e9rien Mahieddine Bachtarzi","publisher":{"@id":"https:\/\/tna.dz\/fr\/#organization"},"potentialAction":[{"@type":"SearchAction","target":{"@type":"EntryPoint","urlTemplate":"https:\/\/tna.dz\/fr\/?s={search_term_string}"},"query-input":"required name=search_term_string"}],"inLanguage":"fr-FR"},{"@type":"Organization","@id":"https:\/\/tna.dz\/fr\/#organization","name":"Le Th\u00e9\u00e2tre national alg\u00e9rien","url":"https:\/\/tna.dz\/fr\/","logo":{"@type":"ImageObject","inLanguage":"fr-FR","@id":"https:\/\/tna.dz\/fr\/#\/schema\/logo\/image\/","url":"https:\/\/www.tna.dz\/fr\/wp-content\/uploads\/2019\/11\/repertoire-tna-2018-2-1.png","contentUrl":"https:\/\/www.tna.dz\/fr\/wp-content\/uploads\/2019\/11\/repertoire-tna-2018-2-1.png","width":200,"height":84,"caption":"Le Th\u00e9\u00e2tre national alg\u00e9rien"},"image":{"@id":"https:\/\/tna.dz\/fr\/#\/schema\/logo\/image\/"}},{"@type":"Person","@id":"https:\/\/tna.dz\/fr\/#\/schema\/person\/101481cc92bfc5def5711088d2a24632","name":"omarAdmin","image":{"@type":"ImageObject","inLanguage":"fr-FR","@id":"https:\/\/tna.dz\/fr\/#\/schema\/person\/image\/","url":"https:\/\/secure.gravatar.com\/avatar\/2018ebac09ef03c2c32dd119d4429714?s=96&d=mm&r=g","contentUrl":"https:\/\/secure.gravatar.com\/avatar\/2018ebac09ef03c2c32dd119d4429714?s=96&d=mm&r=g","caption":"omarAdmin"},"url":"https:\/\/tna.dz\/fr\/author\/omaradmin\/"}]}},"_links":{"self":[{"href":"https:\/\/tna.dz\/fr\/wp-json\/wp\/v2\/posts\/1369"}],"collection":[{"href":"https:\/\/tna.dz\/fr\/wp-json\/wp\/v2\/posts"}],"about":[{"href":"https:\/\/tna.dz\/fr\/wp-json\/wp\/v2\/types\/post"}],"author":[{"embeddable":true,"href":"https:\/\/tna.dz\/fr\/wp-json\/wp\/v2\/users\/1"}],"replies":[{"embeddable":true,"href":"https:\/\/tna.dz\/fr\/wp-json\/wp\/v2\/comments?post=1369"}],"version-history":[{"count":0,"href":"https:\/\/tna.dz\/fr\/wp-json\/wp\/v2\/posts\/1369\/revisions"}],"wp:attachment":[{"href":"https:\/\/tna.dz\/fr\/wp-json\/wp\/v2\/media?parent=1369"}],"wp:term":[{"taxonomy":"category","embeddable":true,"href":"https:\/\/tna.dz\/fr\/wp-json\/wp\/v2\/categories?post=1369"},{"taxonomy":"post_tag","embeddable":true,"href":"https:\/\/tna.dz\/fr\/wp-json\/wp\/v2\/tags?post=1369"}],"curies":[{"name":"wp","href":"https:\/\/api.w.org\/{rel}","templated":true}]}}