{"id":1382,"date":"2019-08-05T18:41:55","date_gmt":"2019-08-05T18:41:55","guid":{"rendered":"http:\/\/tna.dz\/fr\/?p=1382"},"modified":"2020-01-19T19:37:33","modified_gmt":"2020-01-19T19:37:33","slug":"prova","status":"publish","type":"post","link":"https:\/\/tna.dz\/fr\/prova\/","title":{"rendered":"PROVA"},"content":{"rendered":"<p><strong>Metteur en sc\u00e8ne: Hocine kinani<\/strong><\/p>\n<p>R\u00e9sum\u00e9: Plusieurs sujets en jonction avec le v\u00e9cu national et international, au milieu de circonstances malheureuses qui ont atteint tout le monde&#8230; Qui se sont mue en un douloureux v\u00e9cu qui met\u00a0 en surface divers maux\u2026 Est ce que l\u2019amour peut il\u00a0 r\u00e9parer les d\u00e9g\u00e2ts de\u00a0ces conflits id\u00e9ologiques?<\/p>\n<p><strong>Com\u00e9diens:<\/strong><\/p>\n<p>Amina Ikram Eddam \/ Nawel Oulouna \/ Rania Adrar \/\u00a0Chanez Chambi \/ Rabab Bouzrara \/ Oussama Sakhraoui \/\u00a0Walid Bahri \/ Anis Tounsi Mohamed\u00a0\/ Isl\u00e2m Mikirri<\/p>\n<p><strong>Musique et effets sp\u00e9ciaux\u00a0:<\/strong><\/p>\n<p>Walid bahri \/ Mohamed zaidi.<\/p>\n<p><strong>Lumi\u00e8re\u00a0<\/strong>: Moncef\u00a0 Ben adjaoud<\/p>\n<p><strong>Son\u00a0<\/strong>: Hamid Ameur\/ Sofiane Fellah<\/p>\n<p><strong>Supervision technique<\/strong>\u00a0: Djamel Guermi.<\/p>\n<div id='gallery-1' class='gallery galleryid-1382 gallery-columns-2 gallery-size-medium'><figure class='gallery-item'>\n\t\t\t<div class='gallery-icon landscape'>\n\t\t\t\t<a href='https:\/\/tna.dz\/fr\/prova\/prova-1\/'><img width=\"300\" height=\"196\" src=\"https:\/\/tna.dz\/fr\/wp-content\/uploads\/2019\/08\/prova-1-300x196.jpg\" class=\"attachment-medium size-medium\" alt=\"\" decoding=\"async\" loading=\"lazy\" srcset=\"https:\/\/tna.dz\/fr\/wp-content\/uploads\/2019\/08\/prova-1-300x196.jpg 300w, https:\/\/tna.dz\/fr\/wp-content\/uploads\/2019\/08\/prova-1-768x502.jpg 768w, https:\/\/tna.dz\/fr\/wp-content\/uploads\/2019\/08\/prova-1.jpg 800w\" sizes=\"(max-width: 300px) 100vw, 300px\" \/><\/a>\n\t\t\t<\/div><\/figure><figure class='gallery-item'>\n\t\t\t<div class='gallery-icon landscape'>\n\t\t\t\t<a href='https:\/\/tna.dz\/fr\/prova\/prova-2\/'><img width=\"300\" height=\"196\" src=\"https:\/\/tna.dz\/fr\/wp-content\/uploads\/2019\/08\/prova-2-300x196.jpg\" class=\"attachment-medium size-medium\" alt=\"\" decoding=\"async\" loading=\"lazy\" srcset=\"https:\/\/tna.dz\/fr\/wp-content\/uploads\/2019\/08\/prova-2-300x196.jpg 300w, https:\/\/tna.dz\/fr\/wp-content\/uploads\/2019\/08\/prova-2-768x502.jpg 768w, https:\/\/tna.dz\/fr\/wp-content\/uploads\/2019\/08\/prova-2.jpg 800w\" sizes=\"(max-width: 300px) 100vw, 300px\" \/><\/a>\n\t\t\t<\/div><\/figure>\n\t\t<\/div>\n\n","protected":false},"excerpt":{"rendered":"<p>Metteur en sc\u00e8ne: Hocine kinani R\u00e9sum\u00e9: Plusieurs sujets en jonction avec le v\u00e9cu national et international, au milieu de circonstances malheureuses qui ont atteint tout le monde&#8230; Qui se sont mue en un douloureux v\u00e9cu qui met\u00a0 en surface divers maux\u2026 Est ce que l\u2019amour peut il\u00a0 r\u00e9parer les d\u00e9g\u00e2ts de\u00a0ces conflits id\u00e9ologiques? Com\u00e9diens: Amina &hellip;<\/p>\n","protected":false},"author":1,"featured_media":0,"comment_status":"closed","ping_status":"closed","sticky":false,"template":"","format":"standard","meta":{"footnotes":""},"categories":[100,46],"tags":[],"yoast_head":"<!-- This site is optimized with the Yoast SEO plugin v21.2 - https:\/\/yoast.com\/wordpress\/plugins\/seo\/ -->\n<title>PROVA - Th\u00e9\u00e2tre national alg\u00e9rien<\/title>\n<meta name=\"description\" content=\"Metteur en sc\u00e8ne: Hocine kinani R\u00e9sum\u00e9: Plusieurs sujets en jonction avec le v\u00e9cu national et international, au milieu de circonstances malheureuses qui\" \/>\n<meta name=\"robots\" content=\"index, follow, max-snippet:-1, max-image-preview:large, max-video-preview:-1\" \/>\n<link rel=\"canonical\" href=\"https:\/\/tna.dz\/fr\/prova\/\" \/>\n<meta property=\"og:locale\" content=\"fr_FR\" \/>\n<meta property=\"og:type\" content=\"article\" \/>\n<meta property=\"og:title\" content=\"PROVA - Th\u00e9\u00e2tre national alg\u00e9rien\" \/>\n<meta property=\"og:description\" content=\"Metteur en sc\u00e8ne: Hocine kinani R\u00e9sum\u00e9: Plusieurs sujets en jonction avec le v\u00e9cu national et international, au milieu de circonstances malheureuses qui\" \/>\n<meta property=\"og:url\" content=\"https:\/\/tna.dz\/fr\/prova\/\" \/>\n<meta property=\"og:site_name\" content=\"Th\u00e9\u00e2tre national alg\u00e9rien\" \/>\n<meta property=\"article:published_time\" content=\"2019-08-05T18:41:55+00:00\" \/>\n<meta property=\"article:modified_time\" content=\"2020-01-19T19:37:33+00:00\" \/>\n<meta property=\"og:image\" content=\"https:\/\/tna.dz\/fr\/wp-content\/uploads\/2019\/08\/prova-1-300x196.jpg\" \/>\n<meta name=\"author\" content=\"omarAdmin\" \/>\n<meta name=\"twitter:card\" content=\"summary_large_image\" \/>\n<meta name=\"twitter:label1\" content=\"\u00c9crit par\" \/>\n\t<meta name=\"twitter:data1\" content=\"omarAdmin\" \/>\n\t<meta name=\"twitter:label2\" content=\"Dur\u00e9e de lecture estim\u00e9e\" \/>\n\t<meta name=\"twitter:data2\" content=\"1 minute\" \/>\n<script type=\"application\/ld+json\" class=\"yoast-schema-graph\">{\"@context\":\"https:\/\/schema.org\",\"@graph\":[{\"@type\":\"Article\",\"@id\":\"https:\/\/tna.dz\/fr\/prova\/#article\",\"isPartOf\":{\"@id\":\"https:\/\/tna.dz\/fr\/prova\/\"},\"author\":{\"name\":\"omarAdmin\",\"@id\":\"https:\/\/tna.dz\/fr\/#\/schema\/person\/101481cc92bfc5def5711088d2a24632\"},\"headline\":\"PROVA\",\"datePublished\":\"2019-08-05T18:41:55+00:00\",\"dateModified\":\"2020-01-19T19:37:33+00:00\",\"mainEntityOfPage\":{\"@id\":\"https:\/\/tna.dz\/fr\/prova\/\"},\"wordCount\":115,\"publisher\":{\"@id\":\"https:\/\/tna.dz\/fr\/#organization\"},\"articleSection\":[\"ann\u00e9e 2017\",\"Pi\u00e8ces de th\u00e9\u00e2tre en 2010 - 2019\"],\"inLanguage\":\"fr-FR\"},{\"@type\":\"WebPage\",\"@id\":\"https:\/\/tna.dz\/fr\/prova\/\",\"url\":\"https:\/\/tna.dz\/fr\/prova\/\",\"name\":\"PROVA - Th\u00e9\u00e2tre national alg\u00e9rien\",\"isPartOf\":{\"@id\":\"https:\/\/tna.dz\/fr\/#website\"},\"datePublished\":\"2019-08-05T18:41:55+00:00\",\"dateModified\":\"2020-01-19T19:37:33+00:00\",\"description\":\"Metteur en sc\u00e8ne: Hocine kinani R\u00e9sum\u00e9: Plusieurs sujets en jonction avec le v\u00e9cu national et international, au milieu de circonstances malheureuses qui\",\"breadcrumb\":{\"@id\":\"https:\/\/tna.dz\/fr\/prova\/#breadcrumb\"},\"inLanguage\":\"fr-FR\",\"potentialAction\":[{\"@type\":\"ReadAction\",\"target\":[\"https:\/\/tna.dz\/fr\/prova\/\"]}]},{\"@type\":\"BreadcrumbList\",\"@id\":\"https:\/\/tna.dz\/fr\/prova\/#breadcrumb\",\"itemListElement\":[{\"@type\":\"ListItem\",\"position\":1,\"name\":\"Accueil\",\"item\":\"https:\/\/tna.dz\/fr\/\"},{\"@type\":\"ListItem\",\"position\":2,\"name\":\"PROVA\"}]},{\"@type\":\"WebSite\",\"@id\":\"https:\/\/tna.dz\/fr\/#website\",\"url\":\"https:\/\/tna.dz\/fr\/\",\"name\":\"Th\u00e9\u00e2tre national alg\u00e9rien\",\"description\":\"Th\u00e9\u00e2tre national alg\u00e9rien Mahieddine Bachtarzi\",\"publisher\":{\"@id\":\"https:\/\/tna.dz\/fr\/#organization\"},\"potentialAction\":[{\"@type\":\"SearchAction\",\"target\":{\"@type\":\"EntryPoint\",\"urlTemplate\":\"https:\/\/tna.dz\/fr\/?s={search_term_string}\"},\"query-input\":\"required name=search_term_string\"}],\"inLanguage\":\"fr-FR\"},{\"@type\":\"Organization\",\"@id\":\"https:\/\/tna.dz\/fr\/#organization\",\"name\":\"Le Th\u00e9\u00e2tre national alg\u00e9rien\",\"url\":\"https:\/\/tna.dz\/fr\/\",\"logo\":{\"@type\":\"ImageObject\",\"inLanguage\":\"fr-FR\",\"@id\":\"https:\/\/tna.dz\/fr\/#\/schema\/logo\/image\/\",\"url\":\"https:\/\/www.tna.dz\/fr\/wp-content\/uploads\/2019\/11\/repertoire-tna-2018-2-1.png\",\"contentUrl\":\"https:\/\/www.tna.dz\/fr\/wp-content\/uploads\/2019\/11\/repertoire-tna-2018-2-1.png\",\"width\":200,\"height\":84,\"caption\":\"Le Th\u00e9\u00e2tre national alg\u00e9rien\"},\"image\":{\"@id\":\"https:\/\/tna.dz\/fr\/#\/schema\/logo\/image\/\"}},{\"@type\":\"Person\",\"@id\":\"https:\/\/tna.dz\/fr\/#\/schema\/person\/101481cc92bfc5def5711088d2a24632\",\"name\":\"omarAdmin\",\"image\":{\"@type\":\"ImageObject\",\"inLanguage\":\"fr-FR\",\"@id\":\"https:\/\/tna.dz\/fr\/#\/schema\/person\/image\/\",\"url\":\"https:\/\/secure.gravatar.com\/avatar\/2018ebac09ef03c2c32dd119d4429714?s=96&d=mm&r=g\",\"contentUrl\":\"https:\/\/secure.gravatar.com\/avatar\/2018ebac09ef03c2c32dd119d4429714?s=96&d=mm&r=g\",\"caption\":\"omarAdmin\"},\"url\":\"https:\/\/tna.dz\/fr\/author\/omaradmin\/\"}]}<\/script>\n<!-- \/ Yoast SEO plugin. -->","yoast_head_json":{"title":"PROVA - Th\u00e9\u00e2tre national alg\u00e9rien","description":"Metteur en sc\u00e8ne: Hocine kinani R\u00e9sum\u00e9: Plusieurs sujets en jonction avec le v\u00e9cu national et international, au milieu de circonstances malheureuses qui","robots":{"index":"index","follow":"follow","max-snippet":"max-snippet:-1","max-image-preview":"max-image-preview:large","max-video-preview":"max-video-preview:-1"},"canonical":"https:\/\/tna.dz\/fr\/prova\/","og_locale":"fr_FR","og_type":"article","og_title":"PROVA - Th\u00e9\u00e2tre national alg\u00e9rien","og_description":"Metteur en sc\u00e8ne: Hocine kinani R\u00e9sum\u00e9: Plusieurs sujets en jonction avec le v\u00e9cu national et international, au milieu de circonstances malheureuses qui","og_url":"https:\/\/tna.dz\/fr\/prova\/","og_site_name":"Th\u00e9\u00e2tre national alg\u00e9rien","article_published_time":"2019-08-05T18:41:55+00:00","article_modified_time":"2020-01-19T19:37:33+00:00","og_image":[{"url":"https:\/\/tna.dz\/fr\/wp-content\/uploads\/2019\/08\/prova-1-300x196.jpg"}],"author":"omarAdmin","twitter_card":"summary_large_image","twitter_misc":{"\u00c9crit par":"omarAdmin","Dur\u00e9e de lecture estim\u00e9e":"1 minute"},"schema":{"@context":"https:\/\/schema.org","@graph":[{"@type":"Article","@id":"https:\/\/tna.dz\/fr\/prova\/#article","isPartOf":{"@id":"https:\/\/tna.dz\/fr\/prova\/"},"author":{"name":"omarAdmin","@id":"https:\/\/tna.dz\/fr\/#\/schema\/person\/101481cc92bfc5def5711088d2a24632"},"headline":"PROVA","datePublished":"2019-08-05T18:41:55+00:00","dateModified":"2020-01-19T19:37:33+00:00","mainEntityOfPage":{"@id":"https:\/\/tna.dz\/fr\/prova\/"},"wordCount":115,"publisher":{"@id":"https:\/\/tna.dz\/fr\/#organization"},"articleSection":["ann\u00e9e 2017","Pi\u00e8ces de th\u00e9\u00e2tre en 2010 - 2019"],"inLanguage":"fr-FR"},{"@type":"WebPage","@id":"https:\/\/tna.dz\/fr\/prova\/","url":"https:\/\/tna.dz\/fr\/prova\/","name":"PROVA - Th\u00e9\u00e2tre national alg\u00e9rien","isPartOf":{"@id":"https:\/\/tna.dz\/fr\/#website"},"datePublished":"2019-08-05T18:41:55+00:00","dateModified":"2020-01-19T19:37:33+00:00","description":"Metteur en sc\u00e8ne: Hocine kinani R\u00e9sum\u00e9: Plusieurs sujets en jonction avec le v\u00e9cu national et international, au milieu de circonstances malheureuses qui","breadcrumb":{"@id":"https:\/\/tna.dz\/fr\/prova\/#breadcrumb"},"inLanguage":"fr-FR","potentialAction":[{"@type":"ReadAction","target":["https:\/\/tna.dz\/fr\/prova\/"]}]},{"@type":"BreadcrumbList","@id":"https:\/\/tna.dz\/fr\/prova\/#breadcrumb","itemListElement":[{"@type":"ListItem","position":1,"name":"Accueil","item":"https:\/\/tna.dz\/fr\/"},{"@type":"ListItem","position":2,"name":"PROVA"}]},{"@type":"WebSite","@id":"https:\/\/tna.dz\/fr\/#website","url":"https:\/\/tna.dz\/fr\/","name":"Th\u00e9\u00e2tre national alg\u00e9rien","description":"Th\u00e9\u00e2tre national alg\u00e9rien Mahieddine Bachtarzi","publisher":{"@id":"https:\/\/tna.dz\/fr\/#organization"},"potentialAction":[{"@type":"SearchAction","target":{"@type":"EntryPoint","urlTemplate":"https:\/\/tna.dz\/fr\/?s={search_term_string}"},"query-input":"required name=search_term_string"}],"inLanguage":"fr-FR"},{"@type":"Organization","@id":"https:\/\/tna.dz\/fr\/#organization","name":"Le Th\u00e9\u00e2tre national alg\u00e9rien","url":"https:\/\/tna.dz\/fr\/","logo":{"@type":"ImageObject","inLanguage":"fr-FR","@id":"https:\/\/tna.dz\/fr\/#\/schema\/logo\/image\/","url":"https:\/\/www.tna.dz\/fr\/wp-content\/uploads\/2019\/11\/repertoire-tna-2018-2-1.png","contentUrl":"https:\/\/www.tna.dz\/fr\/wp-content\/uploads\/2019\/11\/repertoire-tna-2018-2-1.png","width":200,"height":84,"caption":"Le Th\u00e9\u00e2tre national alg\u00e9rien"},"image":{"@id":"https:\/\/tna.dz\/fr\/#\/schema\/logo\/image\/"}},{"@type":"Person","@id":"https:\/\/tna.dz\/fr\/#\/schema\/person\/101481cc92bfc5def5711088d2a24632","name":"omarAdmin","image":{"@type":"ImageObject","inLanguage":"fr-FR","@id":"https:\/\/tna.dz\/fr\/#\/schema\/person\/image\/","url":"https:\/\/secure.gravatar.com\/avatar\/2018ebac09ef03c2c32dd119d4429714?s=96&d=mm&r=g","contentUrl":"https:\/\/secure.gravatar.com\/avatar\/2018ebac09ef03c2c32dd119d4429714?s=96&d=mm&r=g","caption":"omarAdmin"},"url":"https:\/\/tna.dz\/fr\/author\/omaradmin\/"}]}},"_links":{"self":[{"href":"https:\/\/tna.dz\/fr\/wp-json\/wp\/v2\/posts\/1382"}],"collection":[{"href":"https:\/\/tna.dz\/fr\/wp-json\/wp\/v2\/posts"}],"about":[{"href":"https:\/\/tna.dz\/fr\/wp-json\/wp\/v2\/types\/post"}],"author":[{"embeddable":true,"href":"https:\/\/tna.dz\/fr\/wp-json\/wp\/v2\/users\/1"}],"replies":[{"embeddable":true,"href":"https:\/\/tna.dz\/fr\/wp-json\/wp\/v2\/comments?post=1382"}],"version-history":[{"count":0,"href":"https:\/\/tna.dz\/fr\/wp-json\/wp\/v2\/posts\/1382\/revisions"}],"wp:attachment":[{"href":"https:\/\/tna.dz\/fr\/wp-json\/wp\/v2\/media?parent=1382"}],"wp:term":[{"taxonomy":"category","embeddable":true,"href":"https:\/\/tna.dz\/fr\/wp-json\/wp\/v2\/categories?post=1382"},{"taxonomy":"post_tag","embeddable":true,"href":"https:\/\/tna.dz\/fr\/wp-json\/wp\/v2\/tags?post=1382"}],"curies":[{"name":"wp","href":"https:\/\/api.w.org\/{rel}","templated":true}]}}