{"id":1701,"date":"2019-08-06T13:50:28","date_gmt":"2019-08-06T13:50:28","guid":{"rendered":"http:\/\/tna.dz\/fr\/?p=1701"},"modified":"2019-08-06T13:50:28","modified_gmt":"2019-08-06T13:50:28","slug":"le-festival-national-du-theatre-professionnel","status":"publish","type":"post","link":"https:\/\/tna.dz\/fr\/le-festival-national-du-theatre-professionnel\/","title":{"rendered":"Le Festival national du th\u00e9\u00e2tre professionnel"},"content":{"rendered":"<p>Avant la cr\u00e9ation officielle de ce festival, le Th\u00e9\u00e2tre National Alg\u00e9rien (TNA) a organis\u00e9 trois \u00e9ditions importantes dans les ann\u00e9es 80. Ces \u00e9ditions ont connu un grand succ\u00e8s vu la qualit\u00e9 des pi\u00e8ces produites et pr\u00e9sent\u00e9es par le TNA et les Th\u00e9\u00e2tres r\u00e9gionaux. Le programme \u00e9tait aussi rehauss\u00e9 par\u00a0des s\u00e9minaires, des ateliers et des rencontres entre les professionnels activant dans le domaine th\u00e9\u00e2tral. Il faut aussi mentionner l\u2019engouement que connut ce festival aupr\u00e8s du public. A l\u2019occasion de la tenue de ce festival fut cr\u00e9\u00e9 la revue \u00ab\u00a0Essitar\u00a0\u00bb (Le rideau). Il y eut \u00a0en mai 2006\u00a0une seconde \u00e9tape dans l\u2019histoire de ce festival dont les\u00a0\u00a0\u00e9ditions \u00a0connurent un \u00e9lan et une dynamique nouvelle.<\/p>\n<p><img decoding=\"async\" loading=\"lazy\" class=\"aligncenter wp-image-1702 size-full\" src=\"http:\/\/tna.dz\/fr\/wp-content\/uploads\/2019\/08\/FNTP-2018-1.jpg\" alt=\"\" width=\"500\" height=\"686\" srcset=\"https:\/\/tna.dz\/fr\/wp-content\/uploads\/2019\/08\/FNTP-2018-1.jpg 500w, https:\/\/tna.dz\/fr\/wp-content\/uploads\/2019\/08\/FNTP-2018-1-219x300.jpg 219w\" sizes=\"(max-width: 500px) 100vw, 500px\" \/><\/p>\n","protected":false},"excerpt":{"rendered":"<p>Avant la cr\u00e9ation officielle de ce festival, le Th\u00e9\u00e2tre National Alg\u00e9rien (TNA) a organis\u00e9 trois \u00e9ditions importantes dans les ann\u00e9es 80. Ces \u00e9ditions ont connu un grand succ\u00e8s vu la qualit\u00e9 des pi\u00e8ces produites et pr\u00e9sent\u00e9es par le TNA et les Th\u00e9\u00e2tres r\u00e9gionaux. Le programme \u00e9tait aussi rehauss\u00e9 par\u00a0des s\u00e9minaires, des ateliers et des rencontres &hellip;<\/p>\n","protected":false},"author":1,"featured_media":1702,"comment_status":"closed","ping_status":"closed","sticky":false,"template":"","format":"standard","meta":{"footnotes":""},"categories":[107],"tags":[],"yoast_head":"<!-- This site is optimized with the Yoast SEO plugin v21.2 - https:\/\/yoast.com\/wordpress\/plugins\/seo\/ -->\n<title>Le Festival national du th\u00e9\u00e2tre professionnel - Th\u00e9\u00e2tre national alg\u00e9rien<\/title>\n<meta name=\"description\" content=\"Avant la cr\u00e9ation officielle de ce festival, le Th\u00e9\u00e2tre National Alg\u00e9rien (TNA) a organis\u00e9 trois \u00e9ditions importantes dans les ann\u00e9es 80. Ces \u00e9ditions ont\" \/>\n<meta name=\"robots\" content=\"index, follow, max-snippet:-1, max-image-preview:large, max-video-preview:-1\" \/>\n<link rel=\"canonical\" href=\"https:\/\/tna.dz\/fr\/le-festival-national-du-theatre-professionnel\/\" \/>\n<meta property=\"og:locale\" content=\"fr_FR\" \/>\n<meta property=\"og:type\" content=\"article\" \/>\n<meta property=\"og:title\" content=\"Le Festival national du th\u00e9\u00e2tre professionnel - Th\u00e9\u00e2tre national alg\u00e9rien\" \/>\n<meta property=\"og:description\" content=\"Avant la cr\u00e9ation officielle de ce festival, le Th\u00e9\u00e2tre National Alg\u00e9rien (TNA) a organis\u00e9 trois \u00e9ditions importantes dans les ann\u00e9es 80. Ces \u00e9ditions ont\" \/>\n<meta property=\"og:url\" content=\"https:\/\/tna.dz\/fr\/le-festival-national-du-theatre-professionnel\/\" \/>\n<meta property=\"og:site_name\" content=\"Th\u00e9\u00e2tre national alg\u00e9rien\" \/>\n<meta property=\"article:published_time\" content=\"2019-08-06T13:50:28+00:00\" \/>\n<meta property=\"og:image\" content=\"https:\/\/tna.dz\/fr\/wp-content\/uploads\/2019\/08\/FNTP-2018-1.jpg\" \/>\n\t<meta property=\"og:image:width\" content=\"500\" \/>\n\t<meta property=\"og:image:height\" content=\"686\" \/>\n\t<meta property=\"og:image:type\" content=\"image\/jpeg\" \/>\n<meta name=\"author\" content=\"omarAdmin\" \/>\n<meta name=\"twitter:card\" content=\"summary_large_image\" \/>\n<meta name=\"twitter:label1\" content=\"\u00c9crit par\" \/>\n\t<meta name=\"twitter:data1\" content=\"omarAdmin\" \/>\n\t<meta name=\"twitter:label2\" content=\"Dur\u00e9e de lecture estim\u00e9e\" \/>\n\t<meta name=\"twitter:data2\" content=\"1 minute\" \/>\n<script type=\"application\/ld+json\" class=\"yoast-schema-graph\">{\"@context\":\"https:\/\/schema.org\",\"@graph\":[{\"@type\":\"Article\",\"@id\":\"https:\/\/tna.dz\/fr\/le-festival-national-du-theatre-professionnel\/#article\",\"isPartOf\":{\"@id\":\"https:\/\/tna.dz\/fr\/le-festival-national-du-theatre-professionnel\/\"},\"author\":{\"name\":\"omarAdmin\",\"@id\":\"https:\/\/tna.dz\/fr\/#\/schema\/person\/101481cc92bfc5def5711088d2a24632\"},\"headline\":\"Le Festival national du th\u00e9\u00e2tre professionnel\",\"datePublished\":\"2019-08-06T13:50:28+00:00\",\"dateModified\":\"2019-08-06T13:50:28+00:00\",\"mainEntityOfPage\":{\"@id\":\"https:\/\/tna.dz\/fr\/le-festival-national-du-theatre-professionnel\/\"},\"wordCount\":136,\"publisher\":{\"@id\":\"https:\/\/tna.dz\/fr\/#organization\"},\"articleSection\":[\"les festivals\"],\"inLanguage\":\"fr-FR\"},{\"@type\":\"WebPage\",\"@id\":\"https:\/\/tna.dz\/fr\/le-festival-national-du-theatre-professionnel\/\",\"url\":\"https:\/\/tna.dz\/fr\/le-festival-national-du-theatre-professionnel\/\",\"name\":\"Le Festival national du th\u00e9\u00e2tre professionnel - Th\u00e9\u00e2tre national alg\u00e9rien\",\"isPartOf\":{\"@id\":\"https:\/\/tna.dz\/fr\/#website\"},\"datePublished\":\"2019-08-06T13:50:28+00:00\",\"dateModified\":\"2019-08-06T13:50:28+00:00\",\"description\":\"Avant la cr\u00e9ation officielle de ce festival, le Th\u00e9\u00e2tre National Alg\u00e9rien (TNA) a organis\u00e9 trois \u00e9ditions importantes dans les ann\u00e9es 80. Ces \u00e9ditions ont\",\"breadcrumb\":{\"@id\":\"https:\/\/tna.dz\/fr\/le-festival-national-du-theatre-professionnel\/#breadcrumb\"},\"inLanguage\":\"fr-FR\",\"potentialAction\":[{\"@type\":\"ReadAction\",\"target\":[\"https:\/\/tna.dz\/fr\/le-festival-national-du-theatre-professionnel\/\"]}]},{\"@type\":\"BreadcrumbList\",\"@id\":\"https:\/\/tna.dz\/fr\/le-festival-national-du-theatre-professionnel\/#breadcrumb\",\"itemListElement\":[{\"@type\":\"ListItem\",\"position\":1,\"name\":\"Accueil\",\"item\":\"https:\/\/tna.dz\/fr\/\"},{\"@type\":\"ListItem\",\"position\":2,\"name\":\"Le Festival national du th\u00e9\u00e2tre professionnel\"}]},{\"@type\":\"WebSite\",\"@id\":\"https:\/\/tna.dz\/fr\/#website\",\"url\":\"https:\/\/tna.dz\/fr\/\",\"name\":\"Th\u00e9\u00e2tre national alg\u00e9rien\",\"description\":\"Th\u00e9\u00e2tre national alg\u00e9rien Mahieddine Bachtarzi\",\"publisher\":{\"@id\":\"https:\/\/tna.dz\/fr\/#organization\"},\"potentialAction\":[{\"@type\":\"SearchAction\",\"target\":{\"@type\":\"EntryPoint\",\"urlTemplate\":\"https:\/\/tna.dz\/fr\/?s={search_term_string}\"},\"query-input\":\"required name=search_term_string\"}],\"inLanguage\":\"fr-FR\"},{\"@type\":\"Organization\",\"@id\":\"https:\/\/tna.dz\/fr\/#organization\",\"name\":\"Le Th\u00e9\u00e2tre national alg\u00e9rien\",\"url\":\"https:\/\/tna.dz\/fr\/\",\"logo\":{\"@type\":\"ImageObject\",\"inLanguage\":\"fr-FR\",\"@id\":\"https:\/\/tna.dz\/fr\/#\/schema\/logo\/image\/\",\"url\":\"https:\/\/www.tna.dz\/fr\/wp-content\/uploads\/2019\/11\/repertoire-tna-2018-2-1.png\",\"contentUrl\":\"https:\/\/www.tna.dz\/fr\/wp-content\/uploads\/2019\/11\/repertoire-tna-2018-2-1.png\",\"width\":200,\"height\":84,\"caption\":\"Le Th\u00e9\u00e2tre national alg\u00e9rien\"},\"image\":{\"@id\":\"https:\/\/tna.dz\/fr\/#\/schema\/logo\/image\/\"}},{\"@type\":\"Person\",\"@id\":\"https:\/\/tna.dz\/fr\/#\/schema\/person\/101481cc92bfc5def5711088d2a24632\",\"name\":\"omarAdmin\",\"image\":{\"@type\":\"ImageObject\",\"inLanguage\":\"fr-FR\",\"@id\":\"https:\/\/tna.dz\/fr\/#\/schema\/person\/image\/\",\"url\":\"https:\/\/secure.gravatar.com\/avatar\/2018ebac09ef03c2c32dd119d4429714?s=96&d=mm&r=g\",\"contentUrl\":\"https:\/\/secure.gravatar.com\/avatar\/2018ebac09ef03c2c32dd119d4429714?s=96&d=mm&r=g\",\"caption\":\"omarAdmin\"},\"url\":\"https:\/\/tna.dz\/fr\/author\/omaradmin\/\"}]}<\/script>\n<!-- \/ Yoast SEO plugin. -->","yoast_head_json":{"title":"Le Festival national du th\u00e9\u00e2tre professionnel - Th\u00e9\u00e2tre national alg\u00e9rien","description":"Avant la cr\u00e9ation officielle de ce festival, le Th\u00e9\u00e2tre National Alg\u00e9rien (TNA) a organis\u00e9 trois \u00e9ditions importantes dans les ann\u00e9es 80. Ces \u00e9ditions ont","robots":{"index":"index","follow":"follow","max-snippet":"max-snippet:-1","max-image-preview":"max-image-preview:large","max-video-preview":"max-video-preview:-1"},"canonical":"https:\/\/tna.dz\/fr\/le-festival-national-du-theatre-professionnel\/","og_locale":"fr_FR","og_type":"article","og_title":"Le Festival national du th\u00e9\u00e2tre professionnel - Th\u00e9\u00e2tre national alg\u00e9rien","og_description":"Avant la cr\u00e9ation officielle de ce festival, le Th\u00e9\u00e2tre National Alg\u00e9rien (TNA) a organis\u00e9 trois \u00e9ditions importantes dans les ann\u00e9es 80. Ces \u00e9ditions ont","og_url":"https:\/\/tna.dz\/fr\/le-festival-national-du-theatre-professionnel\/","og_site_name":"Th\u00e9\u00e2tre national alg\u00e9rien","article_published_time":"2019-08-06T13:50:28+00:00","og_image":[{"width":500,"height":686,"url":"https:\/\/tna.dz\/fr\/wp-content\/uploads\/2019\/08\/FNTP-2018-1.jpg","type":"image\/jpeg"}],"author":"omarAdmin","twitter_card":"summary_large_image","twitter_misc":{"\u00c9crit par":"omarAdmin","Dur\u00e9e de lecture estim\u00e9e":"1 minute"},"schema":{"@context":"https:\/\/schema.org","@graph":[{"@type":"Article","@id":"https:\/\/tna.dz\/fr\/le-festival-national-du-theatre-professionnel\/#article","isPartOf":{"@id":"https:\/\/tna.dz\/fr\/le-festival-national-du-theatre-professionnel\/"},"author":{"name":"omarAdmin","@id":"https:\/\/tna.dz\/fr\/#\/schema\/person\/101481cc92bfc5def5711088d2a24632"},"headline":"Le Festival national du th\u00e9\u00e2tre professionnel","datePublished":"2019-08-06T13:50:28+00:00","dateModified":"2019-08-06T13:50:28+00:00","mainEntityOfPage":{"@id":"https:\/\/tna.dz\/fr\/le-festival-national-du-theatre-professionnel\/"},"wordCount":136,"publisher":{"@id":"https:\/\/tna.dz\/fr\/#organization"},"articleSection":["les festivals"],"inLanguage":"fr-FR"},{"@type":"WebPage","@id":"https:\/\/tna.dz\/fr\/le-festival-national-du-theatre-professionnel\/","url":"https:\/\/tna.dz\/fr\/le-festival-national-du-theatre-professionnel\/","name":"Le Festival national du th\u00e9\u00e2tre professionnel - Th\u00e9\u00e2tre national alg\u00e9rien","isPartOf":{"@id":"https:\/\/tna.dz\/fr\/#website"},"datePublished":"2019-08-06T13:50:28+00:00","dateModified":"2019-08-06T13:50:28+00:00","description":"Avant la cr\u00e9ation officielle de ce festival, le Th\u00e9\u00e2tre National Alg\u00e9rien (TNA) a organis\u00e9 trois \u00e9ditions importantes dans les ann\u00e9es 80. Ces \u00e9ditions ont","breadcrumb":{"@id":"https:\/\/tna.dz\/fr\/le-festival-national-du-theatre-professionnel\/#breadcrumb"},"inLanguage":"fr-FR","potentialAction":[{"@type":"ReadAction","target":["https:\/\/tna.dz\/fr\/le-festival-national-du-theatre-professionnel\/"]}]},{"@type":"BreadcrumbList","@id":"https:\/\/tna.dz\/fr\/le-festival-national-du-theatre-professionnel\/#breadcrumb","itemListElement":[{"@type":"ListItem","position":1,"name":"Accueil","item":"https:\/\/tna.dz\/fr\/"},{"@type":"ListItem","position":2,"name":"Le Festival national du th\u00e9\u00e2tre professionnel"}]},{"@type":"WebSite","@id":"https:\/\/tna.dz\/fr\/#website","url":"https:\/\/tna.dz\/fr\/","name":"Th\u00e9\u00e2tre national alg\u00e9rien","description":"Th\u00e9\u00e2tre national alg\u00e9rien Mahieddine Bachtarzi","publisher":{"@id":"https:\/\/tna.dz\/fr\/#organization"},"potentialAction":[{"@type":"SearchAction","target":{"@type":"EntryPoint","urlTemplate":"https:\/\/tna.dz\/fr\/?s={search_term_string}"},"query-input":"required name=search_term_string"}],"inLanguage":"fr-FR"},{"@type":"Organization","@id":"https:\/\/tna.dz\/fr\/#organization","name":"Le Th\u00e9\u00e2tre national alg\u00e9rien","url":"https:\/\/tna.dz\/fr\/","logo":{"@type":"ImageObject","inLanguage":"fr-FR","@id":"https:\/\/tna.dz\/fr\/#\/schema\/logo\/image\/","url":"https:\/\/www.tna.dz\/fr\/wp-content\/uploads\/2019\/11\/repertoire-tna-2018-2-1.png","contentUrl":"https:\/\/www.tna.dz\/fr\/wp-content\/uploads\/2019\/11\/repertoire-tna-2018-2-1.png","width":200,"height":84,"caption":"Le Th\u00e9\u00e2tre national alg\u00e9rien"},"image":{"@id":"https:\/\/tna.dz\/fr\/#\/schema\/logo\/image\/"}},{"@type":"Person","@id":"https:\/\/tna.dz\/fr\/#\/schema\/person\/101481cc92bfc5def5711088d2a24632","name":"omarAdmin","image":{"@type":"ImageObject","inLanguage":"fr-FR","@id":"https:\/\/tna.dz\/fr\/#\/schema\/person\/image\/","url":"https:\/\/secure.gravatar.com\/avatar\/2018ebac09ef03c2c32dd119d4429714?s=96&d=mm&r=g","contentUrl":"https:\/\/secure.gravatar.com\/avatar\/2018ebac09ef03c2c32dd119d4429714?s=96&d=mm&r=g","caption":"omarAdmin"},"url":"https:\/\/tna.dz\/fr\/author\/omaradmin\/"}]}},"_links":{"self":[{"href":"https:\/\/tna.dz\/fr\/wp-json\/wp\/v2\/posts\/1701"}],"collection":[{"href":"https:\/\/tna.dz\/fr\/wp-json\/wp\/v2\/posts"}],"about":[{"href":"https:\/\/tna.dz\/fr\/wp-json\/wp\/v2\/types\/post"}],"author":[{"embeddable":true,"href":"https:\/\/tna.dz\/fr\/wp-json\/wp\/v2\/users\/1"}],"replies":[{"embeddable":true,"href":"https:\/\/tna.dz\/fr\/wp-json\/wp\/v2\/comments?post=1701"}],"version-history":[{"count":0,"href":"https:\/\/tna.dz\/fr\/wp-json\/wp\/v2\/posts\/1701\/revisions"}],"wp:featuredmedia":[{"embeddable":true,"href":"https:\/\/tna.dz\/fr\/wp-json\/wp\/v2\/media\/1702"}],"wp:attachment":[{"href":"https:\/\/tna.dz\/fr\/wp-json\/wp\/v2\/media?parent=1701"}],"wp:term":[{"taxonomy":"category","embeddable":true,"href":"https:\/\/tna.dz\/fr\/wp-json\/wp\/v2\/categories?post=1701"},{"taxonomy":"post_tag","embeddable":true,"href":"https:\/\/tna.dz\/fr\/wp-json\/wp\/v2\/tags?post=1701"}],"curies":[{"name":"wp","href":"https:\/\/api.w.org\/{rel}","templated":true}]}}