{"id":1708,"date":"2019-08-06T14:00:56","date_gmt":"2019-08-06T14:00:56","guid":{"rendered":"http:\/\/tna.dz\/fr\/?p=1708"},"modified":"2019-08-06T14:00:56","modified_gmt":"2019-08-06T14:00:56","slug":"le-theatre-regional-de-constantine","status":"publish","type":"post","link":"https:\/\/tna.dz\/fr\/le-theatre-regional-de-constantine\/","title":{"rendered":"Le Th\u00e9\u00e2tre r\u00e9gional de Constantine"},"content":{"rendered":"<p>Le Th\u00e9\u00e2tre r\u00e9gional de Constantine, qui porte depuis le 04\/12\/2017, le nom du chantre du malouf Mohamed-Tahar Fergani, a \u00e9t\u00e9 cr\u00e9\u00e9 par d\u00e9cret\u00a0 n\u00b0 73-72 du 13 Rabi\u2019 Al Awwal 1393 correspondant au 16 avril 1973 conform\u00e9ment \u00e0 l&rsquo;ordonnance n\u00b0 70-39 du 12 juin 1970 portant statut g\u00e9n\u00e9ral des th\u00e9\u00e2tres r\u00e9gionaux 1973.<br \/>\nL\u2019\u00e9difice, qui abrite le Th\u00e9\u00e2tre r\u00e9gional de Constantine, est situ\u00e9\u00a0 en plein c\u0153ur de la ville.<br \/>\nLa construction de l&rsquo;\u00e9difice, \u0153uvre de l\u2019architecte Paul Gon, s&rsquo;est effectu\u00e9e entre 1877 et 1883.<br \/>\nLa conception du th\u00e9\u00e2tre de Constantine, qui couvre une superficie de 1568 m2, est de type italien rectangulaire.<br \/>\nLe b\u00e2timent, un ancien op\u00e9ra municipal, est r\u00e9alis\u00e9 en pierre appareill\u00e9e. Les fa\u00e7ades sont des chefs-d\u2019\u0153uvre de l\u2019architecture classique du 19\u00e9me si\u00e8cle. Les soubassement de la fa\u00e7ade principale est en pierres brutes bouchard\u00e9es. Dans la hauteur du hall, la fa\u00e7ade est habill\u00e9e d\u2019un placage de pierres claires appareill\u00e9es par joints creux horizontaux, et au niveau de l\u2019\u00e9tage, la fa\u00e7ade est compos\u00e9e \u00e0 l\u2019antique : piliers en saillie, fen\u00eatres avec frontons, balustres en balcons et acrot\u00e8res, sculptures all\u00e9goriques en fond de niche encadrant les balcons. Quant \u00e0 la salle de spectacles, \u00a0par ses peintures, ses motifs, ses sculptures, ses d\u00e9cors, elle est le reflet d\u2019un style qui s\u2019associe \u00e0 la conception historique du th\u00e9\u00e2tre \u00e0 l\u2019italienne. Ajoutez \u00e0 cela, l\u2019escalier monumental et d\u2019honneur en marbre, \u0153uvre artistique remarquable ainsi que la cage de sc\u00e8ne, \u00a0une vraie pi\u00e8ce de mus\u00e9e con\u00e7ue selon le syst\u00e8me traditionnel des premiers th\u00e9\u00e2tres construits dans le monde.<br \/>\nCe th\u00e9\u00e2tre, de style op\u00e9ra italien, avec des loges et des galeries peut \u00a0accueillir jusqu\u2019\u00e0 600 spectateurs. Le Th\u00e9\u00e2tre r\u00e9gional de Constantine, qui a obtenu diverses distinctions,\u00a0 accueille chaque ann\u00e9e environ 53\u00a0000 spectateurs.<\/p>\n<p>CONTACT<\/p>\n<p>Adresse : 01, Rue Bounab Ali Constantine &#8211; Algerie.<\/p>\n<p>T\u00e9l : +213 (0) 31 87 16 99<\/p>\n<p>T\u00e9l : +213 (0) 31 87 26 98<\/p>\n<p>Fax : +213 (0) 31 87 23 63 \/\u00a0 (0)31 87 47 82<\/p>\n<p>E-mail : theatre.econstantine@yahoo.fr<\/p>\n<p>&nbsp;<\/p>\n","protected":false},"excerpt":{"rendered":"<p>Le Th\u00e9\u00e2tre r\u00e9gional de Constantine, qui porte depuis le 04\/12\/2017, le nom du chantre du malouf Mohamed-Tahar Fergani, a \u00e9t\u00e9 cr\u00e9\u00e9 par d\u00e9cret\u00a0 n\u00b0 73-72 du 13 Rabi\u2019 Al Awwal 1393 correspondant au 16 avril 1973 conform\u00e9ment \u00e0 l&rsquo;ordonnance n\u00b0 70-39 du 12 juin 1970 portant statut g\u00e9n\u00e9ral des th\u00e9\u00e2tres r\u00e9gionaux 1973. L\u2019\u00e9difice, qui abrite &hellip;<\/p>\n","protected":false},"author":1,"featured_media":1709,"comment_status":"closed","ping_status":"closed","sticky":false,"template":"","format":"standard","meta":{"footnotes":""},"categories":[108],"tags":[],"yoast_head":"<!-- This site is optimized with the Yoast SEO plugin v21.2 - https:\/\/yoast.com\/wordpress\/plugins\/seo\/ -->\n<title>Le Th\u00e9\u00e2tre r\u00e9gional de Constantine - Th\u00e9\u00e2tre national alg\u00e9rien<\/title>\n<meta name=\"description\" content=\"Le Th\u00e9\u00e2tre r\u00e9gional de Constantine, qui porte depuis le 04\/12\/2017, le nom du chantre du malouf Mohamed-Tahar Fergani, a \u00e9t\u00e9 cr\u00e9\u00e9 par d\u00e9cret\u00a0 n\u00b0 73-72 du\" \/>\n<meta name=\"robots\" content=\"index, follow, max-snippet:-1, max-image-preview:large, max-video-preview:-1\" \/>\n<link rel=\"canonical\" href=\"https:\/\/tna.dz\/fr\/le-theatre-regional-de-constantine\/\" \/>\n<meta property=\"og:locale\" content=\"fr_FR\" \/>\n<meta property=\"og:type\" content=\"article\" \/>\n<meta property=\"og:title\" content=\"Le Th\u00e9\u00e2tre r\u00e9gional de Constantine - Th\u00e9\u00e2tre national alg\u00e9rien\" \/>\n<meta property=\"og:description\" content=\"Le Th\u00e9\u00e2tre r\u00e9gional de Constantine, qui porte depuis le 04\/12\/2017, le nom du chantre du malouf Mohamed-Tahar Fergani, a \u00e9t\u00e9 cr\u00e9\u00e9 par d\u00e9cret\u00a0 n\u00b0 73-72 du\" \/>\n<meta property=\"og:url\" content=\"https:\/\/tna.dz\/fr\/le-theatre-regional-de-constantine\/\" \/>\n<meta property=\"og:site_name\" content=\"Th\u00e9\u00e2tre national alg\u00e9rien\" \/>\n<meta property=\"article:published_time\" content=\"2019-08-06T14:00:56+00:00\" \/>\n<meta property=\"og:image\" content=\"https:\/\/tna.dz\/fr\/wp-content\/uploads\/2019\/08\/Theatre-Regional-De-Constantine1-620x330.png\" \/>\n\t<meta property=\"og:image:width\" content=\"620\" \/>\n\t<meta property=\"og:image:height\" content=\"330\" \/>\n\t<meta property=\"og:image:type\" content=\"image\/png\" \/>\n<meta name=\"author\" content=\"omarAdmin\" \/>\n<meta name=\"twitter:card\" content=\"summary_large_image\" \/>\n<meta name=\"twitter:label1\" content=\"\u00c9crit par\" \/>\n\t<meta name=\"twitter:data1\" content=\"omarAdmin\" \/>\n\t<meta name=\"twitter:label2\" content=\"Dur\u00e9e de lecture estim\u00e9e\" \/>\n\t<meta name=\"twitter:data2\" content=\"2 minutes\" \/>\n<script type=\"application\/ld+json\" class=\"yoast-schema-graph\">{\"@context\":\"https:\/\/schema.org\",\"@graph\":[{\"@type\":\"Article\",\"@id\":\"https:\/\/tna.dz\/fr\/le-theatre-regional-de-constantine\/#article\",\"isPartOf\":{\"@id\":\"https:\/\/tna.dz\/fr\/le-theatre-regional-de-constantine\/\"},\"author\":{\"name\":\"omarAdmin\",\"@id\":\"https:\/\/tna.dz\/fr\/#\/schema\/person\/101481cc92bfc5def5711088d2a24632\"},\"headline\":\"Le Th\u00e9\u00e2tre r\u00e9gional de Constantine\",\"datePublished\":\"2019-08-06T14:00:56+00:00\",\"dateModified\":\"2019-08-06T14:00:56+00:00\",\"mainEntityOfPage\":{\"@id\":\"https:\/\/tna.dz\/fr\/le-theatre-regional-de-constantine\/\"},\"wordCount\":347,\"publisher\":{\"@id\":\"https:\/\/tna.dz\/fr\/#organization\"},\"articleSection\":[\"Les th\u00e9\u00e2tres r\u00e9gionaux\"],\"inLanguage\":\"fr-FR\"},{\"@type\":\"WebPage\",\"@id\":\"https:\/\/tna.dz\/fr\/le-theatre-regional-de-constantine\/\",\"url\":\"https:\/\/tna.dz\/fr\/le-theatre-regional-de-constantine\/\",\"name\":\"Le Th\u00e9\u00e2tre r\u00e9gional de Constantine - Th\u00e9\u00e2tre national alg\u00e9rien\",\"isPartOf\":{\"@id\":\"https:\/\/tna.dz\/fr\/#website\"},\"datePublished\":\"2019-08-06T14:00:56+00:00\",\"dateModified\":\"2019-08-06T14:00:56+00:00\",\"description\":\"Le Th\u00e9\u00e2tre r\u00e9gional de Constantine, qui porte depuis le 04\/12\/2017, le nom du chantre du malouf Mohamed-Tahar Fergani, a \u00e9t\u00e9 cr\u00e9\u00e9 par d\u00e9cret\u00a0 n\u00b0 73-72 du\",\"breadcrumb\":{\"@id\":\"https:\/\/tna.dz\/fr\/le-theatre-regional-de-constantine\/#breadcrumb\"},\"inLanguage\":\"fr-FR\",\"potentialAction\":[{\"@type\":\"ReadAction\",\"target\":[\"https:\/\/tna.dz\/fr\/le-theatre-regional-de-constantine\/\"]}]},{\"@type\":\"BreadcrumbList\",\"@id\":\"https:\/\/tna.dz\/fr\/le-theatre-regional-de-constantine\/#breadcrumb\",\"itemListElement\":[{\"@type\":\"ListItem\",\"position\":1,\"name\":\"Accueil\",\"item\":\"https:\/\/tna.dz\/fr\/\"},{\"@type\":\"ListItem\",\"position\":2,\"name\":\"Le Th\u00e9\u00e2tre r\u00e9gional de Constantine\"}]},{\"@type\":\"WebSite\",\"@id\":\"https:\/\/tna.dz\/fr\/#website\",\"url\":\"https:\/\/tna.dz\/fr\/\",\"name\":\"Th\u00e9\u00e2tre national alg\u00e9rien\",\"description\":\"Th\u00e9\u00e2tre national alg\u00e9rien Mahieddine Bachtarzi\",\"publisher\":{\"@id\":\"https:\/\/tna.dz\/fr\/#organization\"},\"potentialAction\":[{\"@type\":\"SearchAction\",\"target\":{\"@type\":\"EntryPoint\",\"urlTemplate\":\"https:\/\/tna.dz\/fr\/?s={search_term_string}\"},\"query-input\":\"required name=search_term_string\"}],\"inLanguage\":\"fr-FR\"},{\"@type\":\"Organization\",\"@id\":\"https:\/\/tna.dz\/fr\/#organization\",\"name\":\"Le Th\u00e9\u00e2tre national alg\u00e9rien\",\"url\":\"https:\/\/tna.dz\/fr\/\",\"logo\":{\"@type\":\"ImageObject\",\"inLanguage\":\"fr-FR\",\"@id\":\"https:\/\/tna.dz\/fr\/#\/schema\/logo\/image\/\",\"url\":\"https:\/\/www.tna.dz\/fr\/wp-content\/uploads\/2019\/11\/repertoire-tna-2018-2-1.png\",\"contentUrl\":\"https:\/\/www.tna.dz\/fr\/wp-content\/uploads\/2019\/11\/repertoire-tna-2018-2-1.png\",\"width\":200,\"height\":84,\"caption\":\"Le Th\u00e9\u00e2tre national alg\u00e9rien\"},\"image\":{\"@id\":\"https:\/\/tna.dz\/fr\/#\/schema\/logo\/image\/\"}},{\"@type\":\"Person\",\"@id\":\"https:\/\/tna.dz\/fr\/#\/schema\/person\/101481cc92bfc5def5711088d2a24632\",\"name\":\"omarAdmin\",\"image\":{\"@type\":\"ImageObject\",\"inLanguage\":\"fr-FR\",\"@id\":\"https:\/\/tna.dz\/fr\/#\/schema\/person\/image\/\",\"url\":\"https:\/\/secure.gravatar.com\/avatar\/2018ebac09ef03c2c32dd119d4429714?s=96&d=mm&r=g\",\"contentUrl\":\"https:\/\/secure.gravatar.com\/avatar\/2018ebac09ef03c2c32dd119d4429714?s=96&d=mm&r=g\",\"caption\":\"omarAdmin\"},\"url\":\"https:\/\/tna.dz\/fr\/author\/omaradmin\/\"}]}<\/script>\n<!-- \/ Yoast SEO plugin. -->","yoast_head_json":{"title":"Le Th\u00e9\u00e2tre r\u00e9gional de Constantine - Th\u00e9\u00e2tre national alg\u00e9rien","description":"Le Th\u00e9\u00e2tre r\u00e9gional de Constantine, qui porte depuis le 04\/12\/2017, le nom du chantre du malouf Mohamed-Tahar Fergani, a \u00e9t\u00e9 cr\u00e9\u00e9 par d\u00e9cret\u00a0 n\u00b0 73-72 du","robots":{"index":"index","follow":"follow","max-snippet":"max-snippet:-1","max-image-preview":"max-image-preview:large","max-video-preview":"max-video-preview:-1"},"canonical":"https:\/\/tna.dz\/fr\/le-theatre-regional-de-constantine\/","og_locale":"fr_FR","og_type":"article","og_title":"Le Th\u00e9\u00e2tre r\u00e9gional de Constantine - Th\u00e9\u00e2tre national alg\u00e9rien","og_description":"Le Th\u00e9\u00e2tre r\u00e9gional de Constantine, qui porte depuis le 04\/12\/2017, le nom du chantre du malouf Mohamed-Tahar Fergani, a \u00e9t\u00e9 cr\u00e9\u00e9 par d\u00e9cret\u00a0 n\u00b0 73-72 du","og_url":"https:\/\/tna.dz\/fr\/le-theatre-regional-de-constantine\/","og_site_name":"Th\u00e9\u00e2tre national alg\u00e9rien","article_published_time":"2019-08-06T14:00:56+00:00","og_image":[{"width":620,"height":330,"url":"https:\/\/tna.dz\/fr\/wp-content\/uploads\/2019\/08\/Theatre-Regional-De-Constantine1-620x330.png","type":"image\/png"}],"author":"omarAdmin","twitter_card":"summary_large_image","twitter_misc":{"\u00c9crit par":"omarAdmin","Dur\u00e9e de lecture estim\u00e9e":"2 minutes"},"schema":{"@context":"https:\/\/schema.org","@graph":[{"@type":"Article","@id":"https:\/\/tna.dz\/fr\/le-theatre-regional-de-constantine\/#article","isPartOf":{"@id":"https:\/\/tna.dz\/fr\/le-theatre-regional-de-constantine\/"},"author":{"name":"omarAdmin","@id":"https:\/\/tna.dz\/fr\/#\/schema\/person\/101481cc92bfc5def5711088d2a24632"},"headline":"Le Th\u00e9\u00e2tre r\u00e9gional de Constantine","datePublished":"2019-08-06T14:00:56+00:00","dateModified":"2019-08-06T14:00:56+00:00","mainEntityOfPage":{"@id":"https:\/\/tna.dz\/fr\/le-theatre-regional-de-constantine\/"},"wordCount":347,"publisher":{"@id":"https:\/\/tna.dz\/fr\/#organization"},"articleSection":["Les th\u00e9\u00e2tres r\u00e9gionaux"],"inLanguage":"fr-FR"},{"@type":"WebPage","@id":"https:\/\/tna.dz\/fr\/le-theatre-regional-de-constantine\/","url":"https:\/\/tna.dz\/fr\/le-theatre-regional-de-constantine\/","name":"Le Th\u00e9\u00e2tre r\u00e9gional de Constantine - Th\u00e9\u00e2tre national alg\u00e9rien","isPartOf":{"@id":"https:\/\/tna.dz\/fr\/#website"},"datePublished":"2019-08-06T14:00:56+00:00","dateModified":"2019-08-06T14:00:56+00:00","description":"Le Th\u00e9\u00e2tre r\u00e9gional de Constantine, qui porte depuis le 04\/12\/2017, le nom du chantre du malouf Mohamed-Tahar Fergani, a \u00e9t\u00e9 cr\u00e9\u00e9 par d\u00e9cret\u00a0 n\u00b0 73-72 du","breadcrumb":{"@id":"https:\/\/tna.dz\/fr\/le-theatre-regional-de-constantine\/#breadcrumb"},"inLanguage":"fr-FR","potentialAction":[{"@type":"ReadAction","target":["https:\/\/tna.dz\/fr\/le-theatre-regional-de-constantine\/"]}]},{"@type":"BreadcrumbList","@id":"https:\/\/tna.dz\/fr\/le-theatre-regional-de-constantine\/#breadcrumb","itemListElement":[{"@type":"ListItem","position":1,"name":"Accueil","item":"https:\/\/tna.dz\/fr\/"},{"@type":"ListItem","position":2,"name":"Le Th\u00e9\u00e2tre r\u00e9gional de Constantine"}]},{"@type":"WebSite","@id":"https:\/\/tna.dz\/fr\/#website","url":"https:\/\/tna.dz\/fr\/","name":"Th\u00e9\u00e2tre national alg\u00e9rien","description":"Th\u00e9\u00e2tre national alg\u00e9rien Mahieddine Bachtarzi","publisher":{"@id":"https:\/\/tna.dz\/fr\/#organization"},"potentialAction":[{"@type":"SearchAction","target":{"@type":"EntryPoint","urlTemplate":"https:\/\/tna.dz\/fr\/?s={search_term_string}"},"query-input":"required name=search_term_string"}],"inLanguage":"fr-FR"},{"@type":"Organization","@id":"https:\/\/tna.dz\/fr\/#organization","name":"Le Th\u00e9\u00e2tre national alg\u00e9rien","url":"https:\/\/tna.dz\/fr\/","logo":{"@type":"ImageObject","inLanguage":"fr-FR","@id":"https:\/\/tna.dz\/fr\/#\/schema\/logo\/image\/","url":"https:\/\/www.tna.dz\/fr\/wp-content\/uploads\/2019\/11\/repertoire-tna-2018-2-1.png","contentUrl":"https:\/\/www.tna.dz\/fr\/wp-content\/uploads\/2019\/11\/repertoire-tna-2018-2-1.png","width":200,"height":84,"caption":"Le Th\u00e9\u00e2tre national alg\u00e9rien"},"image":{"@id":"https:\/\/tna.dz\/fr\/#\/schema\/logo\/image\/"}},{"@type":"Person","@id":"https:\/\/tna.dz\/fr\/#\/schema\/person\/101481cc92bfc5def5711088d2a24632","name":"omarAdmin","image":{"@type":"ImageObject","inLanguage":"fr-FR","@id":"https:\/\/tna.dz\/fr\/#\/schema\/person\/image\/","url":"https:\/\/secure.gravatar.com\/avatar\/2018ebac09ef03c2c32dd119d4429714?s=96&d=mm&r=g","contentUrl":"https:\/\/secure.gravatar.com\/avatar\/2018ebac09ef03c2c32dd119d4429714?s=96&d=mm&r=g","caption":"omarAdmin"},"url":"https:\/\/tna.dz\/fr\/author\/omaradmin\/"}]}},"_links":{"self":[{"href":"https:\/\/tna.dz\/fr\/wp-json\/wp\/v2\/posts\/1708"}],"collection":[{"href":"https:\/\/tna.dz\/fr\/wp-json\/wp\/v2\/posts"}],"about":[{"href":"https:\/\/tna.dz\/fr\/wp-json\/wp\/v2\/types\/post"}],"author":[{"embeddable":true,"href":"https:\/\/tna.dz\/fr\/wp-json\/wp\/v2\/users\/1"}],"replies":[{"embeddable":true,"href":"https:\/\/tna.dz\/fr\/wp-json\/wp\/v2\/comments?post=1708"}],"version-history":[{"count":0,"href":"https:\/\/tna.dz\/fr\/wp-json\/wp\/v2\/posts\/1708\/revisions"}],"wp:featuredmedia":[{"embeddable":true,"href":"https:\/\/tna.dz\/fr\/wp-json\/wp\/v2\/media\/1709"}],"wp:attachment":[{"href":"https:\/\/tna.dz\/fr\/wp-json\/wp\/v2\/media?parent=1708"}],"wp:term":[{"taxonomy":"category","embeddable":true,"href":"https:\/\/tna.dz\/fr\/wp-json\/wp\/v2\/categories?post=1708"},{"taxonomy":"post_tag","embeddable":true,"href":"https:\/\/tna.dz\/fr\/wp-json\/wp\/v2\/tags?post=1708"}],"curies":[{"name":"wp","href":"https:\/\/api.w.org\/{rel}","templated":true}]}}