{"id":1711,"date":"2019-08-06T14:03:08","date_gmt":"2019-08-06T14:03:08","guid":{"rendered":"http:\/\/tna.dz\/fr\/?p=1711"},"modified":"2019-08-06T14:24:19","modified_gmt":"2019-08-06T14:24:19","slug":"le-theatre-regional-doran","status":"publish","type":"post","link":"https:\/\/tna.dz\/fr\/le-theatre-regional-doran\/","title":{"rendered":"Le Th\u00e9\u00e2tre r\u00e9gional d&rsquo;Oran"},"content":{"rendered":"<p>Le Th\u00e9\u00e2tre r\u00e9gional d\u2019Oran, qui porte le nom du grand dramaturge Abdelkader Alloula, a \u00e9t\u00e9 cr\u00e9\u00e9 par d\u00e9cret n\u00b073-73 du\u00a0 13 Rabi\u2019 ou Al Awwal 1393 correspondant au 16 avril 1973. \u00a0\u00a0\u00a0\u00a0\u00a0\u00a0\u00a0\u00a0\u00a0\u00a0\u00a0\u00a0\u00a0\u00a0\u00a0\u00a0\u00a0\u00a0\u00a0\u00a0\u00a0\u00a0\u00a0\u00a0\u00a0\u00a0\u00a0\u00a0\u00a0\u00a0\u00a0\u00a0\u00a0\u00a0\u00a0\u00a0\u00a0\u00a0\u00a0\u00a0\u00a0\u00a0\u00a0\u00a0\u00a0\u00a0\u00a0\u00a0\u00a0\u00a0\u00a0\u00a0\u00a0\u00a0\u00a0\u00a0\u00a0\u00a0\u00a0\u00a0\u00a0\u00a0\u00a0\u00a0\u00a0\u00a0\u00a0\u00a0\u00a0\u00a0\u00a0\u00a0\u00a0\u00a0\u00a0\u00a0\u00a0\u00a0\u00a0\u00a0\u00a0\u00a0\u00a0\u00a0\u00a0\u00a0\u00a0\u00a0\u00a0\u00a0\u00a0\u00a0\u00a0\u00a0\u00a0\u00a0\u00a0\u00a0\u00a0\u00a0\u00a0\u00a0\u00a0\u00a0\u00a0\u00a0\u00a0\u00a0\u00a0\u00a0\u00a0\u00a0\u00a0\u00a0\u00a0\u00a0\u00a0\u00a0\u00a0\u00a0\u00a0\u00a0\u00a0\u00a0\u00a0\u00a0\u00a0\u00a0\u00a0\u00a0\u00a0\u00a0\u00a0\u00a0\u00a0\u00a0\u00a0\u00a0\u00a0\u00a0\u00a0\u00a0\u00a0\u00a0\u00a0\u00a0\u00a0\u00a0\u00a0\u00a0\u00a0\u00a0\u00a0\u00a0\u00a0\u00a0\u00a0\u00a0\u00a0\u00a0\u00a0\u00a0\u00a0\u00a0\u00a0\u00a0\u00a0\u00a0\u00a0\u00a0\u00a0\u00a0\u00a0\u00a0\u00a0\u00a0\u00a0\u00a0\u00a0\u00a0\u00a0\u00a0\u00a0\u00a0L\u2019\u00e9difice, qui abrite le Th\u00e9\u00e2tre r\u00e9gional d\u2019Oran, est situ\u00e9 \u00e0 la place du 1<sup>er<\/sup> Novembre\u00a0en plein c\u0153ur de la ville. C\u2019est un ancien op\u00e9ra b\u00e2ti en 1905 et qui a ouvert ses portes en d\u00e9cembre 1907. A l&rsquo;Ind\u00e9pendance du pays, l\u2019op\u00e9ra est nationalis\u00e9 au m\u00eame titre que tous les autres th\u00e9\u00e2tres d&rsquo;Alg\u00e9rie et devient propri\u00e9t\u00e9 du Minist\u00e8re de la Culture.<\/p>\n<p>L\u2019institution a \u00e9t\u00e9 d\u00e9nomm\u00e9e d\u2019abord le Th\u00e9\u00e2tre national alg\u00e9rien d\u2019Oran (T.N.A d&rsquo;Oran), ensuite le Th\u00e9\u00e2tre national de l&rsquo;ouest alg\u00e9rien (T.N.O.A) puis le Th\u00e9\u00e2tre r\u00e9gional d&rsquo;Oran.<\/p>\n<p>Le b\u00e2timent d\u2019une surface totale de 1791m, est compos\u00e9 de trois corps, les deux corps lat\u00e9raux l\u00e9g\u00e8rement en saillie par rapport au corps principal. Le tout est surmont\u00e9 de coupoles assises sur quatre piliers et d\u2019une balustrade. A la place du fronton, une statue repr\u00e9sentant les muses. Le tout est richement d\u00e9cor\u00e9.<\/p>\n<p>La salle de spectacles (parterre, balcon et loges) d\u2019une capacit\u00e9 de 600 places.<\/p>\n<p>Le th\u00e9\u00e2tre, qui draine plus de quatre-vingt\u00a0 (80\u00a0000) mille spectateurs par an, rassemble en moyenne 224 spectateurs par repr\u00e9sentation, \u00e0 un rythme de 25 repr\u00e9sentations par mois. La derni\u00e8re production du Th\u00e9\u00e2tre r\u00e9gional d\u2019Oran, qui compte \u00e0 son actif soixante neuf\u00a0 (69) cr\u00e9ations depuis 1968, est Dada (2018).<\/p>\n<p>&nbsp;<\/p>\n<p style=\"text-align: left;\">\u00a0 CONTACT<\/p>\n<p style=\"text-align: left;\">\u00a0 Place du 1er Novembre 1954<\/p>\n<p style=\"text-align: left;\">\u00a031 000\u00a0\u00a0 Oran<\/p>\n<p style=\"text-align: left;\">T\u00e9l : 041.29.60.57<strong> , <\/strong>041 29 61 02, 041 29 48 26<\/p>\n<p style=\"text-align: left;\">Email :\u00a0<a href=\"mailto:contact@theatreregionaloran.com\">contact@theatreregionaloran.com<\/a><\/p>\n<p style=\"text-align: left;\">\u00a0Site web :\u00a0<a href=\"http:\/\/www.theatreregionaloran.com\/\">http:\/\/www.theatreregionaloran.com<\/a><\/p>\n<p>&nbsp;<\/p>\n<p><strong>\u00a0<\/strong><\/p>\n","protected":false},"excerpt":{"rendered":"<p>Le Th\u00e9\u00e2tre r\u00e9gional d\u2019Oran, qui porte le nom du grand dramaturge Abdelkader Alloula, a \u00e9t\u00e9 cr\u00e9\u00e9 par d\u00e9cret n\u00b073-73 du\u00a0 13 Rabi\u2019 ou Al Awwal 1393 correspondant au 16 avril 1973. \u00a0\u00a0\u00a0\u00a0\u00a0\u00a0\u00a0\u00a0\u00a0\u00a0\u00a0\u00a0\u00a0\u00a0\u00a0\u00a0\u00a0\u00a0\u00a0\u00a0\u00a0\u00a0\u00a0\u00a0\u00a0\u00a0\u00a0\u00a0\u00a0\u00a0\u00a0\u00a0\u00a0\u00a0\u00a0\u00a0\u00a0\u00a0\u00a0\u00a0\u00a0\u00a0\u00a0\u00a0\u00a0\u00a0\u00a0\u00a0\u00a0\u00a0\u00a0\u00a0\u00a0\u00a0\u00a0\u00a0\u00a0\u00a0\u00a0\u00a0\u00a0\u00a0\u00a0\u00a0\u00a0\u00a0\u00a0\u00a0\u00a0\u00a0\u00a0\u00a0\u00a0\u00a0\u00a0\u00a0\u00a0\u00a0\u00a0\u00a0\u00a0\u00a0\u00a0\u00a0\u00a0\u00a0\u00a0\u00a0\u00a0\u00a0\u00a0\u00a0\u00a0\u00a0\u00a0\u00a0\u00a0\u00a0\u00a0\u00a0\u00a0\u00a0\u00a0\u00a0\u00a0\u00a0\u00a0\u00a0\u00a0\u00a0\u00a0\u00a0\u00a0\u00a0\u00a0\u00a0\u00a0\u00a0\u00a0\u00a0\u00a0\u00a0\u00a0\u00a0\u00a0\u00a0\u00a0\u00a0\u00a0\u00a0\u00a0\u00a0\u00a0\u00a0\u00a0\u00a0\u00a0\u00a0\u00a0\u00a0\u00a0\u00a0\u00a0\u00a0\u00a0\u00a0\u00a0\u00a0\u00a0\u00a0\u00a0\u00a0\u00a0\u00a0\u00a0\u00a0\u00a0\u00a0\u00a0\u00a0\u00a0\u00a0\u00a0\u00a0\u00a0\u00a0\u00a0\u00a0\u00a0\u00a0\u00a0\u00a0\u00a0\u00a0\u00a0\u00a0\u00a0\u00a0\u00a0\u00a0\u00a0\u00a0\u00a0\u00a0L\u2019\u00e9difice, qui abrite le Th\u00e9\u00e2tre r\u00e9gional d\u2019Oran, est situ\u00e9 \u00e0 la place du 1er Novembre\u00a0en plein c\u0153ur de la ville. C\u2019est un ancien op\u00e9ra &hellip;<\/p>\n","protected":false},"author":1,"featured_media":1713,"comment_status":"closed","ping_status":"closed","sticky":false,"template":"","format":"standard","meta":{"footnotes":""},"categories":[108,1],"tags":[],"yoast_head":"<!-- This site is optimized with the Yoast SEO plugin v21.2 - https:\/\/yoast.com\/wordpress\/plugins\/seo\/ -->\n<title>Le Th\u00e9\u00e2tre r\u00e9gional d&#039;Oran - Th\u00e9\u00e2tre national alg\u00e9rien<\/title>\n<meta name=\"description\" content=\"Le Th\u00e9\u00e2tre r\u00e9gional d\u2019Oran, qui porte le nom du grand dramaturge Abdelkader Alloula, a \u00e9t\u00e9 cr\u00e9\u00e9 par d\u00e9cret n\u00b073-73 du\u00a0 13 Rabi\u2019 ou Al Awwal 1393\" \/>\n<meta name=\"robots\" content=\"index, follow, max-snippet:-1, max-image-preview:large, max-video-preview:-1\" \/>\n<link rel=\"canonical\" href=\"https:\/\/tna.dz\/fr\/le-theatre-regional-doran\/\" \/>\n<meta property=\"og:locale\" content=\"fr_FR\" \/>\n<meta property=\"og:type\" content=\"article\" \/>\n<meta property=\"og:title\" content=\"Le Th\u00e9\u00e2tre r\u00e9gional d&#039;Oran - Th\u00e9\u00e2tre national alg\u00e9rien\" \/>\n<meta property=\"og:description\" content=\"Le Th\u00e9\u00e2tre r\u00e9gional d\u2019Oran, qui porte le nom du grand dramaturge Abdelkader Alloula, a \u00e9t\u00e9 cr\u00e9\u00e9 par d\u00e9cret n\u00b073-73 du\u00a0 13 Rabi\u2019 ou Al Awwal 1393\" \/>\n<meta property=\"og:url\" content=\"https:\/\/tna.dz\/fr\/le-theatre-regional-doran\/\" \/>\n<meta property=\"og:site_name\" content=\"Th\u00e9\u00e2tre national alg\u00e9rien\" \/>\n<meta property=\"article:published_time\" content=\"2019-08-06T14:03:08+00:00\" \/>\n<meta property=\"article:modified_time\" content=\"2019-08-06T14:24:19+00:00\" \/>\n<meta property=\"og:image\" content=\"https:\/\/tna.dz\/fr\/wp-content\/uploads\/2019\/08\/Le-theatre-regional-dOran-620x330.png\" \/>\n\t<meta property=\"og:image:width\" content=\"620\" \/>\n\t<meta property=\"og:image:height\" content=\"330\" \/>\n\t<meta property=\"og:image:type\" content=\"image\/png\" \/>\n<meta name=\"author\" content=\"omarAdmin\" \/>\n<meta name=\"twitter:card\" content=\"summary_large_image\" \/>\n<meta name=\"twitter:label1\" content=\"\u00c9crit par\" \/>\n\t<meta name=\"twitter:data1\" content=\"omarAdmin\" \/>\n\t<meta name=\"twitter:label2\" content=\"Dur\u00e9e de lecture estim\u00e9e\" \/>\n\t<meta name=\"twitter:data2\" content=\"1 minute\" \/>\n<script type=\"application\/ld+json\" class=\"yoast-schema-graph\">{\"@context\":\"https:\/\/schema.org\",\"@graph\":[{\"@type\":\"Article\",\"@id\":\"https:\/\/tna.dz\/fr\/le-theatre-regional-doran\/#article\",\"isPartOf\":{\"@id\":\"https:\/\/tna.dz\/fr\/le-theatre-regional-doran\/\"},\"author\":{\"name\":\"omarAdmin\",\"@id\":\"https:\/\/tna.dz\/fr\/#\/schema\/person\/101481cc92bfc5def5711088d2a24632\"},\"headline\":\"Le Th\u00e9\u00e2tre r\u00e9gional d&rsquo;Oran\",\"datePublished\":\"2019-08-06T14:03:08+00:00\",\"dateModified\":\"2019-08-06T14:24:19+00:00\",\"mainEntityOfPage\":{\"@id\":\"https:\/\/tna.dz\/fr\/le-theatre-regional-doran\/\"},\"wordCount\":301,\"publisher\":{\"@id\":\"https:\/\/tna.dz\/fr\/#organization\"},\"articleSection\":[\"Les th\u00e9\u00e2tres r\u00e9gionaux\",\"Uncategorized\"],\"inLanguage\":\"fr-FR\"},{\"@type\":\"WebPage\",\"@id\":\"https:\/\/tna.dz\/fr\/le-theatre-regional-doran\/\",\"url\":\"https:\/\/tna.dz\/fr\/le-theatre-regional-doran\/\",\"name\":\"Le Th\u00e9\u00e2tre r\u00e9gional d'Oran - Th\u00e9\u00e2tre national alg\u00e9rien\",\"isPartOf\":{\"@id\":\"https:\/\/tna.dz\/fr\/#website\"},\"datePublished\":\"2019-08-06T14:03:08+00:00\",\"dateModified\":\"2019-08-06T14:24:19+00:00\",\"description\":\"Le Th\u00e9\u00e2tre r\u00e9gional d\u2019Oran, qui porte le nom du grand dramaturge Abdelkader Alloula, a \u00e9t\u00e9 cr\u00e9\u00e9 par d\u00e9cret n\u00b073-73 du\u00a0 13 Rabi\u2019 ou Al Awwal 1393\",\"breadcrumb\":{\"@id\":\"https:\/\/tna.dz\/fr\/le-theatre-regional-doran\/#breadcrumb\"},\"inLanguage\":\"fr-FR\",\"potentialAction\":[{\"@type\":\"ReadAction\",\"target\":[\"https:\/\/tna.dz\/fr\/le-theatre-regional-doran\/\"]}]},{\"@type\":\"BreadcrumbList\",\"@id\":\"https:\/\/tna.dz\/fr\/le-theatre-regional-doran\/#breadcrumb\",\"itemListElement\":[{\"@type\":\"ListItem\",\"position\":1,\"name\":\"Accueil\",\"item\":\"https:\/\/tna.dz\/fr\/\"},{\"@type\":\"ListItem\",\"position\":2,\"name\":\"Le Th\u00e9\u00e2tre r\u00e9gional d&rsquo;Oran\"}]},{\"@type\":\"WebSite\",\"@id\":\"https:\/\/tna.dz\/fr\/#website\",\"url\":\"https:\/\/tna.dz\/fr\/\",\"name\":\"Th\u00e9\u00e2tre national alg\u00e9rien\",\"description\":\"Th\u00e9\u00e2tre national alg\u00e9rien Mahieddine Bachtarzi\",\"publisher\":{\"@id\":\"https:\/\/tna.dz\/fr\/#organization\"},\"potentialAction\":[{\"@type\":\"SearchAction\",\"target\":{\"@type\":\"EntryPoint\",\"urlTemplate\":\"https:\/\/tna.dz\/fr\/?s={search_term_string}\"},\"query-input\":\"required name=search_term_string\"}],\"inLanguage\":\"fr-FR\"},{\"@type\":\"Organization\",\"@id\":\"https:\/\/tna.dz\/fr\/#organization\",\"name\":\"Le Th\u00e9\u00e2tre national alg\u00e9rien\",\"url\":\"https:\/\/tna.dz\/fr\/\",\"logo\":{\"@type\":\"ImageObject\",\"inLanguage\":\"fr-FR\",\"@id\":\"https:\/\/tna.dz\/fr\/#\/schema\/logo\/image\/\",\"url\":\"https:\/\/www.tna.dz\/fr\/wp-content\/uploads\/2019\/11\/repertoire-tna-2018-2-1.png\",\"contentUrl\":\"https:\/\/www.tna.dz\/fr\/wp-content\/uploads\/2019\/11\/repertoire-tna-2018-2-1.png\",\"width\":200,\"height\":84,\"caption\":\"Le Th\u00e9\u00e2tre national alg\u00e9rien\"},\"image\":{\"@id\":\"https:\/\/tna.dz\/fr\/#\/schema\/logo\/image\/\"}},{\"@type\":\"Person\",\"@id\":\"https:\/\/tna.dz\/fr\/#\/schema\/person\/101481cc92bfc5def5711088d2a24632\",\"name\":\"omarAdmin\",\"image\":{\"@type\":\"ImageObject\",\"inLanguage\":\"fr-FR\",\"@id\":\"https:\/\/tna.dz\/fr\/#\/schema\/person\/image\/\",\"url\":\"https:\/\/secure.gravatar.com\/avatar\/2018ebac09ef03c2c32dd119d4429714?s=96&d=mm&r=g\",\"contentUrl\":\"https:\/\/secure.gravatar.com\/avatar\/2018ebac09ef03c2c32dd119d4429714?s=96&d=mm&r=g\",\"caption\":\"omarAdmin\"},\"url\":\"https:\/\/tna.dz\/fr\/author\/omaradmin\/\"}]}<\/script>\n<!-- \/ Yoast SEO plugin. -->","yoast_head_json":{"title":"Le Th\u00e9\u00e2tre r\u00e9gional d'Oran - Th\u00e9\u00e2tre national alg\u00e9rien","description":"Le Th\u00e9\u00e2tre r\u00e9gional d\u2019Oran, qui porte le nom du grand dramaturge Abdelkader Alloula, a \u00e9t\u00e9 cr\u00e9\u00e9 par d\u00e9cret n\u00b073-73 du\u00a0 13 Rabi\u2019 ou Al Awwal 1393","robots":{"index":"index","follow":"follow","max-snippet":"max-snippet:-1","max-image-preview":"max-image-preview:large","max-video-preview":"max-video-preview:-1"},"canonical":"https:\/\/tna.dz\/fr\/le-theatre-regional-doran\/","og_locale":"fr_FR","og_type":"article","og_title":"Le Th\u00e9\u00e2tre r\u00e9gional d'Oran - Th\u00e9\u00e2tre national alg\u00e9rien","og_description":"Le Th\u00e9\u00e2tre r\u00e9gional d\u2019Oran, qui porte le nom du grand dramaturge Abdelkader Alloula, a \u00e9t\u00e9 cr\u00e9\u00e9 par d\u00e9cret n\u00b073-73 du\u00a0 13 Rabi\u2019 ou Al Awwal 1393","og_url":"https:\/\/tna.dz\/fr\/le-theatre-regional-doran\/","og_site_name":"Th\u00e9\u00e2tre national alg\u00e9rien","article_published_time":"2019-08-06T14:03:08+00:00","article_modified_time":"2019-08-06T14:24:19+00:00","og_image":[{"width":620,"height":330,"url":"https:\/\/tna.dz\/fr\/wp-content\/uploads\/2019\/08\/Le-theatre-regional-dOran-620x330.png","type":"image\/png"}],"author":"omarAdmin","twitter_card":"summary_large_image","twitter_misc":{"\u00c9crit par":"omarAdmin","Dur\u00e9e de lecture estim\u00e9e":"1 minute"},"schema":{"@context":"https:\/\/schema.org","@graph":[{"@type":"Article","@id":"https:\/\/tna.dz\/fr\/le-theatre-regional-doran\/#article","isPartOf":{"@id":"https:\/\/tna.dz\/fr\/le-theatre-regional-doran\/"},"author":{"name":"omarAdmin","@id":"https:\/\/tna.dz\/fr\/#\/schema\/person\/101481cc92bfc5def5711088d2a24632"},"headline":"Le Th\u00e9\u00e2tre r\u00e9gional d&rsquo;Oran","datePublished":"2019-08-06T14:03:08+00:00","dateModified":"2019-08-06T14:24:19+00:00","mainEntityOfPage":{"@id":"https:\/\/tna.dz\/fr\/le-theatre-regional-doran\/"},"wordCount":301,"publisher":{"@id":"https:\/\/tna.dz\/fr\/#organization"},"articleSection":["Les th\u00e9\u00e2tres r\u00e9gionaux","Uncategorized"],"inLanguage":"fr-FR"},{"@type":"WebPage","@id":"https:\/\/tna.dz\/fr\/le-theatre-regional-doran\/","url":"https:\/\/tna.dz\/fr\/le-theatre-regional-doran\/","name":"Le Th\u00e9\u00e2tre r\u00e9gional d'Oran - Th\u00e9\u00e2tre national alg\u00e9rien","isPartOf":{"@id":"https:\/\/tna.dz\/fr\/#website"},"datePublished":"2019-08-06T14:03:08+00:00","dateModified":"2019-08-06T14:24:19+00:00","description":"Le Th\u00e9\u00e2tre r\u00e9gional d\u2019Oran, qui porte le nom du grand dramaturge Abdelkader Alloula, a \u00e9t\u00e9 cr\u00e9\u00e9 par d\u00e9cret n\u00b073-73 du\u00a0 13 Rabi\u2019 ou Al Awwal 1393","breadcrumb":{"@id":"https:\/\/tna.dz\/fr\/le-theatre-regional-doran\/#breadcrumb"},"inLanguage":"fr-FR","potentialAction":[{"@type":"ReadAction","target":["https:\/\/tna.dz\/fr\/le-theatre-regional-doran\/"]}]},{"@type":"BreadcrumbList","@id":"https:\/\/tna.dz\/fr\/le-theatre-regional-doran\/#breadcrumb","itemListElement":[{"@type":"ListItem","position":1,"name":"Accueil","item":"https:\/\/tna.dz\/fr\/"},{"@type":"ListItem","position":2,"name":"Le Th\u00e9\u00e2tre r\u00e9gional d&rsquo;Oran"}]},{"@type":"WebSite","@id":"https:\/\/tna.dz\/fr\/#website","url":"https:\/\/tna.dz\/fr\/","name":"Th\u00e9\u00e2tre national alg\u00e9rien","description":"Th\u00e9\u00e2tre national alg\u00e9rien Mahieddine Bachtarzi","publisher":{"@id":"https:\/\/tna.dz\/fr\/#organization"},"potentialAction":[{"@type":"SearchAction","target":{"@type":"EntryPoint","urlTemplate":"https:\/\/tna.dz\/fr\/?s={search_term_string}"},"query-input":"required name=search_term_string"}],"inLanguage":"fr-FR"},{"@type":"Organization","@id":"https:\/\/tna.dz\/fr\/#organization","name":"Le Th\u00e9\u00e2tre national alg\u00e9rien","url":"https:\/\/tna.dz\/fr\/","logo":{"@type":"ImageObject","inLanguage":"fr-FR","@id":"https:\/\/tna.dz\/fr\/#\/schema\/logo\/image\/","url":"https:\/\/www.tna.dz\/fr\/wp-content\/uploads\/2019\/11\/repertoire-tna-2018-2-1.png","contentUrl":"https:\/\/www.tna.dz\/fr\/wp-content\/uploads\/2019\/11\/repertoire-tna-2018-2-1.png","width":200,"height":84,"caption":"Le Th\u00e9\u00e2tre national alg\u00e9rien"},"image":{"@id":"https:\/\/tna.dz\/fr\/#\/schema\/logo\/image\/"}},{"@type":"Person","@id":"https:\/\/tna.dz\/fr\/#\/schema\/person\/101481cc92bfc5def5711088d2a24632","name":"omarAdmin","image":{"@type":"ImageObject","inLanguage":"fr-FR","@id":"https:\/\/tna.dz\/fr\/#\/schema\/person\/image\/","url":"https:\/\/secure.gravatar.com\/avatar\/2018ebac09ef03c2c32dd119d4429714?s=96&d=mm&r=g","contentUrl":"https:\/\/secure.gravatar.com\/avatar\/2018ebac09ef03c2c32dd119d4429714?s=96&d=mm&r=g","caption":"omarAdmin"},"url":"https:\/\/tna.dz\/fr\/author\/omaradmin\/"}]}},"_links":{"self":[{"href":"https:\/\/tna.dz\/fr\/wp-json\/wp\/v2\/posts\/1711"}],"collection":[{"href":"https:\/\/tna.dz\/fr\/wp-json\/wp\/v2\/posts"}],"about":[{"href":"https:\/\/tna.dz\/fr\/wp-json\/wp\/v2\/types\/post"}],"author":[{"embeddable":true,"href":"https:\/\/tna.dz\/fr\/wp-json\/wp\/v2\/users\/1"}],"replies":[{"embeddable":true,"href":"https:\/\/tna.dz\/fr\/wp-json\/wp\/v2\/comments?post=1711"}],"version-history":[{"count":0,"href":"https:\/\/tna.dz\/fr\/wp-json\/wp\/v2\/posts\/1711\/revisions"}],"wp:featuredmedia":[{"embeddable":true,"href":"https:\/\/tna.dz\/fr\/wp-json\/wp\/v2\/media\/1713"}],"wp:attachment":[{"href":"https:\/\/tna.dz\/fr\/wp-json\/wp\/v2\/media?parent=1711"}],"wp:term":[{"taxonomy":"category","embeddable":true,"href":"https:\/\/tna.dz\/fr\/wp-json\/wp\/v2\/categories?post=1711"},{"taxonomy":"post_tag","embeddable":true,"href":"https:\/\/tna.dz\/fr\/wp-json\/wp\/v2\/tags?post=1711"}],"curies":[{"name":"wp","href":"https:\/\/api.w.org\/{rel}","templated":true}]}}