{"id":1718,"date":"2019-08-06T14:16:09","date_gmt":"2019-08-06T14:16:09","guid":{"rendered":"http:\/\/tna.dz\/fr\/?p=1718"},"modified":"2019-08-06T14:16:09","modified_gmt":"2019-08-06T14:16:09","slug":"le-theatre-regional-de-djelfa","status":"publish","type":"post","link":"https:\/\/tna.dz\/fr\/le-theatre-regional-de-djelfa\/","title":{"rendered":"Le Th\u00e9\u00e2tre r\u00e9gional de Djelfa"},"content":{"rendered":"<p>Le Th\u00e9\u00e2tre r\u00e9gional de Djelfa est une institution\u00a0cr\u00e9\u00e9e par d\u00e9cret ex\u00e9cutif n\u00b014-16 du 19 Rabie El Aouel correspondant au 21 janvier 2014 et plac\u00e9e sous tutelle du minist\u00e8re de la Culture.<\/p>\n<p>Il a le\u00a0statut d\u2019entreprise publique \u00e0 caract\u00e8re industriel et commercial (EPIC).<\/p>\n<p>Le th\u00e9\u00e2tre, qui est situ\u00e9 au chef-lieu de wilaya (\u00e0 la rue Lot n\u00b0198),\u00a0\u00a0a \u00e9t\u00e9 inaugur\u00e9 le 10f\u00e9vrier 2017 par l\u2019ex-Premier ministre Abdelmalek Sellal et porte le nom du com\u00e9dien d\u2019Ahmed Benbouzid dit Attalah.<\/p>\n<p>D\u2019 une superficie de 2500 m2, le Th\u00e9\u00e2tre r\u00e9gional de Djelfa est un b\u00e2timent de deux \u00e9tages, constitu\u00e9 d\u2019un corps principal et de deux pans \u00e0 la forme rectangulaire, inspir\u00e9 des th\u00e9\u00e2tres de style des Beaux-arts. Le devant du corps du b\u00e2timent est pr\u00e9c\u00e9d\u00e9 d\u2019une forme architecturale de l\u2019arc avec trois passages vo\u00fbt\u00e9s : un large encadr\u00e9 par deux moyens. La fa\u00e7ade est presque d\u00e9pouill\u00e9e de d\u00e9cor, mis \u00e0 part quelques colonnes de style romain, qui ornent les murs des tours carr\u00e9es l\u00e9g\u00e8rement avanc\u00e9es pour rompre la monotonie de la large surface murale vide.<\/p>\n<p>La salle des spectacles, qui se trouve au premier \u00e9tage, est d\u2019une capacit\u00e9 de 560 places .<\/p>\n<p>Le Th\u00e9\u00e2tre r\u00e9gional de Djelfa, ouvert au public au d\u00e9but de l\u2019ann\u00e9e 2017, compte deux cr\u00e9ations : l\u2019une pour les enfants intitul\u00e9e \u00ab\u00a0Lemtihane Lissighar\u00a0\u00bb (\u00a0\u00a0\u00a02015) et la deuxi\u00e8me pour les adultes intitul\u00e9e \u00ab\u00a0Attachi\u00a0\u00bb (2017)\u00a0\u00a0avec laquelle il a particip\u00e9 au Festival national du th\u00e9\u00e2tre professionnel alg\u00e9rien\u00a0\u00a0(FNTP).<\/p>\n<p>&nbsp;<\/p>\n<p>&nbsp;<\/p>\n<p>CONTACT<\/p>\n<p>Lot n\u00b0 198 Djelfa<\/p>\n<p>17\u00a0000 Djelfa<\/p>\n<p>T\u00e9l et fax\u00a0: 027936651<\/p>\n","protected":false},"excerpt":{"rendered":"<p>Le Th\u00e9\u00e2tre r\u00e9gional de Djelfa est une institution\u00a0cr\u00e9\u00e9e par d\u00e9cret ex\u00e9cutif n\u00b014-16 du 19 Rabie El Aouel correspondant au 21 janvier 2014 et plac\u00e9e sous tutelle du minist\u00e8re de la Culture. Il a le\u00a0statut d\u2019entreprise publique \u00e0 caract\u00e8re industriel et commercial (EPIC). Le th\u00e9\u00e2tre, qui est situ\u00e9 au chef-lieu de wilaya (\u00e0 la rue Lot &hellip;<\/p>\n","protected":false},"author":1,"featured_media":1719,"comment_status":"closed","ping_status":"closed","sticky":false,"template":"","format":"standard","meta":{"footnotes":""},"categories":[108],"tags":[],"yoast_head":"<!-- This site is optimized with the Yoast SEO plugin v21.2 - https:\/\/yoast.com\/wordpress\/plugins\/seo\/ -->\n<title>Le Th\u00e9\u00e2tre r\u00e9gional de Djelfa - Th\u00e9\u00e2tre national alg\u00e9rien<\/title>\n<meta name=\"description\" content=\"Le Th\u00e9\u00e2tre r\u00e9gional de Djelfa est une institution\u00a0cr\u00e9\u00e9e par d\u00e9cret ex\u00e9cutif n\u00b014-16 du 19 Rabie El Aouel correspondant au 21 janvier 2014 et plac\u00e9e sous\" \/>\n<meta name=\"robots\" content=\"index, follow, max-snippet:-1, max-image-preview:large, max-video-preview:-1\" \/>\n<link rel=\"canonical\" href=\"https:\/\/tna.dz\/fr\/le-theatre-regional-de-djelfa\/\" \/>\n<meta property=\"og:locale\" content=\"fr_FR\" \/>\n<meta property=\"og:type\" content=\"article\" \/>\n<meta property=\"og:title\" content=\"Le Th\u00e9\u00e2tre r\u00e9gional de Djelfa - Th\u00e9\u00e2tre national alg\u00e9rien\" \/>\n<meta property=\"og:description\" content=\"Le Th\u00e9\u00e2tre r\u00e9gional de Djelfa est une institution\u00a0cr\u00e9\u00e9e par d\u00e9cret ex\u00e9cutif n\u00b014-16 du 19 Rabie El Aouel correspondant au 21 janvier 2014 et plac\u00e9e sous\" \/>\n<meta property=\"og:url\" content=\"https:\/\/tna.dz\/fr\/le-theatre-regional-de-djelfa\/\" \/>\n<meta property=\"og:site_name\" content=\"Th\u00e9\u00e2tre national alg\u00e9rien\" \/>\n<meta property=\"article:published_time\" content=\"2019-08-06T14:16:09+00:00\" \/>\n<meta property=\"og:image\" content=\"https:\/\/tna.dz\/fr\/wp-content\/uploads\/2019\/08\/Th\u00e9\u00e2tre-R\u00e9gional-de-djelfa.jpg\" \/>\n\t<meta property=\"og:image:width\" content=\"720\" \/>\n\t<meta property=\"og:image:height\" content=\"540\" \/>\n\t<meta property=\"og:image:type\" content=\"image\/jpeg\" \/>\n<meta name=\"author\" content=\"omarAdmin\" \/>\n<meta name=\"twitter:card\" content=\"summary_large_image\" \/>\n<meta name=\"twitter:label1\" content=\"\u00c9crit par\" \/>\n\t<meta name=\"twitter:data1\" content=\"omarAdmin\" \/>\n\t<meta name=\"twitter:label2\" content=\"Dur\u00e9e de lecture estim\u00e9e\" \/>\n\t<meta name=\"twitter:data2\" content=\"1 minute\" \/>\n<script type=\"application\/ld+json\" class=\"yoast-schema-graph\">{\"@context\":\"https:\/\/schema.org\",\"@graph\":[{\"@type\":\"Article\",\"@id\":\"https:\/\/tna.dz\/fr\/le-theatre-regional-de-djelfa\/#article\",\"isPartOf\":{\"@id\":\"https:\/\/tna.dz\/fr\/le-theatre-regional-de-djelfa\/\"},\"author\":{\"name\":\"omarAdmin\",\"@id\":\"https:\/\/tna.dz\/fr\/#\/schema\/person\/101481cc92bfc5def5711088d2a24632\"},\"headline\":\"Le Th\u00e9\u00e2tre r\u00e9gional de Djelfa\",\"datePublished\":\"2019-08-06T14:16:09+00:00\",\"dateModified\":\"2019-08-06T14:16:09+00:00\",\"mainEntityOfPage\":{\"@id\":\"https:\/\/tna.dz\/fr\/le-theatre-regional-de-djelfa\/\"},\"wordCount\":287,\"publisher\":{\"@id\":\"https:\/\/tna.dz\/fr\/#organization\"},\"articleSection\":[\"Les th\u00e9\u00e2tres r\u00e9gionaux\"],\"inLanguage\":\"fr-FR\"},{\"@type\":\"WebPage\",\"@id\":\"https:\/\/tna.dz\/fr\/le-theatre-regional-de-djelfa\/\",\"url\":\"https:\/\/tna.dz\/fr\/le-theatre-regional-de-djelfa\/\",\"name\":\"Le Th\u00e9\u00e2tre r\u00e9gional de Djelfa - Th\u00e9\u00e2tre national alg\u00e9rien\",\"isPartOf\":{\"@id\":\"https:\/\/tna.dz\/fr\/#website\"},\"datePublished\":\"2019-08-06T14:16:09+00:00\",\"dateModified\":\"2019-08-06T14:16:09+00:00\",\"description\":\"Le Th\u00e9\u00e2tre r\u00e9gional de Djelfa est une institution\u00a0cr\u00e9\u00e9e par d\u00e9cret ex\u00e9cutif n\u00b014-16 du 19 Rabie El Aouel correspondant au 21 janvier 2014 et plac\u00e9e sous\",\"breadcrumb\":{\"@id\":\"https:\/\/tna.dz\/fr\/le-theatre-regional-de-djelfa\/#breadcrumb\"},\"inLanguage\":\"fr-FR\",\"potentialAction\":[{\"@type\":\"ReadAction\",\"target\":[\"https:\/\/tna.dz\/fr\/le-theatre-regional-de-djelfa\/\"]}]},{\"@type\":\"BreadcrumbList\",\"@id\":\"https:\/\/tna.dz\/fr\/le-theatre-regional-de-djelfa\/#breadcrumb\",\"itemListElement\":[{\"@type\":\"ListItem\",\"position\":1,\"name\":\"Accueil\",\"item\":\"https:\/\/tna.dz\/fr\/\"},{\"@type\":\"ListItem\",\"position\":2,\"name\":\"Le Th\u00e9\u00e2tre r\u00e9gional de Djelfa\"}]},{\"@type\":\"WebSite\",\"@id\":\"https:\/\/tna.dz\/fr\/#website\",\"url\":\"https:\/\/tna.dz\/fr\/\",\"name\":\"Th\u00e9\u00e2tre national alg\u00e9rien\",\"description\":\"Th\u00e9\u00e2tre national alg\u00e9rien Mahieddine Bachtarzi\",\"publisher\":{\"@id\":\"https:\/\/tna.dz\/fr\/#organization\"},\"potentialAction\":[{\"@type\":\"SearchAction\",\"target\":{\"@type\":\"EntryPoint\",\"urlTemplate\":\"https:\/\/tna.dz\/fr\/?s={search_term_string}\"},\"query-input\":\"required name=search_term_string\"}],\"inLanguage\":\"fr-FR\"},{\"@type\":\"Organization\",\"@id\":\"https:\/\/tna.dz\/fr\/#organization\",\"name\":\"Le Th\u00e9\u00e2tre national alg\u00e9rien\",\"url\":\"https:\/\/tna.dz\/fr\/\",\"logo\":{\"@type\":\"ImageObject\",\"inLanguage\":\"fr-FR\",\"@id\":\"https:\/\/tna.dz\/fr\/#\/schema\/logo\/image\/\",\"url\":\"https:\/\/www.tna.dz\/fr\/wp-content\/uploads\/2019\/11\/repertoire-tna-2018-2-1.png\",\"contentUrl\":\"https:\/\/www.tna.dz\/fr\/wp-content\/uploads\/2019\/11\/repertoire-tna-2018-2-1.png\",\"width\":200,\"height\":84,\"caption\":\"Le Th\u00e9\u00e2tre national alg\u00e9rien\"},\"image\":{\"@id\":\"https:\/\/tna.dz\/fr\/#\/schema\/logo\/image\/\"}},{\"@type\":\"Person\",\"@id\":\"https:\/\/tna.dz\/fr\/#\/schema\/person\/101481cc92bfc5def5711088d2a24632\",\"name\":\"omarAdmin\",\"image\":{\"@type\":\"ImageObject\",\"inLanguage\":\"fr-FR\",\"@id\":\"https:\/\/tna.dz\/fr\/#\/schema\/person\/image\/\",\"url\":\"https:\/\/secure.gravatar.com\/avatar\/2018ebac09ef03c2c32dd119d4429714?s=96&d=mm&r=g\",\"contentUrl\":\"https:\/\/secure.gravatar.com\/avatar\/2018ebac09ef03c2c32dd119d4429714?s=96&d=mm&r=g\",\"caption\":\"omarAdmin\"},\"url\":\"https:\/\/tna.dz\/fr\/author\/omaradmin\/\"}]}<\/script>\n<!-- \/ Yoast SEO plugin. -->","yoast_head_json":{"title":"Le Th\u00e9\u00e2tre r\u00e9gional de Djelfa - Th\u00e9\u00e2tre national alg\u00e9rien","description":"Le Th\u00e9\u00e2tre r\u00e9gional de Djelfa est une institution\u00a0cr\u00e9\u00e9e par d\u00e9cret ex\u00e9cutif n\u00b014-16 du 19 Rabie El Aouel correspondant au 21 janvier 2014 et plac\u00e9e sous","robots":{"index":"index","follow":"follow","max-snippet":"max-snippet:-1","max-image-preview":"max-image-preview:large","max-video-preview":"max-video-preview:-1"},"canonical":"https:\/\/tna.dz\/fr\/le-theatre-regional-de-djelfa\/","og_locale":"fr_FR","og_type":"article","og_title":"Le Th\u00e9\u00e2tre r\u00e9gional de Djelfa - Th\u00e9\u00e2tre national alg\u00e9rien","og_description":"Le Th\u00e9\u00e2tre r\u00e9gional de Djelfa est une institution\u00a0cr\u00e9\u00e9e par d\u00e9cret ex\u00e9cutif n\u00b014-16 du 19 Rabie El Aouel correspondant au 21 janvier 2014 et plac\u00e9e sous","og_url":"https:\/\/tna.dz\/fr\/le-theatre-regional-de-djelfa\/","og_site_name":"Th\u00e9\u00e2tre national alg\u00e9rien","article_published_time":"2019-08-06T14:16:09+00:00","og_image":[{"width":720,"height":540,"url":"https:\/\/tna.dz\/fr\/wp-content\/uploads\/2019\/08\/Th\u00e9\u00e2tre-R\u00e9gional-de-djelfa.jpg","type":"image\/jpeg"}],"author":"omarAdmin","twitter_card":"summary_large_image","twitter_misc":{"\u00c9crit par":"omarAdmin","Dur\u00e9e de lecture estim\u00e9e":"1 minute"},"schema":{"@context":"https:\/\/schema.org","@graph":[{"@type":"Article","@id":"https:\/\/tna.dz\/fr\/le-theatre-regional-de-djelfa\/#article","isPartOf":{"@id":"https:\/\/tna.dz\/fr\/le-theatre-regional-de-djelfa\/"},"author":{"name":"omarAdmin","@id":"https:\/\/tna.dz\/fr\/#\/schema\/person\/101481cc92bfc5def5711088d2a24632"},"headline":"Le Th\u00e9\u00e2tre r\u00e9gional de Djelfa","datePublished":"2019-08-06T14:16:09+00:00","dateModified":"2019-08-06T14:16:09+00:00","mainEntityOfPage":{"@id":"https:\/\/tna.dz\/fr\/le-theatre-regional-de-djelfa\/"},"wordCount":287,"publisher":{"@id":"https:\/\/tna.dz\/fr\/#organization"},"articleSection":["Les th\u00e9\u00e2tres r\u00e9gionaux"],"inLanguage":"fr-FR"},{"@type":"WebPage","@id":"https:\/\/tna.dz\/fr\/le-theatre-regional-de-djelfa\/","url":"https:\/\/tna.dz\/fr\/le-theatre-regional-de-djelfa\/","name":"Le Th\u00e9\u00e2tre r\u00e9gional de Djelfa - Th\u00e9\u00e2tre national alg\u00e9rien","isPartOf":{"@id":"https:\/\/tna.dz\/fr\/#website"},"datePublished":"2019-08-06T14:16:09+00:00","dateModified":"2019-08-06T14:16:09+00:00","description":"Le Th\u00e9\u00e2tre r\u00e9gional de Djelfa est une institution\u00a0cr\u00e9\u00e9e par d\u00e9cret ex\u00e9cutif n\u00b014-16 du 19 Rabie El Aouel correspondant au 21 janvier 2014 et plac\u00e9e sous","breadcrumb":{"@id":"https:\/\/tna.dz\/fr\/le-theatre-regional-de-djelfa\/#breadcrumb"},"inLanguage":"fr-FR","potentialAction":[{"@type":"ReadAction","target":["https:\/\/tna.dz\/fr\/le-theatre-regional-de-djelfa\/"]}]},{"@type":"BreadcrumbList","@id":"https:\/\/tna.dz\/fr\/le-theatre-regional-de-djelfa\/#breadcrumb","itemListElement":[{"@type":"ListItem","position":1,"name":"Accueil","item":"https:\/\/tna.dz\/fr\/"},{"@type":"ListItem","position":2,"name":"Le Th\u00e9\u00e2tre r\u00e9gional de Djelfa"}]},{"@type":"WebSite","@id":"https:\/\/tna.dz\/fr\/#website","url":"https:\/\/tna.dz\/fr\/","name":"Th\u00e9\u00e2tre national alg\u00e9rien","description":"Th\u00e9\u00e2tre national alg\u00e9rien Mahieddine Bachtarzi","publisher":{"@id":"https:\/\/tna.dz\/fr\/#organization"},"potentialAction":[{"@type":"SearchAction","target":{"@type":"EntryPoint","urlTemplate":"https:\/\/tna.dz\/fr\/?s={search_term_string}"},"query-input":"required name=search_term_string"}],"inLanguage":"fr-FR"},{"@type":"Organization","@id":"https:\/\/tna.dz\/fr\/#organization","name":"Le Th\u00e9\u00e2tre national alg\u00e9rien","url":"https:\/\/tna.dz\/fr\/","logo":{"@type":"ImageObject","inLanguage":"fr-FR","@id":"https:\/\/tna.dz\/fr\/#\/schema\/logo\/image\/","url":"https:\/\/www.tna.dz\/fr\/wp-content\/uploads\/2019\/11\/repertoire-tna-2018-2-1.png","contentUrl":"https:\/\/www.tna.dz\/fr\/wp-content\/uploads\/2019\/11\/repertoire-tna-2018-2-1.png","width":200,"height":84,"caption":"Le Th\u00e9\u00e2tre national alg\u00e9rien"},"image":{"@id":"https:\/\/tna.dz\/fr\/#\/schema\/logo\/image\/"}},{"@type":"Person","@id":"https:\/\/tna.dz\/fr\/#\/schema\/person\/101481cc92bfc5def5711088d2a24632","name":"omarAdmin","image":{"@type":"ImageObject","inLanguage":"fr-FR","@id":"https:\/\/tna.dz\/fr\/#\/schema\/person\/image\/","url":"https:\/\/secure.gravatar.com\/avatar\/2018ebac09ef03c2c32dd119d4429714?s=96&d=mm&r=g","contentUrl":"https:\/\/secure.gravatar.com\/avatar\/2018ebac09ef03c2c32dd119d4429714?s=96&d=mm&r=g","caption":"omarAdmin"},"url":"https:\/\/tna.dz\/fr\/author\/omaradmin\/"}]}},"_links":{"self":[{"href":"https:\/\/tna.dz\/fr\/wp-json\/wp\/v2\/posts\/1718"}],"collection":[{"href":"https:\/\/tna.dz\/fr\/wp-json\/wp\/v2\/posts"}],"about":[{"href":"https:\/\/tna.dz\/fr\/wp-json\/wp\/v2\/types\/post"}],"author":[{"embeddable":true,"href":"https:\/\/tna.dz\/fr\/wp-json\/wp\/v2\/users\/1"}],"replies":[{"embeddable":true,"href":"https:\/\/tna.dz\/fr\/wp-json\/wp\/v2\/comments?post=1718"}],"version-history":[{"count":0,"href":"https:\/\/tna.dz\/fr\/wp-json\/wp\/v2\/posts\/1718\/revisions"}],"wp:featuredmedia":[{"embeddable":true,"href":"https:\/\/tna.dz\/fr\/wp-json\/wp\/v2\/media\/1719"}],"wp:attachment":[{"href":"https:\/\/tna.dz\/fr\/wp-json\/wp\/v2\/media?parent=1718"}],"wp:term":[{"taxonomy":"category","embeddable":true,"href":"https:\/\/tna.dz\/fr\/wp-json\/wp\/v2\/categories?post=1718"},{"taxonomy":"post_tag","embeddable":true,"href":"https:\/\/tna.dz\/fr\/wp-json\/wp\/v2\/tags?post=1718"}],"curies":[{"name":"wp","href":"https:\/\/api.w.org\/{rel}","templated":true}]}}