{"id":1721,"date":"2019-08-06T14:17:56","date_gmt":"2019-08-06T14:17:56","guid":{"rendered":"http:\/\/tna.dz\/fr\/?p=1721"},"modified":"2019-08-06T14:17:56","modified_gmt":"2019-08-06T14:17:56","slug":"le-theatre-regional-de-batna","status":"publish","type":"post","link":"https:\/\/tna.dz\/fr\/le-theatre-regional-de-batna\/","title":{"rendered":"Le Th\u00e9\u00e2tre R\u00e9gional de Batna"},"content":{"rendered":"<p><em>HISTORIQUE<\/em><\/p>\n<p>En 1899, la ville de Batna s\u2019est dot\u00e9e d\u2019une v\u00e9ritable salle des f\u00eates, d\u2019une capacit\u00e9 d\u2019accueil de 450 places, r\u00e9partie sur trois niveaux et desservies par des escaliers diff\u00e9rents, un vestibule surmont\u00e9 d\u2019un foyer, des locaux techniques en nombre suffisant, comme le pr\u00e9voyaient les trait\u00e9s de construction du d\u00e9but du XIXe si\u00e8cle.<\/p>\n<p>Le style :<\/p>\n<p>Le Th\u00e9\u00e2tre R\u00e9gional de Batna (autrefois la salle des f\u00eates) est un \u00e9difice \u00e0 l\u2019architecture n\u00e9oclassique. La fa\u00e7ade, qui reprend un sch\u00e9ma de composition largement utilis\u00e9 dans les ann\u00e9es 1830, est constitu\u00e9e d\u2019un avant-corps \u00e0 deux niveaux d\u2019arcades en plein centre s\u00e9par\u00e9es par une balustrade, couronn\u00e9e par une attique et entour\u00e9e de deux ailes \u00e0 pans coup\u00e9s. C\u2019est un th\u00e9\u00e2tre \u00e0 l\u2019italienne, un peu r\u00e9duit, par ses dimensions modestes permettant au public de percevoir bien plus en finesse le jeu des artistes et l\u2019interpr\u00e9tation des \u0153uvres th\u00e9\u00e2trales et musicales.<\/p>\n<p>Le th\u00e9\u00e2tre r\u00e9gional de Batna, jouissant d\u2019une salle de spectacles d\u2019une capacit\u00e9 d\u2019accueil pouvant recevoir jusqu\u2019\u00e0 450 places assises, est d\u2019une excellente architecture, pour des spectacles et des \u00e9v\u00e9nements. La vue est magnifique sur la place et le cadre est agr\u00e9able pour toutes les r\u00e9ceptions priv\u00e9es, mariage, bapt\u00eame, anniversaire et professionnelle, s\u00e9minaire, assembl\u00e9e. Le th\u00e9\u00e2tre r\u00e9gional de Batna est un lieu de choix et de pr\u00e9diction pour toutes les activit\u00e9s culturelles qu\u2019organise la ville de Batna. De plus, l\u2019acoustique est reconnue comme exceptionnelle; elle offre la meilleure qualit\u00e9 d\u2019\u00e9coute et se pr\u00eate id\u00e9alement \u00e0 des enregistrements sonores.<\/p>\n<p>Classiquement, la salle des spectacles est structur\u00e9e en un \u00e9tage\/balcons sur un plan ayant la forme ou le plan de -U- qui d\u00e9limite architecturalement la longueur d\u2019ouverture de la sc\u00e8ne. La sc\u00e8ne \u00e0 l\u2019italienne est typiquement sur\u00e9lev\u00e9e par rapport \u00e0 la salle avec un plancher l\u00e9g\u00e8rement inclin\u00e9 vers la salle, avec une pente moyenne de 2\u00b0 degr\u00e9 (2 centim\u00e8tres par m\u00e8tre). La sc\u00e8ne est aussi le centre d\u2019un vaste volume en grande partie invisible du public: \u00abLa cage de la sc\u00e8ne\u00bb, o\u00f9 sont am\u00e9nag\u00e9s diff\u00e9rents espaces techniques. La salle est \u00e9clair\u00e9e d\u2019un grand lustre import\u00e9 de la Turquie et dispose \u00e9galement des \u00e9clairages sc\u00e9niques beaucoup plus \u00e9labor\u00e9s, gradu\u00e9s et color\u00e9s.<\/p>\n<p>Restauration du b\u00e2timent du th\u00e9\u00e2tre:<\/p>\n<p>Apr\u00e8s les ann\u00e9es 70, le b\u00e2timent a perdu de vue sa vocation et sa dimension culturelle. D\u00e9grad\u00e9 et endommag\u00e9 par les affres du temps et l\u2019\u0153uvre de l\u2019homme, celle-ci n\u2019offrait que peu de places et son \u00e9tat de v\u00e9tust\u00e9 \u00e9tait devenu inqui\u00e9tant. Dans un \u00e9tat triste et ayant un besoin essentiel de restauration ou r\u00e9habilitation pour ne pas sombrer dans la d\u00e9cr\u00e9pitude et l\u2019abandon, si ce n\u2019est pas la ruine, des tentatives ont \u00e9t\u00e9 entreprises \u00e0 l\u2019\u00e9poque pour d\u00e9bloquer les fonds et r\u00e9aliser les travaux tant attendus, qui avaient \u00e9chou\u00e9 et qui avaient \u00e9t\u00e9 remis \u00e0 plus tard\u2026 Le site, \u00e0 l&rsquo;\u00e9poque, mena\u00e7ait carr\u00e9ment de destruction. Les sollicitations de r\u00e9habilitation s&rsquo;\u00e9taient accentu\u00e9es pour sauver cette \u0153uvre d&rsquo;art de la d\u00e9gradation, voire de la destruction. En 2001, apr\u00e8s une centaine d\u2019ann\u00e9es d\u2019existence dans des conditions d\u00e9plorables, le th\u00e9\u00e2tre r\u00e9gional de Batna avait finalement b\u00e9n\u00e9fici\u00e9 d\u2019un budget destin\u00e9 aux travaux de restauration d\u00e9cid\u00e9s \u00e0 l\u2019\u00e9poque par le minist\u00e8re de la culture. Enfin les travaux de r\u00e9habilitation se sont engag\u00e9s.<\/p>\n<p>En 2001, un soir du mois d\u2019avril, le th\u00e9\u00e2tre r\u00e9gional de Batna d\u00e9m\u00e9nagea \u00e0 la maison de la culture Mohamed Laid Al Khalifa o\u00f9 il \u00e9lut temporairement domicile et ferma ses portes pour c\u00e9der place aux travaux de r\u00e9habilitation ou de r\u00e9novation, qui ne d\u00e9but\u00e8rent que quelques mois apr\u00e8s. En 2004, gr\u00e2ce \u00e0 une volont\u00e9 des hommes de la culture, ce fut le bout du tunnel: Les travaux de r\u00e9alisation s&rsquo;achev\u00e8rent et le personnel du th\u00e9\u00e2tre r\u00e9gional de Batna et les com\u00e9diens rentr\u00e8rent de leur exil apr\u00e8s quatre ann\u00e9es d\u2019absence et d\u2019interruption. Depuis beaucoup d\u2019eau a coul\u00e9 sous les ponts.<\/p>\n<p>Le Th\u00e9\u00e2tre r\u00e9gional de Batna retrouve enfin ses murs et sa splendeur, apr\u00e8s quatre ans d&rsquo;exil \u00e0 la maison de la culture de Mohamed La\u00efd Al-Khalifa de Batna. L\u2019inauguration de l\u2019\u00e9tablissement r\u00e9nov\u00e9 est f\u00eat\u00e9e comme un grand \u00e9v\u00e9nement pour les gens de la culture. Le Th\u00e9\u00e2tre R\u00e9gional de Batna entre en possession d\u2019un r\u00e9el bijou, mais n\u2019arrive pas, tout de suite, \u00e0 rentrer en production pour moult raisons dont la gr\u00e8ve en protestation contre le directeur \u00e0 l\u2019\u00e9poque, Kamel Ya\u00efche. Cette gr\u00e8ve paralysa le th\u00e9\u00e2tre pendant presque une ann\u00e9e. La v\u00e9ritable reprise de la production n\u2019est enregistr\u00e9e effectivement qu&rsquo;\u00e0 la moiti\u00e9 de l&rsquo;ann\u00e9e 2005, plus exactement le 27 juillet, avec le retour de l&rsquo;ex-directeur du th\u00e9\u00e2tre r\u00e9gional de Batna, Yahiaoui Mohamed. Depuis, le th\u00e9\u00e2tre r\u00e9gional de Batna n\u2019a cess\u00e9 d\u2019\u00eatre productif et cr\u00e9ateur. Au fil de son existence de 1987 \u00e0 2012, durant 25 ans le Th\u00e9\u00e2tre a produit 55 pi\u00e8ces th\u00e9\u00e2trales. De la p\u00e9riode 2005 jusqu\u2019au 31 d\u00e9cembre 2012, il a produit 26 pi\u00e8ces th\u00e9\u00e2trales soit un rythme de production d\u2019environ trois pi\u00e8ces par un an et a assur\u00e9 plus de 72.000 repr\u00e9sentations. Le bilan est jug\u00e9 par tout le monde de positif et le th\u00e9\u00e2tre r\u00e9gional de Batna, les vents favorables dans les poupes, poursuit sa course des productions et des conqu\u00eates.<\/p>\n<p>&nbsp;<\/p>\n<p>&nbsp;<\/p>\n","protected":false},"excerpt":{"rendered":"<p>HISTORIQUE En 1899, la ville de Batna s\u2019est dot\u00e9e d\u2019une v\u00e9ritable salle des f\u00eates, d\u2019une capacit\u00e9 d\u2019accueil de 450 places, r\u00e9partie sur trois niveaux et desservies par des escaliers diff\u00e9rents, un vestibule surmont\u00e9 d\u2019un foyer, des locaux techniques en nombre suffisant, comme le pr\u00e9voyaient les trait\u00e9s de construction du d\u00e9but du XIXe si\u00e8cle. Le style &hellip;<\/p>\n","protected":false},"author":1,"featured_media":1722,"comment_status":"closed","ping_status":"closed","sticky":false,"template":"","format":"standard","meta":{"footnotes":""},"categories":[108],"tags":[],"yoast_head":"<!-- This site is optimized with the Yoast SEO plugin v21.2 - https:\/\/yoast.com\/wordpress\/plugins\/seo\/ -->\n<title>Le Th\u00e9\u00e2tre R\u00e9gional de Batna - Th\u00e9\u00e2tre national alg\u00e9rien<\/title>\n<meta name=\"description\" content=\"HISTORIQUE En 1899, la ville de Batna s\u2019est dot\u00e9e d\u2019une v\u00e9ritable salle des f\u00eates, d\u2019une capacit\u00e9 d\u2019accueil de 450 places, r\u00e9partie sur trois niveaux et\" \/>\n<meta name=\"robots\" content=\"index, follow, max-snippet:-1, max-image-preview:large, max-video-preview:-1\" \/>\n<link rel=\"canonical\" href=\"https:\/\/tna.dz\/fr\/le-theatre-regional-de-batna\/\" \/>\n<meta property=\"og:locale\" content=\"fr_FR\" \/>\n<meta property=\"og:type\" content=\"article\" \/>\n<meta property=\"og:title\" content=\"Le Th\u00e9\u00e2tre R\u00e9gional de Batna - Th\u00e9\u00e2tre national alg\u00e9rien\" \/>\n<meta property=\"og:description\" content=\"HISTORIQUE En 1899, la ville de Batna s\u2019est dot\u00e9e d\u2019une v\u00e9ritable salle des f\u00eates, d\u2019une capacit\u00e9 d\u2019accueil de 450 places, r\u00e9partie sur trois niveaux et\" \/>\n<meta property=\"og:url\" content=\"https:\/\/tna.dz\/fr\/le-theatre-regional-de-batna\/\" \/>\n<meta property=\"og:site_name\" content=\"Th\u00e9\u00e2tre national alg\u00e9rien\" \/>\n<meta property=\"article:published_time\" content=\"2019-08-06T14:17:56+00:00\" \/>\n<meta property=\"og:image\" content=\"https:\/\/tna.dz\/fr\/wp-content\/uploads\/2019\/08\/Th\u00e9\u00e2tre-R\u00e9gional-Batna.jpg\" \/>\n\t<meta property=\"og:image:width\" content=\"408\" \/>\n\t<meta property=\"og:image:height\" content=\"306\" \/>\n\t<meta property=\"og:image:type\" content=\"image\/jpeg\" \/>\n<meta name=\"author\" content=\"omarAdmin\" \/>\n<meta name=\"twitter:card\" content=\"summary_large_image\" \/>\n<meta name=\"twitter:label1\" content=\"\u00c9crit par\" \/>\n\t<meta name=\"twitter:data1\" content=\"omarAdmin\" \/>\n\t<meta name=\"twitter:label2\" content=\"Dur\u00e9e de lecture estim\u00e9e\" \/>\n\t<meta name=\"twitter:data2\" content=\"5 minutes\" \/>\n<script type=\"application\/ld+json\" class=\"yoast-schema-graph\">{\"@context\":\"https:\/\/schema.org\",\"@graph\":[{\"@type\":\"Article\",\"@id\":\"https:\/\/tna.dz\/fr\/le-theatre-regional-de-batna\/#article\",\"isPartOf\":{\"@id\":\"https:\/\/tna.dz\/fr\/le-theatre-regional-de-batna\/\"},\"author\":{\"name\":\"omarAdmin\",\"@id\":\"https:\/\/tna.dz\/fr\/#\/schema\/person\/101481cc92bfc5def5711088d2a24632\"},\"headline\":\"Le Th\u00e9\u00e2tre R\u00e9gional de Batna\",\"datePublished\":\"2019-08-06T14:17:56+00:00\",\"dateModified\":\"2019-08-06T14:17:56+00:00\",\"mainEntityOfPage\":{\"@id\":\"https:\/\/tna.dz\/fr\/le-theatre-regional-de-batna\/\"},\"wordCount\":1008,\"publisher\":{\"@id\":\"https:\/\/tna.dz\/fr\/#organization\"},\"articleSection\":[\"Les th\u00e9\u00e2tres r\u00e9gionaux\"],\"inLanguage\":\"fr-FR\"},{\"@type\":\"WebPage\",\"@id\":\"https:\/\/tna.dz\/fr\/le-theatre-regional-de-batna\/\",\"url\":\"https:\/\/tna.dz\/fr\/le-theatre-regional-de-batna\/\",\"name\":\"Le Th\u00e9\u00e2tre R\u00e9gional de Batna - Th\u00e9\u00e2tre national alg\u00e9rien\",\"isPartOf\":{\"@id\":\"https:\/\/tna.dz\/fr\/#website\"},\"datePublished\":\"2019-08-06T14:17:56+00:00\",\"dateModified\":\"2019-08-06T14:17:56+00:00\",\"description\":\"HISTORIQUE En 1899, la ville de Batna s\u2019est dot\u00e9e d\u2019une v\u00e9ritable salle des f\u00eates, d\u2019une capacit\u00e9 d\u2019accueil de 450 places, r\u00e9partie sur trois niveaux et\",\"breadcrumb\":{\"@id\":\"https:\/\/tna.dz\/fr\/le-theatre-regional-de-batna\/#breadcrumb\"},\"inLanguage\":\"fr-FR\",\"potentialAction\":[{\"@type\":\"ReadAction\",\"target\":[\"https:\/\/tna.dz\/fr\/le-theatre-regional-de-batna\/\"]}]},{\"@type\":\"BreadcrumbList\",\"@id\":\"https:\/\/tna.dz\/fr\/le-theatre-regional-de-batna\/#breadcrumb\",\"itemListElement\":[{\"@type\":\"ListItem\",\"position\":1,\"name\":\"Accueil\",\"item\":\"https:\/\/tna.dz\/fr\/\"},{\"@type\":\"ListItem\",\"position\":2,\"name\":\"Le Th\u00e9\u00e2tre R\u00e9gional de Batna\"}]},{\"@type\":\"WebSite\",\"@id\":\"https:\/\/tna.dz\/fr\/#website\",\"url\":\"https:\/\/tna.dz\/fr\/\",\"name\":\"Th\u00e9\u00e2tre national alg\u00e9rien\",\"description\":\"Th\u00e9\u00e2tre national alg\u00e9rien Mahieddine Bachtarzi\",\"publisher\":{\"@id\":\"https:\/\/tna.dz\/fr\/#organization\"},\"potentialAction\":[{\"@type\":\"SearchAction\",\"target\":{\"@type\":\"EntryPoint\",\"urlTemplate\":\"https:\/\/tna.dz\/fr\/?s={search_term_string}\"},\"query-input\":\"required name=search_term_string\"}],\"inLanguage\":\"fr-FR\"},{\"@type\":\"Organization\",\"@id\":\"https:\/\/tna.dz\/fr\/#organization\",\"name\":\"Le Th\u00e9\u00e2tre national alg\u00e9rien\",\"url\":\"https:\/\/tna.dz\/fr\/\",\"logo\":{\"@type\":\"ImageObject\",\"inLanguage\":\"fr-FR\",\"@id\":\"https:\/\/tna.dz\/fr\/#\/schema\/logo\/image\/\",\"url\":\"https:\/\/www.tna.dz\/fr\/wp-content\/uploads\/2019\/11\/repertoire-tna-2018-2-1.png\",\"contentUrl\":\"https:\/\/www.tna.dz\/fr\/wp-content\/uploads\/2019\/11\/repertoire-tna-2018-2-1.png\",\"width\":200,\"height\":84,\"caption\":\"Le Th\u00e9\u00e2tre national alg\u00e9rien\"},\"image\":{\"@id\":\"https:\/\/tna.dz\/fr\/#\/schema\/logo\/image\/\"}},{\"@type\":\"Person\",\"@id\":\"https:\/\/tna.dz\/fr\/#\/schema\/person\/101481cc92bfc5def5711088d2a24632\",\"name\":\"omarAdmin\",\"image\":{\"@type\":\"ImageObject\",\"inLanguage\":\"fr-FR\",\"@id\":\"https:\/\/tna.dz\/fr\/#\/schema\/person\/image\/\",\"url\":\"https:\/\/secure.gravatar.com\/avatar\/2018ebac09ef03c2c32dd119d4429714?s=96&d=mm&r=g\",\"contentUrl\":\"https:\/\/secure.gravatar.com\/avatar\/2018ebac09ef03c2c32dd119d4429714?s=96&d=mm&r=g\",\"caption\":\"omarAdmin\"},\"url\":\"https:\/\/tna.dz\/fr\/author\/omaradmin\/\"}]}<\/script>\n<!-- \/ Yoast SEO plugin. -->","yoast_head_json":{"title":"Le Th\u00e9\u00e2tre R\u00e9gional de Batna - Th\u00e9\u00e2tre national alg\u00e9rien","description":"HISTORIQUE En 1899, la ville de Batna s\u2019est dot\u00e9e d\u2019une v\u00e9ritable salle des f\u00eates, d\u2019une capacit\u00e9 d\u2019accueil de 450 places, r\u00e9partie sur trois niveaux et","robots":{"index":"index","follow":"follow","max-snippet":"max-snippet:-1","max-image-preview":"max-image-preview:large","max-video-preview":"max-video-preview:-1"},"canonical":"https:\/\/tna.dz\/fr\/le-theatre-regional-de-batna\/","og_locale":"fr_FR","og_type":"article","og_title":"Le Th\u00e9\u00e2tre R\u00e9gional de Batna - Th\u00e9\u00e2tre national alg\u00e9rien","og_description":"HISTORIQUE En 1899, la ville de Batna s\u2019est dot\u00e9e d\u2019une v\u00e9ritable salle des f\u00eates, d\u2019une capacit\u00e9 d\u2019accueil de 450 places, r\u00e9partie sur trois niveaux et","og_url":"https:\/\/tna.dz\/fr\/le-theatre-regional-de-batna\/","og_site_name":"Th\u00e9\u00e2tre national alg\u00e9rien","article_published_time":"2019-08-06T14:17:56+00:00","og_image":[{"width":408,"height":306,"url":"https:\/\/tna.dz\/fr\/wp-content\/uploads\/2019\/08\/Th\u00e9\u00e2tre-R\u00e9gional-Batna.jpg","type":"image\/jpeg"}],"author":"omarAdmin","twitter_card":"summary_large_image","twitter_misc":{"\u00c9crit par":"omarAdmin","Dur\u00e9e de lecture estim\u00e9e":"5 minutes"},"schema":{"@context":"https:\/\/schema.org","@graph":[{"@type":"Article","@id":"https:\/\/tna.dz\/fr\/le-theatre-regional-de-batna\/#article","isPartOf":{"@id":"https:\/\/tna.dz\/fr\/le-theatre-regional-de-batna\/"},"author":{"name":"omarAdmin","@id":"https:\/\/tna.dz\/fr\/#\/schema\/person\/101481cc92bfc5def5711088d2a24632"},"headline":"Le Th\u00e9\u00e2tre R\u00e9gional de Batna","datePublished":"2019-08-06T14:17:56+00:00","dateModified":"2019-08-06T14:17:56+00:00","mainEntityOfPage":{"@id":"https:\/\/tna.dz\/fr\/le-theatre-regional-de-batna\/"},"wordCount":1008,"publisher":{"@id":"https:\/\/tna.dz\/fr\/#organization"},"articleSection":["Les th\u00e9\u00e2tres r\u00e9gionaux"],"inLanguage":"fr-FR"},{"@type":"WebPage","@id":"https:\/\/tna.dz\/fr\/le-theatre-regional-de-batna\/","url":"https:\/\/tna.dz\/fr\/le-theatre-regional-de-batna\/","name":"Le Th\u00e9\u00e2tre R\u00e9gional de Batna - Th\u00e9\u00e2tre national alg\u00e9rien","isPartOf":{"@id":"https:\/\/tna.dz\/fr\/#website"},"datePublished":"2019-08-06T14:17:56+00:00","dateModified":"2019-08-06T14:17:56+00:00","description":"HISTORIQUE En 1899, la ville de Batna s\u2019est dot\u00e9e d\u2019une v\u00e9ritable salle des f\u00eates, d\u2019une capacit\u00e9 d\u2019accueil de 450 places, r\u00e9partie sur trois niveaux et","breadcrumb":{"@id":"https:\/\/tna.dz\/fr\/le-theatre-regional-de-batna\/#breadcrumb"},"inLanguage":"fr-FR","potentialAction":[{"@type":"ReadAction","target":["https:\/\/tna.dz\/fr\/le-theatre-regional-de-batna\/"]}]},{"@type":"BreadcrumbList","@id":"https:\/\/tna.dz\/fr\/le-theatre-regional-de-batna\/#breadcrumb","itemListElement":[{"@type":"ListItem","position":1,"name":"Accueil","item":"https:\/\/tna.dz\/fr\/"},{"@type":"ListItem","position":2,"name":"Le Th\u00e9\u00e2tre R\u00e9gional de Batna"}]},{"@type":"WebSite","@id":"https:\/\/tna.dz\/fr\/#website","url":"https:\/\/tna.dz\/fr\/","name":"Th\u00e9\u00e2tre national alg\u00e9rien","description":"Th\u00e9\u00e2tre national alg\u00e9rien Mahieddine Bachtarzi","publisher":{"@id":"https:\/\/tna.dz\/fr\/#organization"},"potentialAction":[{"@type":"SearchAction","target":{"@type":"EntryPoint","urlTemplate":"https:\/\/tna.dz\/fr\/?s={search_term_string}"},"query-input":"required name=search_term_string"}],"inLanguage":"fr-FR"},{"@type":"Organization","@id":"https:\/\/tna.dz\/fr\/#organization","name":"Le Th\u00e9\u00e2tre national alg\u00e9rien","url":"https:\/\/tna.dz\/fr\/","logo":{"@type":"ImageObject","inLanguage":"fr-FR","@id":"https:\/\/tna.dz\/fr\/#\/schema\/logo\/image\/","url":"https:\/\/www.tna.dz\/fr\/wp-content\/uploads\/2019\/11\/repertoire-tna-2018-2-1.png","contentUrl":"https:\/\/www.tna.dz\/fr\/wp-content\/uploads\/2019\/11\/repertoire-tna-2018-2-1.png","width":200,"height":84,"caption":"Le Th\u00e9\u00e2tre national alg\u00e9rien"},"image":{"@id":"https:\/\/tna.dz\/fr\/#\/schema\/logo\/image\/"}},{"@type":"Person","@id":"https:\/\/tna.dz\/fr\/#\/schema\/person\/101481cc92bfc5def5711088d2a24632","name":"omarAdmin","image":{"@type":"ImageObject","inLanguage":"fr-FR","@id":"https:\/\/tna.dz\/fr\/#\/schema\/person\/image\/","url":"https:\/\/secure.gravatar.com\/avatar\/2018ebac09ef03c2c32dd119d4429714?s=96&d=mm&r=g","contentUrl":"https:\/\/secure.gravatar.com\/avatar\/2018ebac09ef03c2c32dd119d4429714?s=96&d=mm&r=g","caption":"omarAdmin"},"url":"https:\/\/tna.dz\/fr\/author\/omaradmin\/"}]}},"_links":{"self":[{"href":"https:\/\/tna.dz\/fr\/wp-json\/wp\/v2\/posts\/1721"}],"collection":[{"href":"https:\/\/tna.dz\/fr\/wp-json\/wp\/v2\/posts"}],"about":[{"href":"https:\/\/tna.dz\/fr\/wp-json\/wp\/v2\/types\/post"}],"author":[{"embeddable":true,"href":"https:\/\/tna.dz\/fr\/wp-json\/wp\/v2\/users\/1"}],"replies":[{"embeddable":true,"href":"https:\/\/tna.dz\/fr\/wp-json\/wp\/v2\/comments?post=1721"}],"version-history":[{"count":0,"href":"https:\/\/tna.dz\/fr\/wp-json\/wp\/v2\/posts\/1721\/revisions"}],"wp:featuredmedia":[{"embeddable":true,"href":"https:\/\/tna.dz\/fr\/wp-json\/wp\/v2\/media\/1722"}],"wp:attachment":[{"href":"https:\/\/tna.dz\/fr\/wp-json\/wp\/v2\/media?parent=1721"}],"wp:term":[{"taxonomy":"category","embeddable":true,"href":"https:\/\/tna.dz\/fr\/wp-json\/wp\/v2\/categories?post=1721"},{"taxonomy":"post_tag","embeddable":true,"href":"https:\/\/tna.dz\/fr\/wp-json\/wp\/v2\/tags?post=1721"}],"curies":[{"name":"wp","href":"https:\/\/api.w.org\/{rel}","templated":true}]}}