{"id":3356,"date":"2021-10-05T14:02:33","date_gmt":"2021-10-05T14:02:33","guid":{"rendered":"https:\/\/www.tna.dz\/fr\/?p=3356"},"modified":"2021-10-05T14:35:23","modified_gmt":"2021-10-05T14:35:23","slug":"nabila-ibrahim-presente-art-sur-les-planches-du-tna","status":"publish","type":"post","link":"https:\/\/tna.dz\/fr\/nabila-ibrahim-presente-art-sur-les-planches-du-tna\/","title":{"rendered":"Nabila Ibrahim pr\u00e9sente \u00ab ART \u00bb au TNA"},"content":{"rendered":"<p>C\u2019est en tant qu\u2019\u00e9tudiante soutenant son Master 2 en \u00ab mise en sc\u00e8ne \u00bb \u00e0 l\u2019ISMAS, que Nabila Ibrahim a pr\u00e9sent\u00e9, le samedi 02 octobre 2021 sur la sc\u00e8ne de la grande salle Mustapha-Kateb du Th\u00e9\u00e2tre National Alg\u00e9rien Mahieddine-Bachtarzi, son spectacle de fin d\u2019\u00e9tudes intitul\u00e9 \u00ab ART \u00bb.<\/p>\n<p>Cette repr\u00e9sentation au TNA s\u2019inscrit dans le cadre de la convention de partenariat et de suivi p\u00e9dagogique, sign\u00e9 l\u2019an dernier entre notre \u00e9tablissement et l\u2019ISMAS (Institut sup\u00e9rieur des M\u00e9tiers des Arts du spectacle et de l\u2019Audiovisuel) ; elle entre \u00e9galement dans le cadre de la deuxi\u00e8me phase du Master 2 \u2013 sp\u00e9cialit\u00e9 Mise en sc\u00e8ne \u2013 de Nabila Ibrahim. Pour la premi\u00e8re phase, l\u2019\u00e9tudiante a pr\u00e9sent\u00e9 un m\u00e9moire intitul\u00e9 \u00ab L\u2019usage du monologue dans la pi\u00e8ce de Yasmina Reza, la pi\u00e8ce th\u00e9\u00e2trale \u2018ART\u2019 comme exemple \u00bb.<\/p>\n<p>La trame de la pi\u00e8ce \u00ab ART \u00bb tourne, en apparence, autour de l\u2019art \u2013 comme son titre l\u2019indique \u2013, et raconte l\u2019histoire de trois amis de longue date (15 ann\u00e9es d\u2019amiti\u00e9), Mouh, Kamel et Yacine). L\u2019histoire commence effectivement lorsque Mohamed ach\u00e8te une toile peinte en blanc, qu\u2019il a pay\u00e9e tr\u00e8s ch\u00e8re. Cette acquisition l\u2019a rendu heureux, contrairement \u00e0 Kamel qui ne partage pas son enthousiasme, s\u2019\u00e9tonnant m\u00eame du comportement de son ami. Na\u00eet alors un conflit entre les deux hommes, c\u2019est alors que les rejoint Yacine, et tente d\u2019apaiser les tensions.<\/p>\n<p>La tension entre les trois hommes atteint son paroxysme, transformant ainsi l\u2019espace (sc\u00e9nique) en une ar\u00e8ne de combat. Cet \u00e9change \u00ab muscl\u00e9 \u00bb fera tomber les masques !<\/p>\n<p><img decoding=\"async\" loading=\"lazy\" class=\"alignnone size-medium wp-image-3358\" src=\"https:\/\/www.tna.dz\/fr\/wp-content\/uploads\/2021\/10\/1-300x186.png\" alt=\"\" width=\"300\" height=\"186\" srcset=\"https:\/\/tna.dz\/fr\/wp-content\/uploads\/2021\/10\/1-300x186.png 300w, https:\/\/tna.dz\/fr\/wp-content\/uploads\/2021\/10\/1-1024x633.png 1024w, https:\/\/tna.dz\/fr\/wp-content\/uploads\/2021\/10\/1-768x475.png 768w, https:\/\/tna.dz\/fr\/wp-content\/uploads\/2021\/10\/1-1536x950.png 1536w, https:\/\/tna.dz\/fr\/wp-content\/uploads\/2021\/10\/1-2048x1267.png 2048w\" sizes=\"(max-width: 300px) 100vw, 300px\" \/><\/p>\n<p>Selon la metteuse en sc\u00e8ne de la pi\u00e8ce, Nabila Ibrahim, \u00ab \u2018Art\u2019 est une pi\u00e8ce bas\u00e9 sur la performance du com\u00e9dien, en premier lieu \u00bb, c\u2019est pour cette raison qu\u2019elle a renonc\u00e9 \u00e0 tous les effets sc\u00e9niques, pr\u00e9f\u00e9rant axer son travail sur les monologues int\u00e9rieurs, qui sont consid\u00e9r\u00e9s comme un v\u00e9ritable examen d\u00e9montrant la cr\u00e9ativit\u00e9 de l\u2019auteur et les capacit\u00e9s d\u2019interpr\u00e9tation du com\u00e9dien.<\/p>\n<p>Pour sa mise en sc\u00e8ne, Nabila Ibrahim a travaill\u00e9 sur deux facteurs : l\u2019id\u00e9e principale du texte, et la nature du conflit. Pour elle, l\u2019id\u00e9e principale se situe dans \u00ab l\u2019importance d\u2019accepter l\u2019autre tel qu\u2019il est, sans vouloir le changer pour lui imposer nos id\u00e9es personnelles. \u00bb Elle a \u00e9galement men\u00e9 un travail de recherche sur les mots cl\u00e9s, aussi bien pour la th\u00e9orie (le m\u00e9moire) que pour la partie pratique (la mise en sc\u00e8ne). Pour elle, ces mots sont au nombre de trois : amiti\u00e9, sacrifice et solidarit\u00e9. Elle a, en outre, utilis\u00e9 des arch\u00e9types pour construire ses personnages, en consid\u00e9rant Kamel comme \u00ab le conservateur \u00bb du groupe, Mohamed comme \u00ab le contemporain \u00bb, et Yacine comme \u00ab l\u2019h\u00e9sitant \u00bb, et ce, pour souligner la tension entre les personnages. Cette tension se situe dans \u00ab les rapports humains \u00bb entre les trois arch\u00e9types, et une fois suffisamment caract\u00e9ris\u00e9s, ces personnages feront appara\u00eetre les valeurs du texte (amiti\u00e9, sacrifice, solidarit\u00e9).<\/p>\n<p>Par ailleurs, la pi\u00e8ce th\u00e9\u00e2trale \u00ab ART \u00bb a \u00e9t\u00e9 traduite du fran\u00e7ais vers l\u2019arabe par Yacine Za\u00efdi, qui campe un des trois r\u00f4les principaux, aux c\u00f4t\u00e9s de Kamel Bouakkaz et Mohamed-Seghir Bendaoud. La cr\u00e9ation lumi\u00e8re a \u00e9t\u00e9 confi\u00e9e \u00e0 Abdelghani Maazouz, alors que la sc\u00e9nographie est sign\u00e9e Abderrahmane Za\u00e2boubi. La pi\u00e8ce est l\u2019\u0153uvre et le grand succ\u00e8s de Yasmina Reza. Elle a \u00e9t\u00e9 traduite en 35 langues et mises en sc\u00e8ne dans de nombreux pays (mais reste in\u00e9dite dans le monde arabe).<\/p>\n<p>Pour rappel, Nabila Ibrahim a mis en sc\u00e8ne \u00ab Ar-Rahina \u00bb, \u00ab Ahitous \u00bb et \u00ab Moukalama makhfiya \u00bb. Elle a \u00e9galement \u00e9t\u00e9 assistante \u00e0 la mise en sc\u00e8ne aux c\u00f4t\u00e9s d\u2019Ahmed Khoudi pour \u00ab Macbett \u00bb, Fouzia Ait El Hadj pour \u00ab Radj\u00eene Radj\u00eene \u00bb, et d\u2019Ahmed Rezzak pour \u00ab Chari\u00ea el mounafiqine \u00bb. Elle a, enfin, jou\u00e9 dans plusieurs spectacles, en tant que com\u00e9dienne, et particip\u00e9 \u00e0 des r\u00e9sidences et ateliers de formation.<\/p>\n<p><img decoding=\"async\" loading=\"lazy\" class=\"alignnone size-medium wp-image-3359\" src=\"https:\/\/www.tna.dz\/fr\/wp-content\/uploads\/2021\/10\/3-300x169.png\" alt=\"\" width=\"300\" height=\"169\" srcset=\"https:\/\/tna.dz\/fr\/wp-content\/uploads\/2021\/10\/3-300x169.png 300w, https:\/\/tna.dz\/fr\/wp-content\/uploads\/2021\/10\/3-1024x576.png 1024w, https:\/\/tna.dz\/fr\/wp-content\/uploads\/2021\/10\/3-768x432.png 768w, https:\/\/tna.dz\/fr\/wp-content\/uploads\/2021\/10\/3-1536x864.png 1536w, https:\/\/tna.dz\/fr\/wp-content\/uploads\/2021\/10\/3-2048x1152.png 2048w\" sizes=\"(max-width: 300px) 100vw, 300px\" \/><\/p>\n","protected":false},"excerpt":{"rendered":"<p>C\u2019est en tant qu\u2019\u00e9tudiante soutenant son Master 2 en \u00ab mise en sc\u00e8ne \u00bb \u00e0 l\u2019ISMAS, que Nabila Ibrahim a pr\u00e9sent\u00e9, le samedi 02 octobre 2021 sur la sc\u00e8ne de la grande salle Mustapha-Kateb du Th\u00e9\u00e2tre National Alg\u00e9rien Mahieddine-Bachtarzi, son spectacle de fin d\u2019\u00e9tudes intitul\u00e9 \u00ab ART \u00bb. Cette repr\u00e9sentation au TNA s\u2019inscrit dans le &hellip;<\/p>\n","protected":false},"author":6,"featured_media":3357,"comment_status":"closed","ping_status":"closed","sticky":false,"template":"","format":"standard","meta":{"footnotes":""},"categories":[37],"tags":[],"yoast_head":"<!-- This site is optimized with the Yoast SEO plugin v21.2 - https:\/\/yoast.com\/wordpress\/plugins\/seo\/ -->\n<title>Nabila Ibrahim pr\u00e9sente \u00ab ART \u00bb au TNA - Th\u00e9\u00e2tre national alg\u00e9rien<\/title>\n<meta name=\"description\" content=\"C\u2019est en tant qu\u2019\u00e9tudiante soutenant son Master 2 en \u00ab mise en sc\u00e8ne \u00bb \u00e0 l\u2019ISMAS, que Nabila Ibrahim a pr\u00e9sent\u00e9, le samedi 02 octobre 2021 sur la sc\u00e8ne de\" \/>\n<meta name=\"robots\" content=\"index, follow, max-snippet:-1, max-image-preview:large, max-video-preview:-1\" \/>\n<link rel=\"canonical\" href=\"https:\/\/tna.dz\/fr\/nabila-ibrahim-presente-art-sur-les-planches-du-tna\/\" \/>\n<meta property=\"og:locale\" content=\"fr_FR\" \/>\n<meta property=\"og:type\" content=\"article\" \/>\n<meta property=\"og:title\" content=\"Nabila Ibrahim pr\u00e9sente \u00ab ART \u00bb au TNA - Th\u00e9\u00e2tre national alg\u00e9rien\" \/>\n<meta property=\"og:description\" content=\"C\u2019est en tant qu\u2019\u00e9tudiante soutenant son Master 2 en \u00ab mise en sc\u00e8ne \u00bb \u00e0 l\u2019ISMAS, que Nabila Ibrahim a pr\u00e9sent\u00e9, le samedi 02 octobre 2021 sur la sc\u00e8ne de\" \/>\n<meta property=\"og:url\" content=\"https:\/\/tna.dz\/fr\/nabila-ibrahim-presente-art-sur-les-planches-du-tna\/\" \/>\n<meta property=\"og:site_name\" content=\"Th\u00e9\u00e2tre national alg\u00e9rien\" \/>\n<meta property=\"article:published_time\" content=\"2021-10-05T14:02:33+00:00\" \/>\n<meta property=\"article:modified_time\" content=\"2021-10-05T14:35:23+00:00\" \/>\n<meta property=\"og:image\" content=\"https:\/\/tna.dz\/fr\/wp-content\/uploads\/2021\/10\/2.png\" \/>\n\t<meta property=\"og:image:width\" content=\"1024\" \/>\n\t<meta property=\"og:image:height\" content=\"576\" \/>\n\t<meta property=\"og:image:type\" content=\"image\/png\" \/>\n<meta name=\"author\" content=\"sara kharfi\" \/>\n<meta name=\"twitter:card\" content=\"summary_large_image\" \/>\n<meta name=\"twitter:label1\" content=\"\u00c9crit par\" \/>\n\t<meta name=\"twitter:data1\" content=\"sara kharfi\" \/>\n\t<meta name=\"twitter:label2\" content=\"Dur\u00e9e de lecture estim\u00e9e\" \/>\n\t<meta name=\"twitter:data2\" content=\"4 minutes\" \/>\n<script type=\"application\/ld+json\" class=\"yoast-schema-graph\">{\"@context\":\"https:\/\/schema.org\",\"@graph\":[{\"@type\":\"Article\",\"@id\":\"https:\/\/tna.dz\/fr\/nabila-ibrahim-presente-art-sur-les-planches-du-tna\/#article\",\"isPartOf\":{\"@id\":\"https:\/\/tna.dz\/fr\/nabila-ibrahim-presente-art-sur-les-planches-du-tna\/\"},\"author\":{\"name\":\"sara kharfi\",\"@id\":\"https:\/\/tna.dz\/fr\/#\/schema\/person\/3a7c2342c434231f96b4426348c7664e\"},\"headline\":\"Nabila Ibrahim pr\u00e9sente \u00ab ART \u00bb au TNA\",\"datePublished\":\"2021-10-05T14:02:33+00:00\",\"dateModified\":\"2021-10-05T14:35:23+00:00\",\"mainEntityOfPage\":{\"@id\":\"https:\/\/tna.dz\/fr\/nabila-ibrahim-presente-art-sur-les-planches-du-tna\/\"},\"wordCount\":707,\"publisher\":{\"@id\":\"https:\/\/tna.dz\/fr\/#organization\"},\"articleSection\":[\"Actualit\u00e9s\"],\"inLanguage\":\"fr-FR\"},{\"@type\":\"WebPage\",\"@id\":\"https:\/\/tna.dz\/fr\/nabila-ibrahim-presente-art-sur-les-planches-du-tna\/\",\"url\":\"https:\/\/tna.dz\/fr\/nabila-ibrahim-presente-art-sur-les-planches-du-tna\/\",\"name\":\"Nabila Ibrahim pr\u00e9sente \u00ab ART \u00bb au TNA - Th\u00e9\u00e2tre national alg\u00e9rien\",\"isPartOf\":{\"@id\":\"https:\/\/tna.dz\/fr\/#website\"},\"datePublished\":\"2021-10-05T14:02:33+00:00\",\"dateModified\":\"2021-10-05T14:35:23+00:00\",\"description\":\"C\u2019est en tant qu\u2019\u00e9tudiante soutenant son Master 2 en \u00ab mise en sc\u00e8ne \u00bb \u00e0 l\u2019ISMAS, que Nabila Ibrahim a pr\u00e9sent\u00e9, le samedi 02 octobre 2021 sur la sc\u00e8ne de\",\"breadcrumb\":{\"@id\":\"https:\/\/tna.dz\/fr\/nabila-ibrahim-presente-art-sur-les-planches-du-tna\/#breadcrumb\"},\"inLanguage\":\"fr-FR\",\"potentialAction\":[{\"@type\":\"ReadAction\",\"target\":[\"https:\/\/tna.dz\/fr\/nabila-ibrahim-presente-art-sur-les-planches-du-tna\/\"]}]},{\"@type\":\"BreadcrumbList\",\"@id\":\"https:\/\/tna.dz\/fr\/nabila-ibrahim-presente-art-sur-les-planches-du-tna\/#breadcrumb\",\"itemListElement\":[{\"@type\":\"ListItem\",\"position\":1,\"name\":\"Accueil\",\"item\":\"https:\/\/tna.dz\/fr\/\"},{\"@type\":\"ListItem\",\"position\":2,\"name\":\"Nabila Ibrahim pr\u00e9sente \u00ab ART \u00bb au TNA\"}]},{\"@type\":\"WebSite\",\"@id\":\"https:\/\/tna.dz\/fr\/#website\",\"url\":\"https:\/\/tna.dz\/fr\/\",\"name\":\"Th\u00e9\u00e2tre national alg\u00e9rien\",\"description\":\"Th\u00e9\u00e2tre national alg\u00e9rien Mahieddine Bachtarzi\",\"publisher\":{\"@id\":\"https:\/\/tna.dz\/fr\/#organization\"},\"potentialAction\":[{\"@type\":\"SearchAction\",\"target\":{\"@type\":\"EntryPoint\",\"urlTemplate\":\"https:\/\/tna.dz\/fr\/?s={search_term_string}\"},\"query-input\":\"required name=search_term_string\"}],\"inLanguage\":\"fr-FR\"},{\"@type\":\"Organization\",\"@id\":\"https:\/\/tna.dz\/fr\/#organization\",\"name\":\"Le Th\u00e9\u00e2tre national alg\u00e9rien\",\"url\":\"https:\/\/tna.dz\/fr\/\",\"logo\":{\"@type\":\"ImageObject\",\"inLanguage\":\"fr-FR\",\"@id\":\"https:\/\/tna.dz\/fr\/#\/schema\/logo\/image\/\",\"url\":\"https:\/\/www.tna.dz\/fr\/wp-content\/uploads\/2019\/11\/repertoire-tna-2018-2-1.png\",\"contentUrl\":\"https:\/\/www.tna.dz\/fr\/wp-content\/uploads\/2019\/11\/repertoire-tna-2018-2-1.png\",\"width\":200,\"height\":84,\"caption\":\"Le Th\u00e9\u00e2tre national alg\u00e9rien\"},\"image\":{\"@id\":\"https:\/\/tna.dz\/fr\/#\/schema\/logo\/image\/\"}},{\"@type\":\"Person\",\"@id\":\"https:\/\/tna.dz\/fr\/#\/schema\/person\/3a7c2342c434231f96b4426348c7664e\",\"name\":\"sara kharfi\",\"image\":{\"@type\":\"ImageObject\",\"inLanguage\":\"fr-FR\",\"@id\":\"https:\/\/tna.dz\/fr\/#\/schema\/person\/image\/\",\"url\":\"https:\/\/secure.gravatar.com\/avatar\/e8b0f1e947770ccf161ba656feb3dea4?s=96&d=mm&r=g\",\"contentUrl\":\"https:\/\/secure.gravatar.com\/avatar\/e8b0f1e947770ccf161ba656feb3dea4?s=96&d=mm&r=g\",\"caption\":\"sara kharfi\"},\"url\":\"https:\/\/tna.dz\/fr\/author\/sara\/\"}]}<\/script>\n<!-- \/ Yoast SEO plugin. -->","yoast_head_json":{"title":"Nabila Ibrahim pr\u00e9sente \u00ab ART \u00bb au TNA - Th\u00e9\u00e2tre national alg\u00e9rien","description":"C\u2019est en tant qu\u2019\u00e9tudiante soutenant son Master 2 en \u00ab mise en sc\u00e8ne \u00bb \u00e0 l\u2019ISMAS, que Nabila Ibrahim a pr\u00e9sent\u00e9, le samedi 02 octobre 2021 sur la sc\u00e8ne de","robots":{"index":"index","follow":"follow","max-snippet":"max-snippet:-1","max-image-preview":"max-image-preview:large","max-video-preview":"max-video-preview:-1"},"canonical":"https:\/\/tna.dz\/fr\/nabila-ibrahim-presente-art-sur-les-planches-du-tna\/","og_locale":"fr_FR","og_type":"article","og_title":"Nabila Ibrahim pr\u00e9sente \u00ab ART \u00bb au TNA - Th\u00e9\u00e2tre national alg\u00e9rien","og_description":"C\u2019est en tant qu\u2019\u00e9tudiante soutenant son Master 2 en \u00ab mise en sc\u00e8ne \u00bb \u00e0 l\u2019ISMAS, que Nabila Ibrahim a pr\u00e9sent\u00e9, le samedi 02 octobre 2021 sur la sc\u00e8ne de","og_url":"https:\/\/tna.dz\/fr\/nabila-ibrahim-presente-art-sur-les-planches-du-tna\/","og_site_name":"Th\u00e9\u00e2tre national alg\u00e9rien","article_published_time":"2021-10-05T14:02:33+00:00","article_modified_time":"2021-10-05T14:35:23+00:00","og_image":[{"width":1024,"height":576,"url":"https:\/\/tna.dz\/fr\/wp-content\/uploads\/2021\/10\/2.png","type":"image\/png"}],"author":"sara kharfi","twitter_card":"summary_large_image","twitter_misc":{"\u00c9crit par":"sara kharfi","Dur\u00e9e de lecture estim\u00e9e":"4 minutes"},"schema":{"@context":"https:\/\/schema.org","@graph":[{"@type":"Article","@id":"https:\/\/tna.dz\/fr\/nabila-ibrahim-presente-art-sur-les-planches-du-tna\/#article","isPartOf":{"@id":"https:\/\/tna.dz\/fr\/nabila-ibrahim-presente-art-sur-les-planches-du-tna\/"},"author":{"name":"sara kharfi","@id":"https:\/\/tna.dz\/fr\/#\/schema\/person\/3a7c2342c434231f96b4426348c7664e"},"headline":"Nabila Ibrahim pr\u00e9sente \u00ab ART \u00bb au TNA","datePublished":"2021-10-05T14:02:33+00:00","dateModified":"2021-10-05T14:35:23+00:00","mainEntityOfPage":{"@id":"https:\/\/tna.dz\/fr\/nabila-ibrahim-presente-art-sur-les-planches-du-tna\/"},"wordCount":707,"publisher":{"@id":"https:\/\/tna.dz\/fr\/#organization"},"articleSection":["Actualit\u00e9s"],"inLanguage":"fr-FR"},{"@type":"WebPage","@id":"https:\/\/tna.dz\/fr\/nabila-ibrahim-presente-art-sur-les-planches-du-tna\/","url":"https:\/\/tna.dz\/fr\/nabila-ibrahim-presente-art-sur-les-planches-du-tna\/","name":"Nabila Ibrahim pr\u00e9sente \u00ab ART \u00bb au TNA - Th\u00e9\u00e2tre national alg\u00e9rien","isPartOf":{"@id":"https:\/\/tna.dz\/fr\/#website"},"datePublished":"2021-10-05T14:02:33+00:00","dateModified":"2021-10-05T14:35:23+00:00","description":"C\u2019est en tant qu\u2019\u00e9tudiante soutenant son Master 2 en \u00ab mise en sc\u00e8ne \u00bb \u00e0 l\u2019ISMAS, que Nabila Ibrahim a pr\u00e9sent\u00e9, le samedi 02 octobre 2021 sur la sc\u00e8ne de","breadcrumb":{"@id":"https:\/\/tna.dz\/fr\/nabila-ibrahim-presente-art-sur-les-planches-du-tna\/#breadcrumb"},"inLanguage":"fr-FR","potentialAction":[{"@type":"ReadAction","target":["https:\/\/tna.dz\/fr\/nabila-ibrahim-presente-art-sur-les-planches-du-tna\/"]}]},{"@type":"BreadcrumbList","@id":"https:\/\/tna.dz\/fr\/nabila-ibrahim-presente-art-sur-les-planches-du-tna\/#breadcrumb","itemListElement":[{"@type":"ListItem","position":1,"name":"Accueil","item":"https:\/\/tna.dz\/fr\/"},{"@type":"ListItem","position":2,"name":"Nabila Ibrahim pr\u00e9sente \u00ab ART \u00bb au TNA"}]},{"@type":"WebSite","@id":"https:\/\/tna.dz\/fr\/#website","url":"https:\/\/tna.dz\/fr\/","name":"Th\u00e9\u00e2tre national alg\u00e9rien","description":"Th\u00e9\u00e2tre national alg\u00e9rien Mahieddine Bachtarzi","publisher":{"@id":"https:\/\/tna.dz\/fr\/#organization"},"potentialAction":[{"@type":"SearchAction","target":{"@type":"EntryPoint","urlTemplate":"https:\/\/tna.dz\/fr\/?s={search_term_string}"},"query-input":"required name=search_term_string"}],"inLanguage":"fr-FR"},{"@type":"Organization","@id":"https:\/\/tna.dz\/fr\/#organization","name":"Le Th\u00e9\u00e2tre national alg\u00e9rien","url":"https:\/\/tna.dz\/fr\/","logo":{"@type":"ImageObject","inLanguage":"fr-FR","@id":"https:\/\/tna.dz\/fr\/#\/schema\/logo\/image\/","url":"https:\/\/www.tna.dz\/fr\/wp-content\/uploads\/2019\/11\/repertoire-tna-2018-2-1.png","contentUrl":"https:\/\/www.tna.dz\/fr\/wp-content\/uploads\/2019\/11\/repertoire-tna-2018-2-1.png","width":200,"height":84,"caption":"Le Th\u00e9\u00e2tre national alg\u00e9rien"},"image":{"@id":"https:\/\/tna.dz\/fr\/#\/schema\/logo\/image\/"}},{"@type":"Person","@id":"https:\/\/tna.dz\/fr\/#\/schema\/person\/3a7c2342c434231f96b4426348c7664e","name":"sara kharfi","image":{"@type":"ImageObject","inLanguage":"fr-FR","@id":"https:\/\/tna.dz\/fr\/#\/schema\/person\/image\/","url":"https:\/\/secure.gravatar.com\/avatar\/e8b0f1e947770ccf161ba656feb3dea4?s=96&d=mm&r=g","contentUrl":"https:\/\/secure.gravatar.com\/avatar\/e8b0f1e947770ccf161ba656feb3dea4?s=96&d=mm&r=g","caption":"sara kharfi"},"url":"https:\/\/tna.dz\/fr\/author\/sara\/"}]}},"_links":{"self":[{"href":"https:\/\/tna.dz\/fr\/wp-json\/wp\/v2\/posts\/3356"}],"collection":[{"href":"https:\/\/tna.dz\/fr\/wp-json\/wp\/v2\/posts"}],"about":[{"href":"https:\/\/tna.dz\/fr\/wp-json\/wp\/v2\/types\/post"}],"author":[{"embeddable":true,"href":"https:\/\/tna.dz\/fr\/wp-json\/wp\/v2\/users\/6"}],"replies":[{"embeddable":true,"href":"https:\/\/tna.dz\/fr\/wp-json\/wp\/v2\/comments?post=3356"}],"version-history":[{"count":4,"href":"https:\/\/tna.dz\/fr\/wp-json\/wp\/v2\/posts\/3356\/revisions"}],"predecessor-version":[{"id":3363,"href":"https:\/\/tna.dz\/fr\/wp-json\/wp\/v2\/posts\/3356\/revisions\/3363"}],"wp:featuredmedia":[{"embeddable":true,"href":"https:\/\/tna.dz\/fr\/wp-json\/wp\/v2\/media\/3357"}],"wp:attachment":[{"href":"https:\/\/tna.dz\/fr\/wp-json\/wp\/v2\/media?parent=3356"}],"wp:term":[{"taxonomy":"category","embeddable":true,"href":"https:\/\/tna.dz\/fr\/wp-json\/wp\/v2\/categories?post=3356"},{"taxonomy":"post_tag","embeddable":true,"href":"https:\/\/tna.dz\/fr\/wp-json\/wp\/v2\/tags?post=3356"}],"curies":[{"name":"wp","href":"https:\/\/api.w.org\/{rel}","templated":true}]}}