{"id":3555,"date":"2023-09-28T16:53:14","date_gmt":"2023-09-28T16:53:14","guid":{"rendered":"https:\/\/tna.dz\/fr\/?p=3555"},"modified":"2023-09-29T19:16:33","modified_gmt":"2023-09-29T19:16:33","slug":"lila-borsali-au-tna-un-concert-riche-et-varie","status":"publish","type":"post","link":"https:\/\/tna.dz\/fr\/lila-borsali-au-tna-un-concert-riche-et-varie\/","title":{"rendered":"Lila Borsali au TNA : un concert riche et vari\u00e9"},"content":{"rendered":"<p>Le concert de l\u2019artiste Lila Borsali, qui a fait son entr\u00e9e automnale au Th\u00e9\u00e2tre national alg\u00e9rien \u00ab\u00a0Mahieddine Bachtarzi\u00a0\u00bb le jeudi 21 septembre 2023 \u00e0 19 heures avec un concert de musique arabo-andalouse intitul\u00e9 \u00ab\u00a0El Wissal\u00a0. Doukhoul bi ennouba\u00bb, fut tr\u00e8s riche et vari\u00e9.<\/p>\n<p>Lors de la premi\u00e8re partie du spectacle, accompagn\u00e9e par l\u2019orchestre sous la direction de Leila Kabir, a interpr\u00e9t\u00e9, avec une voix pure et cristalline, une Nouba \u00ab\u00a0Raml El Maya\u00a0\u00bb.<\/p>\n<p>Cette nouba consistait en une \u00ab\u00a0moutachalia\u00a0\u00bb,une \u00ab\u00a0touchia\u00a0\u00bb, un \u00abmoussadar\u00a0\u00bbintitul\u00e9 bitna fi houna\u00a0\u00bb, deux \u00ab\u00a0bta\u00efhi\u00a0\u00bb l\u2019un portant le titre \u00ab\u00a0Houbi yazid koula youm\u00a0\u00bb suivi de \u00abkem li fi sabil\u00a0\u00bb, le \u00ab\u00a0dardj\u00a0\u00bb\u00a0\u00ab\u00a0; Billah ya hammam\u00a0\u00bb, un\u00ab\u00a0istikhbar\u00a0\u00bb, l\u2019 \u00ab insiraf\u00a0: ya \u2018a chiquin\u00bb, les \u00ab\u00a0khlass\u00a0\u00bb \u00ab\u00a0 lahabt chams el assail\u00a0\u00bb,\u00a0\u00bb haramtou bik nou\u2019assi\u00a0\u00bb\u00a0, \u00ab\u00a0\u2018achiyatou ka i\u00a0naha \u2018iyane\u00a0\u00bb et enfin la \u00ab\u00a0touchia\u00a0\u00bb\u00a0\u00ab\u00a0el kamal hassin\u00a0\u00bb.<\/p>\n<p>La chanteuse, portant avec une grande \u00e9l\u00e9gance, un somptueux karako rehauss\u00e9 de scintillante pierres argent\u00e9es et une jupe longue dor\u00e9e, a ensuite interpr\u00e9t\u00e9 trois chansons portant les titres \u00ab\u00a0besmillah nabda medhi\u00a0\u00bb, \u00ab\u00a0Yaltif ya Rahim \u00abTadalalt fi el bouldane hina sabaytani\u00a0\u00bb.<\/p>\n<p>Lors de cette seconde partie du programme, Lila Borsali, qui fut tr\u00e8s ovationn\u00e9e par le public, \u00e9tait accompagn\u00e9e par la chorale de la prestigieuse association artistique, litt\u00e9raire et musicale \u00ab\u00a0Slam\u00a0\u00bb de Tlemcen, compos\u00e9e de jeunes et d\u2019enfants qui ont chant\u00e9 avec beaucoup de talent.<\/p>\n<p>\u00ab\u00a0Leila Borsali a r\u00e9pondu aux attentes de ses fans en chantant en premi\u00e8re partie purement la nouba et la seconde partie des morceaux mais toujours dans l\u2019esprit de la nouba andalouse\u00a0\u00bb<\/p>\n<p>\u00ab\u00a0Lila Borsali pr\u00e9pare bien ses spectacles. C\u2019est une belle voix. On voit en elle le porte-flambeau de la musique andalouse. La surprise de cette soir\u00e9e c\u2019\u00e9tait la participation de la Slam de Tlemcen\u00a0\u00bb, a d\u00e9clar\u00e9 le vice-pr\u00e9sident de l\u2019association artistique \u00ab\u00a0El Gharnatia\u00a0\u00bb<\/p>\n<p>Lors de cette soir\u00e9e, \u00e0 laquelle ont assist\u00e9 de nombreux artistes, le compositeur et interpr\u00e8te Tewfik Benghabrit a \u00e9t\u00e9 honor\u00e9.<\/p>\n<div id='gallery-1' class='gallery galleryid-3555 gallery-columns-2 gallery-size-large'><figure class='gallery-item'>\n\t\t\t<div class='gallery-icon landscape'>\n\t\t\t\t<a href='https:\/\/tna.dz\/fr\/wp-content\/uploads\/2023\/09\/WhatsApp-Image-2023-09-28-a-16.35.37.jpg'><img width=\"618\" height=\"412\" src=\"https:\/\/tna.dz\/fr\/wp-content\/uploads\/2023\/09\/WhatsApp-Image-2023-09-28-a-16.35.37-1024x682.jpg\" class=\"attachment-large size-large\" alt=\"\" decoding=\"async\" loading=\"lazy\" srcset=\"https:\/\/tna.dz\/fr\/wp-content\/uploads\/2023\/09\/WhatsApp-Image-2023-09-28-a-16.35.37-1024x682.jpg 1024w, https:\/\/tna.dz\/fr\/wp-content\/uploads\/2023\/09\/WhatsApp-Image-2023-09-28-a-16.35.37-300x200.jpg 300w, https:\/\/tna.dz\/fr\/wp-content\/uploads\/2023\/09\/WhatsApp-Image-2023-09-28-a-16.35.37-768x512.jpg 768w, https:\/\/tna.dz\/fr\/wp-content\/uploads\/2023\/09\/WhatsApp-Image-2023-09-28-a-16.35.37-1536x1023.jpg 1536w, https:\/\/tna.dz\/fr\/wp-content\/uploads\/2023\/09\/WhatsApp-Image-2023-09-28-a-16.35.37.jpg 1600w\" sizes=\"(max-width: 618px) 100vw, 618px\" \/><\/a>\n\t\t\t<\/div><\/figure><figure class='gallery-item'>\n\t\t\t<div class='gallery-icon landscape'>\n\t\t\t\t<a href='https:\/\/tna.dz\/fr\/wp-content\/uploads\/2023\/09\/WhatsApp-Image-2023-09-28-a-16.36.56.jpg'><img width=\"618\" height=\"618\" src=\"https:\/\/tna.dz\/fr\/wp-content\/uploads\/2023\/09\/WhatsApp-Image-2023-09-28-a-16.36.56-1024x1024.jpg\" class=\"attachment-large size-large\" alt=\"\" decoding=\"async\" loading=\"lazy\" srcset=\"https:\/\/tna.dz\/fr\/wp-content\/uploads\/2023\/09\/WhatsApp-Image-2023-09-28-a-16.36.56-1024x1024.jpg 1024w, https:\/\/tna.dz\/fr\/wp-content\/uploads\/2023\/09\/WhatsApp-Image-2023-09-28-a-16.36.56-300x300.jpg 300w, https:\/\/tna.dz\/fr\/wp-content\/uploads\/2023\/09\/WhatsApp-Image-2023-09-28-a-16.36.56-150x150.jpg 150w, https:\/\/tna.dz\/fr\/wp-content\/uploads\/2023\/09\/WhatsApp-Image-2023-09-28-a-16.36.56-768x768.jpg 768w, https:\/\/tna.dz\/fr\/wp-content\/uploads\/2023\/09\/WhatsApp-Image-2023-09-28-a-16.36.56.jpg 1280w\" sizes=\"(max-width: 618px) 100vw, 618px\" \/><\/a>\n\t\t\t<\/div><\/figure><figure class='gallery-item'>\n\t\t\t<div class='gallery-icon landscape'>\n\t\t\t\t<a href='https:\/\/tna.dz\/fr\/wp-content\/uploads\/2023\/09\/WhatsApp-Image-2023-09-28-a-16.37.10.jpg'><img width=\"618\" height=\"412\" src=\"https:\/\/tna.dz\/fr\/wp-content\/uploads\/2023\/09\/WhatsApp-Image-2023-09-28-a-16.37.10-1024x682.jpg\" class=\"attachment-large size-large\" alt=\"\" decoding=\"async\" loading=\"lazy\" srcset=\"https:\/\/tna.dz\/fr\/wp-content\/uploads\/2023\/09\/WhatsApp-Image-2023-09-28-a-16.37.10-1024x682.jpg 1024w, https:\/\/tna.dz\/fr\/wp-content\/uploads\/2023\/09\/WhatsApp-Image-2023-09-28-a-16.37.10-300x200.jpg 300w, https:\/\/tna.dz\/fr\/wp-content\/uploads\/2023\/09\/WhatsApp-Image-2023-09-28-a-16.37.10-768x511.jpg 768w, https:\/\/tna.dz\/fr\/wp-content\/uploads\/2023\/09\/WhatsApp-Image-2023-09-28-a-16.37.10.jpg 1080w\" sizes=\"(max-width: 618px) 100vw, 618px\" \/><\/a>\n\t\t\t<\/div><\/figure><figure class='gallery-item'>\n\t\t\t<div class='gallery-icon landscape'>\n\t\t\t\t<a href='https:\/\/tna.dz\/fr\/wp-content\/uploads\/2023\/09\/WhatsApp-Image-2023-09-28-a-16.37.11.jpg'><img width=\"618\" height=\"412\" src=\"https:\/\/tna.dz\/fr\/wp-content\/uploads\/2023\/09\/WhatsApp-Image-2023-09-28-a-16.37.11-1024x682.jpg\" class=\"attachment-large size-large\" alt=\"\" decoding=\"async\" loading=\"lazy\" srcset=\"https:\/\/tna.dz\/fr\/wp-content\/uploads\/2023\/09\/WhatsApp-Image-2023-09-28-a-16.37.11-1024x682.jpg 1024w, https:\/\/tna.dz\/fr\/wp-content\/uploads\/2023\/09\/WhatsApp-Image-2023-09-28-a-16.37.11-300x200.jpg 300w, https:\/\/tna.dz\/fr\/wp-content\/uploads\/2023\/09\/WhatsApp-Image-2023-09-28-a-16.37.11-768x512.jpg 768w, https:\/\/tna.dz\/fr\/wp-content\/uploads\/2023\/09\/WhatsApp-Image-2023-09-28-a-16.37.11-1536x1023.jpg 1536w, https:\/\/tna.dz\/fr\/wp-content\/uploads\/2023\/09\/WhatsApp-Image-2023-09-28-a-16.37.11.jpg 1600w\" sizes=\"(max-width: 618px) 100vw, 618px\" \/><\/a>\n\t\t\t<\/div><\/figure><figure class='gallery-item'>\n\t\t\t<div class='gallery-icon portrait'>\n\t\t\t\t<a href='https:\/\/tna.dz\/fr\/wp-content\/uploads\/2023\/09\/WhatsApp-Image-2023-09-28-a-16.37.11-1.jpg'><img width=\"618\" height=\"928\" src=\"https:\/\/tna.dz\/fr\/wp-content\/uploads\/2023\/09\/WhatsApp-Image-2023-09-28-a-16.37.11-1-682x1024.jpg\" class=\"attachment-large size-large\" alt=\"\" decoding=\"async\" loading=\"lazy\" srcset=\"https:\/\/tna.dz\/fr\/wp-content\/uploads\/2023\/09\/WhatsApp-Image-2023-09-28-a-16.37.11-1-682x1024.jpg 682w, https:\/\/tna.dz\/fr\/wp-content\/uploads\/2023\/09\/WhatsApp-Image-2023-09-28-a-16.37.11-1-200x300.jpg 200w, https:\/\/tna.dz\/fr\/wp-content\/uploads\/2023\/09\/WhatsApp-Image-2023-09-28-a-16.37.11-1-768x1153.jpg 768w, https:\/\/tna.dz\/fr\/wp-content\/uploads\/2023\/09\/WhatsApp-Image-2023-09-28-a-16.37.11-1-1023x1536.jpg 1023w, https:\/\/tna.dz\/fr\/wp-content\/uploads\/2023\/09\/WhatsApp-Image-2023-09-28-a-16.37.11-1.jpg 1066w\" sizes=\"(max-width: 618px) 100vw, 618px\" \/><\/a>\n\t\t\t<\/div><\/figure>\n\t\t<\/div>\n\n<p><iframe loading=\"lazy\" title=\"\u0645\u0642\u062a\u0637\u0641\u0627\u062a \u0645\u0646 \u062d\u0641\u0644 &quot; \u0627\u0644\u0648\u0635\u0627\u0644&quot; \u0627\u0644\u062f\u062e\u0648\u0644 \u0628\u0627\u0644\u0646\u064f\u0648\u0628\u0629 \u0644\u0644\u0641\u0646\u0627\u0646\u0629 \u0644\u064a\u0644\u0649 \u0628\u0648\u0631\u0635\u0627\u0644\u064a \u0628\u0627\u0644\u0645\u0633\u0631\u062d \u0627\u0644\u0648\u0637\u0646\u064a \u0627\u0644\u062c\u0632\u0627\u0626\u0631\u064a21\/09\/2023\" width=\"618\" height=\"348\" src=\"https:\/\/www.youtube.com\/embed\/TBEXFEjUKjs?feature=oembed\" frameborder=\"0\" allow=\"accelerometer; autoplay; clipboard-write; encrypted-media; gyroscope; picture-in-picture; web-share\" allowfullscreen><\/iframe><\/p>\n<p>&nbsp;<\/p>\n","protected":false},"excerpt":{"rendered":"<p>Le concert de l\u2019artiste Lila Borsali, qui a fait son entr\u00e9e automnale au Th\u00e9\u00e2tre national alg\u00e9rien \u00ab\u00a0Mahieddine Bachtarzi\u00a0\u00bb le jeudi 21 septembre 2023 \u00e0 19 heures avec un concert de musique arabo-andalouse intitul\u00e9 \u00ab\u00a0El Wissal\u00a0. Doukhoul bi ennouba\u00bb, fut tr\u00e8s riche et vari\u00e9. Lors de la premi\u00e8re partie du spectacle, accompagn\u00e9e par l\u2019orchestre sous la &hellip;<\/p>\n","protected":false},"author":1,"featured_media":3556,"comment_status":"open","ping_status":"open","sticky":false,"template":"","format":"standard","meta":{"footnotes":""},"categories":[37],"tags":[],"yoast_head":"<!-- This site is optimized with the Yoast SEO plugin v21.2 - https:\/\/yoast.com\/wordpress\/plugins\/seo\/ -->\n<title>Lila Borsali au TNA : un concert riche et vari\u00e9 - Th\u00e9\u00e2tre national alg\u00e9rien<\/title>\n<meta name=\"description\" content=\"Le concert de l\u2019artiste Lila Borsali, qui a fait son entr\u00e9e automnale au Th\u00e9\u00e2tre national alg\u00e9rien \u00ab\u00a0Mahieddine Bachtarzi\u00a0\u00bb le jeudi 21 septembre 2023 \u00e0\" \/>\n<meta name=\"robots\" content=\"index, follow, max-snippet:-1, max-image-preview:large, max-video-preview:-1\" \/>\n<link rel=\"canonical\" href=\"https:\/\/tna.dz\/fr\/lila-borsali-au-tna-un-concert-riche-et-varie\/\" \/>\n<meta property=\"og:locale\" content=\"fr_FR\" \/>\n<meta property=\"og:type\" content=\"article\" \/>\n<meta property=\"og:title\" content=\"Lila Borsali au TNA : un concert riche et vari\u00e9 - Th\u00e9\u00e2tre national alg\u00e9rien\" \/>\n<meta property=\"og:description\" content=\"Le concert de l\u2019artiste Lila Borsali, qui a fait son entr\u00e9e automnale au Th\u00e9\u00e2tre national alg\u00e9rien \u00ab\u00a0Mahieddine Bachtarzi\u00a0\u00bb le jeudi 21 septembre 2023 \u00e0\" \/>\n<meta property=\"og:url\" content=\"https:\/\/tna.dz\/fr\/lila-borsali-au-tna-un-concert-riche-et-varie\/\" \/>\n<meta property=\"og:site_name\" content=\"Th\u00e9\u00e2tre national alg\u00e9rien\" \/>\n<meta property=\"article:published_time\" content=\"2023-09-28T16:53:14+00:00\" \/>\n<meta property=\"article:modified_time\" content=\"2023-09-29T19:16:33+00:00\" \/>\n<meta property=\"og:image\" content=\"https:\/\/tna.dz\/fr\/wp-content\/uploads\/2023\/09\/data_oldd.jpg\" \/>\n\t<meta property=\"og:image:width\" content=\"719\" \/>\n\t<meta property=\"og:image:height\" content=\"1080\" \/>\n\t<meta property=\"og:image:type\" content=\"image\/jpeg\" \/>\n<meta name=\"author\" content=\"omarAdmin\" \/>\n<meta name=\"twitter:card\" content=\"summary_large_image\" \/>\n<meta name=\"twitter:label1\" content=\"\u00c9crit par\" \/>\n\t<meta name=\"twitter:data1\" content=\"omarAdmin\" \/>\n\t<meta name=\"twitter:label2\" content=\"Dur\u00e9e de lecture estim\u00e9e\" \/>\n\t<meta name=\"twitter:data2\" content=\"2 minutes\" \/>\n<script type=\"application\/ld+json\" class=\"yoast-schema-graph\">{\"@context\":\"https:\/\/schema.org\",\"@graph\":[{\"@type\":\"Article\",\"@id\":\"https:\/\/tna.dz\/fr\/lila-borsali-au-tna-un-concert-riche-et-varie\/#article\",\"isPartOf\":{\"@id\":\"https:\/\/tna.dz\/fr\/lila-borsali-au-tna-un-concert-riche-et-varie\/\"},\"author\":{\"name\":\"omarAdmin\",\"@id\":\"https:\/\/tna.dz\/fr\/#\/schema\/person\/101481cc92bfc5def5711088d2a24632\"},\"headline\":\"Lila Borsali au TNA : un concert riche et vari\u00e9\",\"datePublished\":\"2023-09-28T16:53:14+00:00\",\"dateModified\":\"2023-09-29T19:16:33+00:00\",\"mainEntityOfPage\":{\"@id\":\"https:\/\/tna.dz\/fr\/lila-borsali-au-tna-un-concert-riche-et-varie\/\"},\"wordCount\":365,\"commentCount\":0,\"publisher\":{\"@id\":\"https:\/\/tna.dz\/fr\/#organization\"},\"articleSection\":[\"Actualit\u00e9s\"],\"inLanguage\":\"fr-FR\"},{\"@type\":\"WebPage\",\"@id\":\"https:\/\/tna.dz\/fr\/lila-borsali-au-tna-un-concert-riche-et-varie\/\",\"url\":\"https:\/\/tna.dz\/fr\/lila-borsali-au-tna-un-concert-riche-et-varie\/\",\"name\":\"Lila Borsali au TNA : un concert riche et vari\u00e9 - Th\u00e9\u00e2tre national alg\u00e9rien\",\"isPartOf\":{\"@id\":\"https:\/\/tna.dz\/fr\/#website\"},\"datePublished\":\"2023-09-28T16:53:14+00:00\",\"dateModified\":\"2023-09-29T19:16:33+00:00\",\"description\":\"Le concert de l\u2019artiste Lila Borsali, qui a fait son entr\u00e9e automnale au Th\u00e9\u00e2tre national alg\u00e9rien \u00ab\u00a0Mahieddine Bachtarzi\u00a0\u00bb le jeudi 21 septembre 2023 \u00e0\",\"breadcrumb\":{\"@id\":\"https:\/\/tna.dz\/fr\/lila-borsali-au-tna-un-concert-riche-et-varie\/#breadcrumb\"},\"inLanguage\":\"fr-FR\",\"potentialAction\":[{\"@type\":\"ReadAction\",\"target\":[\"https:\/\/tna.dz\/fr\/lila-borsali-au-tna-un-concert-riche-et-varie\/\"]}]},{\"@type\":\"BreadcrumbList\",\"@id\":\"https:\/\/tna.dz\/fr\/lila-borsali-au-tna-un-concert-riche-et-varie\/#breadcrumb\",\"itemListElement\":[{\"@type\":\"ListItem\",\"position\":1,\"name\":\"Accueil\",\"item\":\"https:\/\/tna.dz\/fr\/\"},{\"@type\":\"ListItem\",\"position\":2,\"name\":\"Lila Borsali au TNA : un concert riche et vari\u00e9\"}]},{\"@type\":\"WebSite\",\"@id\":\"https:\/\/tna.dz\/fr\/#website\",\"url\":\"https:\/\/tna.dz\/fr\/\",\"name\":\"Th\u00e9\u00e2tre national alg\u00e9rien\",\"description\":\"Th\u00e9\u00e2tre national alg\u00e9rien Mahieddine Bachtarzi\",\"publisher\":{\"@id\":\"https:\/\/tna.dz\/fr\/#organization\"},\"potentialAction\":[{\"@type\":\"SearchAction\",\"target\":{\"@type\":\"EntryPoint\",\"urlTemplate\":\"https:\/\/tna.dz\/fr\/?s={search_term_string}\"},\"query-input\":\"required name=search_term_string\"}],\"inLanguage\":\"fr-FR\"},{\"@type\":\"Organization\",\"@id\":\"https:\/\/tna.dz\/fr\/#organization\",\"name\":\"Le Th\u00e9\u00e2tre national alg\u00e9rien\",\"url\":\"https:\/\/tna.dz\/fr\/\",\"logo\":{\"@type\":\"ImageObject\",\"inLanguage\":\"fr-FR\",\"@id\":\"https:\/\/tna.dz\/fr\/#\/schema\/logo\/image\/\",\"url\":\"https:\/\/www.tna.dz\/fr\/wp-content\/uploads\/2019\/11\/repertoire-tna-2018-2-1.png\",\"contentUrl\":\"https:\/\/www.tna.dz\/fr\/wp-content\/uploads\/2019\/11\/repertoire-tna-2018-2-1.png\",\"width\":200,\"height\":84,\"caption\":\"Le Th\u00e9\u00e2tre national alg\u00e9rien\"},\"image\":{\"@id\":\"https:\/\/tna.dz\/fr\/#\/schema\/logo\/image\/\"}},{\"@type\":\"Person\",\"@id\":\"https:\/\/tna.dz\/fr\/#\/schema\/person\/101481cc92bfc5def5711088d2a24632\",\"name\":\"omarAdmin\",\"image\":{\"@type\":\"ImageObject\",\"inLanguage\":\"fr-FR\",\"@id\":\"https:\/\/tna.dz\/fr\/#\/schema\/person\/image\/\",\"url\":\"https:\/\/secure.gravatar.com\/avatar\/2018ebac09ef03c2c32dd119d4429714?s=96&d=mm&r=g\",\"contentUrl\":\"https:\/\/secure.gravatar.com\/avatar\/2018ebac09ef03c2c32dd119d4429714?s=96&d=mm&r=g\",\"caption\":\"omarAdmin\"},\"url\":\"https:\/\/tna.dz\/fr\/author\/omaradmin\/\"}]}<\/script>\n<!-- \/ Yoast SEO plugin. -->","yoast_head_json":{"title":"Lila Borsali au TNA : un concert riche et vari\u00e9 - Th\u00e9\u00e2tre national alg\u00e9rien","description":"Le concert de l\u2019artiste Lila Borsali, qui a fait son entr\u00e9e automnale au Th\u00e9\u00e2tre national alg\u00e9rien \u00ab\u00a0Mahieddine Bachtarzi\u00a0\u00bb le jeudi 21 septembre 2023 \u00e0","robots":{"index":"index","follow":"follow","max-snippet":"max-snippet:-1","max-image-preview":"max-image-preview:large","max-video-preview":"max-video-preview:-1"},"canonical":"https:\/\/tna.dz\/fr\/lila-borsali-au-tna-un-concert-riche-et-varie\/","og_locale":"fr_FR","og_type":"article","og_title":"Lila Borsali au TNA : un concert riche et vari\u00e9 - Th\u00e9\u00e2tre national alg\u00e9rien","og_description":"Le concert de l\u2019artiste Lila Borsali, qui a fait son entr\u00e9e automnale au Th\u00e9\u00e2tre national alg\u00e9rien \u00ab\u00a0Mahieddine Bachtarzi\u00a0\u00bb le jeudi 21 septembre 2023 \u00e0","og_url":"https:\/\/tna.dz\/fr\/lila-borsali-au-tna-un-concert-riche-et-varie\/","og_site_name":"Th\u00e9\u00e2tre national alg\u00e9rien","article_published_time":"2023-09-28T16:53:14+00:00","article_modified_time":"2023-09-29T19:16:33+00:00","og_image":[{"width":719,"height":1080,"url":"https:\/\/tna.dz\/fr\/wp-content\/uploads\/2023\/09\/data_oldd.jpg","type":"image\/jpeg"}],"author":"omarAdmin","twitter_card":"summary_large_image","twitter_misc":{"\u00c9crit par":"omarAdmin","Dur\u00e9e de lecture estim\u00e9e":"2 minutes"},"schema":{"@context":"https:\/\/schema.org","@graph":[{"@type":"Article","@id":"https:\/\/tna.dz\/fr\/lila-borsali-au-tna-un-concert-riche-et-varie\/#article","isPartOf":{"@id":"https:\/\/tna.dz\/fr\/lila-borsali-au-tna-un-concert-riche-et-varie\/"},"author":{"name":"omarAdmin","@id":"https:\/\/tna.dz\/fr\/#\/schema\/person\/101481cc92bfc5def5711088d2a24632"},"headline":"Lila Borsali au TNA : un concert riche et vari\u00e9","datePublished":"2023-09-28T16:53:14+00:00","dateModified":"2023-09-29T19:16:33+00:00","mainEntityOfPage":{"@id":"https:\/\/tna.dz\/fr\/lila-borsali-au-tna-un-concert-riche-et-varie\/"},"wordCount":365,"commentCount":0,"publisher":{"@id":"https:\/\/tna.dz\/fr\/#organization"},"articleSection":["Actualit\u00e9s"],"inLanguage":"fr-FR"},{"@type":"WebPage","@id":"https:\/\/tna.dz\/fr\/lila-borsali-au-tna-un-concert-riche-et-varie\/","url":"https:\/\/tna.dz\/fr\/lila-borsali-au-tna-un-concert-riche-et-varie\/","name":"Lila Borsali au TNA : un concert riche et vari\u00e9 - Th\u00e9\u00e2tre national alg\u00e9rien","isPartOf":{"@id":"https:\/\/tna.dz\/fr\/#website"},"datePublished":"2023-09-28T16:53:14+00:00","dateModified":"2023-09-29T19:16:33+00:00","description":"Le concert de l\u2019artiste Lila Borsali, qui a fait son entr\u00e9e automnale au Th\u00e9\u00e2tre national alg\u00e9rien \u00ab\u00a0Mahieddine Bachtarzi\u00a0\u00bb le jeudi 21 septembre 2023 \u00e0","breadcrumb":{"@id":"https:\/\/tna.dz\/fr\/lila-borsali-au-tna-un-concert-riche-et-varie\/#breadcrumb"},"inLanguage":"fr-FR","potentialAction":[{"@type":"ReadAction","target":["https:\/\/tna.dz\/fr\/lila-borsali-au-tna-un-concert-riche-et-varie\/"]}]},{"@type":"BreadcrumbList","@id":"https:\/\/tna.dz\/fr\/lila-borsali-au-tna-un-concert-riche-et-varie\/#breadcrumb","itemListElement":[{"@type":"ListItem","position":1,"name":"Accueil","item":"https:\/\/tna.dz\/fr\/"},{"@type":"ListItem","position":2,"name":"Lila Borsali au TNA : un concert riche et vari\u00e9"}]},{"@type":"WebSite","@id":"https:\/\/tna.dz\/fr\/#website","url":"https:\/\/tna.dz\/fr\/","name":"Th\u00e9\u00e2tre national alg\u00e9rien","description":"Th\u00e9\u00e2tre national alg\u00e9rien Mahieddine Bachtarzi","publisher":{"@id":"https:\/\/tna.dz\/fr\/#organization"},"potentialAction":[{"@type":"SearchAction","target":{"@type":"EntryPoint","urlTemplate":"https:\/\/tna.dz\/fr\/?s={search_term_string}"},"query-input":"required name=search_term_string"}],"inLanguage":"fr-FR"},{"@type":"Organization","@id":"https:\/\/tna.dz\/fr\/#organization","name":"Le Th\u00e9\u00e2tre national alg\u00e9rien","url":"https:\/\/tna.dz\/fr\/","logo":{"@type":"ImageObject","inLanguage":"fr-FR","@id":"https:\/\/tna.dz\/fr\/#\/schema\/logo\/image\/","url":"https:\/\/www.tna.dz\/fr\/wp-content\/uploads\/2019\/11\/repertoire-tna-2018-2-1.png","contentUrl":"https:\/\/www.tna.dz\/fr\/wp-content\/uploads\/2019\/11\/repertoire-tna-2018-2-1.png","width":200,"height":84,"caption":"Le Th\u00e9\u00e2tre national alg\u00e9rien"},"image":{"@id":"https:\/\/tna.dz\/fr\/#\/schema\/logo\/image\/"}},{"@type":"Person","@id":"https:\/\/tna.dz\/fr\/#\/schema\/person\/101481cc92bfc5def5711088d2a24632","name":"omarAdmin","image":{"@type":"ImageObject","inLanguage":"fr-FR","@id":"https:\/\/tna.dz\/fr\/#\/schema\/person\/image\/","url":"https:\/\/secure.gravatar.com\/avatar\/2018ebac09ef03c2c32dd119d4429714?s=96&d=mm&r=g","contentUrl":"https:\/\/secure.gravatar.com\/avatar\/2018ebac09ef03c2c32dd119d4429714?s=96&d=mm&r=g","caption":"omarAdmin"},"url":"https:\/\/tna.dz\/fr\/author\/omaradmin\/"}]}},"_links":{"self":[{"href":"https:\/\/tna.dz\/fr\/wp-json\/wp\/v2\/posts\/3555"}],"collection":[{"href":"https:\/\/tna.dz\/fr\/wp-json\/wp\/v2\/posts"}],"about":[{"href":"https:\/\/tna.dz\/fr\/wp-json\/wp\/v2\/types\/post"}],"author":[{"embeddable":true,"href":"https:\/\/tna.dz\/fr\/wp-json\/wp\/v2\/users\/1"}],"replies":[{"embeddable":true,"href":"https:\/\/tna.dz\/fr\/wp-json\/wp\/v2\/comments?post=3555"}],"version-history":[{"count":3,"href":"https:\/\/tna.dz\/fr\/wp-json\/wp\/v2\/posts\/3555\/revisions"}],"predecessor-version":[{"id":3567,"href":"https:\/\/tna.dz\/fr\/wp-json\/wp\/v2\/posts\/3555\/revisions\/3567"}],"wp:featuredmedia":[{"embeddable":true,"href":"https:\/\/tna.dz\/fr\/wp-json\/wp\/v2\/media\/3556"}],"wp:attachment":[{"href":"https:\/\/tna.dz\/fr\/wp-json\/wp\/v2\/media?parent=3555"}],"wp:term":[{"taxonomy":"category","embeddable":true,"href":"https:\/\/tna.dz\/fr\/wp-json\/wp\/v2\/categories?post=3555"},{"taxonomy":"post_tag","embeddable":true,"href":"https:\/\/tna.dz\/fr\/wp-json\/wp\/v2\/tags?post=3555"}],"curies":[{"name":"wp","href":"https:\/\/api.w.org\/{rel}","templated":true}]}}