{"id":4033,"date":"2024-12-28T18:28:51","date_gmt":"2024-12-28T18:28:51","guid":{"rendered":"https:\/\/tna.dz\/fr\/?p=4033"},"modified":"2024-12-28T18:28:51","modified_gmt":"2024-12-28T18:28:51","slug":"kalima-hommage-theatral-aux-deputes-algeriens-de-lassemblee-francaise-de-1947","status":"publish","type":"post","link":"https:\/\/tna.dz\/fr\/kalima-hommage-theatral-aux-deputes-algeriens-de-lassemblee-francaise-de-1947\/","title":{"rendered":"\u00ab\u00a0Kalima\u00a0\u00bb : Hommage th\u00e9\u00e2tral aux d\u00e9put\u00e9s alg\u00e9riens de l&rsquo;Assembl\u00e9e fran\u00e7aise de 1947"},"content":{"rendered":"<p>Le Th\u00e9\u00e2tre r\u00e9gional de Sidi Bel Abb\u00e8s a pr\u00e9sent\u00e9 ce vendredi 27 d\u00e9cembre une nouvelle cr\u00e9ation intitul\u00e9e \u00ab\u00a0Kalima\u00a0\u00bb (Parole) au Th\u00e9\u00e2tre National Mahieddine Bachtarzi (TNA). Cette repr\u00e9sentation s&rsquo;inscrivait dans le cadre du 17\u00e8me Festival National du Th\u00e9\u00e2tre Professionnel, rassemblant des passionn\u00e9s et des critiques de tout le pays.<br \/>\nCon\u00e7ue par Abdelkader Djeriou, avec une sc\u00e9nographie sign\u00e9e Hamza Djaballah et une mise en sc\u00e8ne ex\u00e9cutive d\u2019Abdallah Merbbouh, Kalima s\u2019inscrit dans la tradition d&rsquo;une forme du th\u00e9\u00e2tre documentaire. La pi\u00e8ce retrace un moment cl\u00e9 de l\u2019histoire alg\u00e9rienne : les interventions des d\u00e9put\u00e9s alg\u00e9riens devant l\u2019Assembl\u00e9e Nationale Fran\u00e7aise le 20 ao\u00fbt 1947. Ce jour-l\u00e0, Ahmed Mezghana, Messaoud Boukadoum, Djamel Derdour et Mohamed Lamine Debaghine ont r\u00e9fut\u00e9 le nouveau projet de loi sur l\u2019Alg\u00e9rie et plaid\u00e9 pour une Assembl\u00e9e nationale constituante ainsi que l\u2019ind\u00e9pendance du peuple alg\u00e9rien.<br \/>\nUne reconstitution historique marquante<br \/>\nSur sc\u00e8ne, les plaidoiries des quatre figures embl\u00e9matiques du mouvement national prennent vie, refl\u00e9tant \u00e0 la fois la d\u00e9termination des leaders alg\u00e9riens et les strat\u00e9gies du colonisateur pour piller les ressources du pays. L\u2019histoire est \u00e9clair\u00e9e par des projections \u00e0 l\u2019aide d\u2019un data show, permettant de replacer ces discours dans leur contexte historique tout en mettant en lumi\u00e8re l\u2019ampleur de l\u2019oppression coloniale. \u00ab Ce que nous avons cherch\u00e9 \u00e0 accomplir, c\u2019est un \u00e9quilibre entre fid\u00e9lit\u00e9 historique et expression th\u00e9\u00e2trale \u00bb, a expliqu\u00e9 Abdelkader Djeriou lors du d\u00e9bat qui a suivi la repr\u00e9sentation.<br \/>\n\u00ab Nous avons voulu rendre hommage \u00e0 ces quatre Alg\u00e9riens qui ont exig\u00e9 l\u2019ind\u00e9pendance de l\u2019Alg\u00e9rie, sept ans avant le d\u00e9clenchement de la Guerre de Lib\u00e9ration Nationale. Comme dans toutes mes pi\u00e8ces, mon grand objectif \u00e9tait de ramener ces figures historiques dans la r\u00e9alit\u00e9 contemporaine. Maintenant, c\u2019est au public de juger ce qui a bien fonctionn\u00e9 et ce qui ne l\u2019a pas \u00bb, a-t-il ajout\u00e9.<br \/>\nLors du d\u00e9bat, les r\u00e9actions des critiques ont \u00e9t\u00e9 diverses. Hmida Layachi, journaliste et critique de th\u00e9\u00e2tre, a salu\u00e9 l\u2019initiative, mettant en avant le r\u00f4le des \u00e9lites dans la lutte pour l\u2019ind\u00e9pendance. \u00ab Ce genre de th\u00e9\u00e2tre documentaire jette une lumi\u00e8re essentielle sur les souffrances du peuple pendant la guerre de lib\u00e9ration nationale \u00bb, a-t-il d\u00e9clar\u00e9.<br \/>\nEn revanche, Moahmed Lamine Bahri, un universitaire, a reproch\u00e9 au spectacle de ne pas avoir r\u00e9ussi \u00e0 captiver pleinement le public. \u00ab Le texte contenait trop de narration, parfois ennuyeuse, ce qui a cr\u00e9\u00e9 une certaine distance avec les spectateurs \u00bb, a-t-il estim\u00e9.<br \/>\nPour Ghaouti Azri, ancien directeur du Th\u00e9\u00e2tre r\u00e9gional d&rsquo;Oran, il est regrettable que certaines tentatives d\u2019islamisation de la r\u00e9volution soient perceptibles dans la pi\u00e8ce. \u00ab La guerre de lib\u00e9ration n\u2019appartient pas \u00e0 un seul homme ou \u00e0 une seule id\u00e9ologie. Elle est le fruit d\u2019un effort collectif de toutes les couches de la soci\u00e9t\u00e9 \u00bb, a-t-il affirm\u00e9, un point de vue appuy\u00e9 par la militante Fadila Hachemaoui.<br \/>\nAbdelkader Djeriou a r\u00e9pondu \u00e0 ces critiques en soulignant \u00ab le r\u00f4le f\u00e9d\u00e9rateur de la religion dans la mobilisation de toutes les composantes de la soci\u00e9t\u00e9 alg\u00e9rienne \u00bb.\u00a0 Avec Kalima, le Th\u00e9\u00e2tre r\u00e9gional de Sidi Bel Abb\u00e8s offre une r\u00e9flexion sur l\u2019histoire alg\u00e9rienne, tout en soulevant des questions sur la m\u00e9moire collective et la mani\u00e8re de la repr\u00e9senter. Si certains choix artistiques ont suscit\u00e9 des critiques, ils ont aussi ouvert un dialogue riche et n\u00e9cessaire sur l\u2019h\u00e9ritage de la lutte pour l\u2019ind\u00e9pendance. Une \u0153uvre qui, par son ambition, ne laisse personne indiff\u00e9rent.<\/p>\n<div id='gallery-1' class='gallery galleryid-4033 gallery-columns-3 gallery-size-medium'><figure class='gallery-item'>\n\t\t\t<div class='gallery-icon landscape'>\n\t\t\t\t<a href='https:\/\/tna.dz\/fr\/wp-content\/uploads\/2024\/12\/470594318_1482567215976751_876534014330945471_n.jpg'><img width=\"300\" height=\"200\" src=\"https:\/\/tna.dz\/fr\/wp-content\/uploads\/2024\/12\/470594318_1482567215976751_876534014330945471_n-300x200.jpg\" class=\"attachment-medium size-medium\" alt=\"\" decoding=\"async\" loading=\"lazy\" srcset=\"https:\/\/tna.dz\/fr\/wp-content\/uploads\/2024\/12\/470594318_1482567215976751_876534014330945471_n-300x200.jpg 300w, https:\/\/tna.dz\/fr\/wp-content\/uploads\/2024\/12\/470594318_1482567215976751_876534014330945471_n-768x511.jpg 768w, https:\/\/tna.dz\/fr\/wp-content\/uploads\/2024\/12\/470594318_1482567215976751_876534014330945471_n.jpg 960w\" sizes=\"(max-width: 300px) 100vw, 300px\" \/><\/a>\n\t\t\t<\/div><\/figure><figure class='gallery-item'>\n\t\t\t<div class='gallery-icon landscape'>\n\t\t\t\t<a href='https:\/\/tna.dz\/fr\/wp-content\/uploads\/2024\/12\/470596236_1482567509310055_6710765310108620527_n.jpg'><img width=\"300\" height=\"200\" src=\"https:\/\/tna.dz\/fr\/wp-content\/uploads\/2024\/12\/470596236_1482567509310055_6710765310108620527_n-300x200.jpg\" class=\"attachment-medium size-medium\" alt=\"\" decoding=\"async\" loading=\"lazy\" srcset=\"https:\/\/tna.dz\/fr\/wp-content\/uploads\/2024\/12\/470596236_1482567509310055_6710765310108620527_n-300x200.jpg 300w, https:\/\/tna.dz\/fr\/wp-content\/uploads\/2024\/12\/470596236_1482567509310055_6710765310108620527_n-768x511.jpg 768w, https:\/\/tna.dz\/fr\/wp-content\/uploads\/2024\/12\/470596236_1482567509310055_6710765310108620527_n.jpg 960w\" sizes=\"(max-width: 300px) 100vw, 300px\" \/><\/a>\n\t\t\t<\/div><\/figure><figure class='gallery-item'>\n\t\t\t<div class='gallery-icon landscape'>\n\t\t\t\t<a href='https:\/\/tna.dz\/fr\/wp-content\/uploads\/2024\/12\/470779527_1482567612643378_7708334418532633243_n.jpg'><img width=\"300\" height=\"200\" src=\"https:\/\/tna.dz\/fr\/wp-content\/uploads\/2024\/12\/470779527_1482567612643378_7708334418532633243_n-300x200.jpg\" class=\"attachment-medium size-medium\" alt=\"\" decoding=\"async\" loading=\"lazy\" srcset=\"https:\/\/tna.dz\/fr\/wp-content\/uploads\/2024\/12\/470779527_1482567612643378_7708334418532633243_n-300x200.jpg 300w, https:\/\/tna.dz\/fr\/wp-content\/uploads\/2024\/12\/470779527_1482567612643378_7708334418532633243_n-768x511.jpg 768w, https:\/\/tna.dz\/fr\/wp-content\/uploads\/2024\/12\/470779527_1482567612643378_7708334418532633243_n.jpg 960w\" sizes=\"(max-width: 300px) 100vw, 300px\" \/><\/a>\n\t\t\t<\/div><\/figure><figure class='gallery-item'>\n\t\t\t<div class='gallery-icon landscape'>\n\t\t\t\t<a href='https:\/\/tna.dz\/fr\/wp-content\/uploads\/2024\/12\/471113519_1482567545976718_6303787467639003061_n.jpg'><img width=\"300\" height=\"200\" src=\"https:\/\/tna.dz\/fr\/wp-content\/uploads\/2024\/12\/471113519_1482567545976718_6303787467639003061_n-300x200.jpg\" class=\"attachment-medium size-medium\" alt=\"\" decoding=\"async\" loading=\"lazy\" srcset=\"https:\/\/tna.dz\/fr\/wp-content\/uploads\/2024\/12\/471113519_1482567545976718_6303787467639003061_n-300x200.jpg 300w, https:\/\/tna.dz\/fr\/wp-content\/uploads\/2024\/12\/471113519_1482567545976718_6303787467639003061_n-768x511.jpg 768w, https:\/\/tna.dz\/fr\/wp-content\/uploads\/2024\/12\/471113519_1482567545976718_6303787467639003061_n.jpg 960w\" sizes=\"(max-width: 300px) 100vw, 300px\" \/><\/a>\n\t\t\t<\/div><\/figure><figure class='gallery-item'>\n\t\t\t<div class='gallery-icon landscape'>\n\t\t\t\t<a href='https:\/\/tna.dz\/fr\/wp-content\/uploads\/2024\/12\/471192421_1482567259310080_7300014307695644957_n.jpg'><img width=\"300\" height=\"200\" src=\"https:\/\/tna.dz\/fr\/wp-content\/uploads\/2024\/12\/471192421_1482567259310080_7300014307695644957_n-300x200.jpg\" class=\"attachment-medium size-medium\" alt=\"\" decoding=\"async\" loading=\"lazy\" srcset=\"https:\/\/tna.dz\/fr\/wp-content\/uploads\/2024\/12\/471192421_1482567259310080_7300014307695644957_n-300x200.jpg 300w, https:\/\/tna.dz\/fr\/wp-content\/uploads\/2024\/12\/471192421_1482567259310080_7300014307695644957_n-768x511.jpg 768w, https:\/\/tna.dz\/fr\/wp-content\/uploads\/2024\/12\/471192421_1482567259310080_7300014307695644957_n.jpg 960w\" sizes=\"(max-width: 300px) 100vw, 300px\" \/><\/a>\n\t\t\t<\/div><\/figure><figure class='gallery-item'>\n\t\t\t<div class='gallery-icon landscape'>\n\t\t\t\t<a href='https:\/\/tna.dz\/fr\/wp-content\/uploads\/2024\/12\/471264215_1482567329310073_7637324295667595484_n.jpg'><img width=\"300\" height=\"200\" src=\"https:\/\/tna.dz\/fr\/wp-content\/uploads\/2024\/12\/471264215_1482567329310073_7637324295667595484_n-300x200.jpg\" class=\"attachment-medium size-medium\" alt=\"\" decoding=\"async\" loading=\"lazy\" srcset=\"https:\/\/tna.dz\/fr\/wp-content\/uploads\/2024\/12\/471264215_1482567329310073_7637324295667595484_n-300x200.jpg 300w, https:\/\/tna.dz\/fr\/wp-content\/uploads\/2024\/12\/471264215_1482567329310073_7637324295667595484_n-768x511.jpg 768w, https:\/\/tna.dz\/fr\/wp-content\/uploads\/2024\/12\/471264215_1482567329310073_7637324295667595484_n.jpg 960w\" sizes=\"(max-width: 300px) 100vw, 300px\" \/><\/a>\n\t\t\t<\/div><\/figure><figure class='gallery-item'>\n\t\t\t<div class='gallery-icon landscape'>\n\t\t\t\t<a href='https:\/\/tna.dz\/fr\/wp-content\/uploads\/2024\/12\/471368371_1482567472643392_8895316863973985475_n.jpg'><img width=\"300\" height=\"200\" src=\"https:\/\/tna.dz\/fr\/wp-content\/uploads\/2024\/12\/471368371_1482567472643392_8895316863973985475_n-300x200.jpg\" class=\"attachment-medium size-medium\" alt=\"\" decoding=\"async\" loading=\"lazy\" srcset=\"https:\/\/tna.dz\/fr\/wp-content\/uploads\/2024\/12\/471368371_1482567472643392_8895316863973985475_n-300x200.jpg 300w, https:\/\/tna.dz\/fr\/wp-content\/uploads\/2024\/12\/471368371_1482567472643392_8895316863973985475_n-768x511.jpg 768w, https:\/\/tna.dz\/fr\/wp-content\/uploads\/2024\/12\/471368371_1482567472643392_8895316863973985475_n.jpg 960w\" sizes=\"(max-width: 300px) 100vw, 300px\" \/><\/a>\n\t\t\t<\/div><\/figure><figure class='gallery-item'>\n\t\t\t<div class='gallery-icon landscape'>\n\t\t\t\t<a href='https:\/\/tna.dz\/fr\/wp-content\/uploads\/2024\/12\/471369299_1482567142643425_6963763781797200908_n.jpg'><img width=\"300\" height=\"200\" src=\"https:\/\/tna.dz\/fr\/wp-content\/uploads\/2024\/12\/471369299_1482567142643425_6963763781797200908_n-300x200.jpg\" class=\"attachment-medium size-medium\" alt=\"\" decoding=\"async\" loading=\"lazy\" srcset=\"https:\/\/tna.dz\/fr\/wp-content\/uploads\/2024\/12\/471369299_1482567142643425_6963763781797200908_n-300x200.jpg 300w, https:\/\/tna.dz\/fr\/wp-content\/uploads\/2024\/12\/471369299_1482567142643425_6963763781797200908_n-768x511.jpg 768w, https:\/\/tna.dz\/fr\/wp-content\/uploads\/2024\/12\/471369299_1482567142643425_6963763781797200908_n.jpg 960w\" sizes=\"(max-width: 300px) 100vw, 300px\" \/><\/a>\n\t\t\t<\/div><\/figure><figure class='gallery-item'>\n\t\t\t<div class='gallery-icon landscape'>\n\t\t\t\t<a href='https:\/\/tna.dz\/fr\/wp-content\/uploads\/2024\/12\/471416561_1482567105976762_2329333137567967553_n.jpg'><img width=\"300\" height=\"200\" src=\"https:\/\/tna.dz\/fr\/wp-content\/uploads\/2024\/12\/471416561_1482567105976762_2329333137567967553_n-300x200.jpg\" class=\"attachment-medium size-medium\" alt=\"\" decoding=\"async\" loading=\"lazy\" srcset=\"https:\/\/tna.dz\/fr\/wp-content\/uploads\/2024\/12\/471416561_1482567105976762_2329333137567967553_n-300x200.jpg 300w, https:\/\/tna.dz\/fr\/wp-content\/uploads\/2024\/12\/471416561_1482567105976762_2329333137567967553_n-768x511.jpg 768w, https:\/\/tna.dz\/fr\/wp-content\/uploads\/2024\/12\/471416561_1482567105976762_2329333137567967553_n.jpg 960w\" sizes=\"(max-width: 300px) 100vw, 300px\" \/><\/a>\n\t\t\t<\/div><\/figure><figure class='gallery-item'>\n\t\t\t<div class='gallery-icon landscape'>\n\t\t\t\t<a href='https:\/\/tna.dz\/fr\/wp-content\/uploads\/2024\/12\/471513256_1482567439310062_6306063993076245051_n.jpg'><img width=\"300\" height=\"200\" src=\"https:\/\/tna.dz\/fr\/wp-content\/uploads\/2024\/12\/471513256_1482567439310062_6306063993076245051_n-300x200.jpg\" class=\"attachment-medium size-medium\" alt=\"\" decoding=\"async\" loading=\"lazy\" srcset=\"https:\/\/tna.dz\/fr\/wp-content\/uploads\/2024\/12\/471513256_1482567439310062_6306063993076245051_n-300x200.jpg 300w, https:\/\/tna.dz\/fr\/wp-content\/uploads\/2024\/12\/471513256_1482567439310062_6306063993076245051_n-768x511.jpg 768w, https:\/\/tna.dz\/fr\/wp-content\/uploads\/2024\/12\/471513256_1482567439310062_6306063993076245051_n.jpg 960w\" sizes=\"(max-width: 300px) 100vw, 300px\" \/><\/a>\n\t\t\t<\/div><\/figure><figure class='gallery-item'>\n\t\t\t<div class='gallery-icon landscape'>\n\t\t\t\t<a href='https:\/\/tna.dz\/fr\/wp-content\/uploads\/2024\/12\/471795024_1482567172643422_1886901310200932696_n.jpg'><img width=\"300\" height=\"200\" src=\"https:\/\/tna.dz\/fr\/wp-content\/uploads\/2024\/12\/471795024_1482567172643422_1886901310200932696_n-300x200.jpg\" class=\"attachment-medium size-medium\" alt=\"\" decoding=\"async\" loading=\"lazy\" srcset=\"https:\/\/tna.dz\/fr\/wp-content\/uploads\/2024\/12\/471795024_1482567172643422_1886901310200932696_n-300x200.jpg 300w, https:\/\/tna.dz\/fr\/wp-content\/uploads\/2024\/12\/471795024_1482567172643422_1886901310200932696_n-768x511.jpg 768w, https:\/\/tna.dz\/fr\/wp-content\/uploads\/2024\/12\/471795024_1482567172643422_1886901310200932696_n.jpg 960w\" sizes=\"(max-width: 300px) 100vw, 300px\" \/><\/a>\n\t\t\t<\/div><\/figure><figure class='gallery-item'>\n\t\t\t<div class='gallery-icon landscape'>\n\t\t\t\t<a href='https:\/\/tna.dz\/fr\/wp-content\/uploads\/2024\/12\/470568327_1482567292643410_9070920779597545057_n.jpg'><img width=\"300\" height=\"200\" src=\"https:\/\/tna.dz\/fr\/wp-content\/uploads\/2024\/12\/470568327_1482567292643410_9070920779597545057_n-300x200.jpg\" class=\"attachment-medium size-medium\" alt=\"\" decoding=\"async\" loading=\"lazy\" srcset=\"https:\/\/tna.dz\/fr\/wp-content\/uploads\/2024\/12\/470568327_1482567292643410_9070920779597545057_n-300x200.jpg 300w, https:\/\/tna.dz\/fr\/wp-content\/uploads\/2024\/12\/470568327_1482567292643410_9070920779597545057_n-768x511.jpg 768w, https:\/\/tna.dz\/fr\/wp-content\/uploads\/2024\/12\/470568327_1482567292643410_9070920779597545057_n.jpg 960w\" sizes=\"(max-width: 300px) 100vw, 300px\" \/><\/a>\n\t\t\t<\/div><\/figure><figure class='gallery-item'>\n\t\t\t<div class='gallery-icon landscape'>\n\t\t\t\t<a href='https:\/\/tna.dz\/fr\/wp-content\/uploads\/2024\/12\/470588664_1482567402643399_3424601022770731585_n.jpg'><img width=\"300\" height=\"200\" src=\"https:\/\/tna.dz\/fr\/wp-content\/uploads\/2024\/12\/470588664_1482567402643399_3424601022770731585_n-300x200.jpg\" class=\"attachment-medium size-medium\" alt=\"\" decoding=\"async\" loading=\"lazy\" srcset=\"https:\/\/tna.dz\/fr\/wp-content\/uploads\/2024\/12\/470588664_1482567402643399_3424601022770731585_n-300x200.jpg 300w, https:\/\/tna.dz\/fr\/wp-content\/uploads\/2024\/12\/470588664_1482567402643399_3424601022770731585_n-768x511.jpg 768w, https:\/\/tna.dz\/fr\/wp-content\/uploads\/2024\/12\/470588664_1482567402643399_3424601022770731585_n.jpg 960w\" sizes=\"(max-width: 300px) 100vw, 300px\" \/><\/a>\n\t\t\t<\/div><\/figure>\n\t\t<\/div>\n\n","protected":false},"excerpt":{"rendered":"<p>Le Th\u00e9\u00e2tre r\u00e9gional de Sidi Bel Abb\u00e8s a pr\u00e9sent\u00e9 ce vendredi 27 d\u00e9cembre une nouvelle cr\u00e9ation intitul\u00e9e \u00ab\u00a0Kalima\u00a0\u00bb (Parole) au Th\u00e9\u00e2tre National Mahieddine Bachtarzi (TNA). Cette repr\u00e9sentation s&rsquo;inscrivait dans le cadre du 17\u00e8me Festival National du Th\u00e9\u00e2tre Professionnel, rassemblant des passionn\u00e9s et des critiques de tout le pays. Con\u00e7ue par Abdelkader Djeriou, avec une sc\u00e9nographie &hellip;<\/p>\n","protected":false},"author":1,"featured_media":4034,"comment_status":"closed","ping_status":"closed","sticky":false,"template":"","format":"standard","meta":{"footnotes":""},"categories":[37,130],"tags":[],"yoast_head":"<!-- This site is optimized with the Yoast SEO plugin v21.2 - https:\/\/yoast.com\/wordpress\/plugins\/seo\/ -->\n<title>&quot;Kalima&quot; : Hommage th\u00e9\u00e2tral aux d\u00e9put\u00e9s alg\u00e9riens de l&#039;Assembl\u00e9e fran\u00e7aise de 1947 - Th\u00e9\u00e2tre national alg\u00e9rien<\/title>\n<meta name=\"description\" content=\"Le Th\u00e9\u00e2tre r\u00e9gional de Sidi Bel Abb\u00e8s a pr\u00e9sent\u00e9 ce vendredi 27 d\u00e9cembre une nouvelle cr\u00e9ation intitul\u00e9e &quot;Kalima&quot; (Parole) au Th\u00e9\u00e2tre National Mahieddine\" \/>\n<meta name=\"robots\" content=\"index, follow, max-snippet:-1, max-image-preview:large, max-video-preview:-1\" \/>\n<link rel=\"canonical\" href=\"https:\/\/tna.dz\/fr\/kalima-hommage-theatral-aux-deputes-algeriens-de-lassemblee-francaise-de-1947\/\" \/>\n<meta property=\"og:locale\" content=\"fr_FR\" \/>\n<meta property=\"og:type\" content=\"article\" \/>\n<meta property=\"og:title\" content=\"&quot;Kalima&quot; : Hommage th\u00e9\u00e2tral aux d\u00e9put\u00e9s alg\u00e9riens de l&#039;Assembl\u00e9e fran\u00e7aise de 1947 - Th\u00e9\u00e2tre national alg\u00e9rien\" \/>\n<meta property=\"og:description\" content=\"Le Th\u00e9\u00e2tre r\u00e9gional de Sidi Bel Abb\u00e8s a pr\u00e9sent\u00e9 ce vendredi 27 d\u00e9cembre une nouvelle cr\u00e9ation intitul\u00e9e &quot;Kalima&quot; (Parole) au Th\u00e9\u00e2tre National Mahieddine\" \/>\n<meta property=\"og:url\" content=\"https:\/\/tna.dz\/fr\/kalima-hommage-theatral-aux-deputes-algeriens-de-lassemblee-francaise-de-1947\/\" \/>\n<meta property=\"og:site_name\" content=\"Th\u00e9\u00e2tre national alg\u00e9rien\" \/>\n<meta property=\"article:published_time\" content=\"2024-12-28T18:28:51+00:00\" \/>\n<meta property=\"og:image\" content=\"http:\/\/tna.dz\/fr\/wp-content\/uploads\/2024\/12\/471419678_1482567359310070_8830403861222994893_n.jpg\" \/>\n\t<meta property=\"og:image:width\" content=\"960\" \/>\n\t<meta property=\"og:image:height\" content=\"639\" \/>\n\t<meta property=\"og:image:type\" content=\"image\/jpeg\" \/>\n<meta name=\"author\" content=\"omarAdmin\" \/>\n<meta name=\"twitter:card\" content=\"summary_large_image\" \/>\n<meta name=\"twitter:label1\" content=\"\u00c9crit par\" \/>\n\t<meta name=\"twitter:data1\" content=\"omarAdmin\" \/>\n\t<meta name=\"twitter:label2\" content=\"Dur\u00e9e de lecture estim\u00e9e\" \/>\n\t<meta name=\"twitter:data2\" content=\"3 minutes\" \/>\n<script type=\"application\/ld+json\" class=\"yoast-schema-graph\">{\"@context\":\"https:\/\/schema.org\",\"@graph\":[{\"@type\":\"Article\",\"@id\":\"https:\/\/tna.dz\/fr\/kalima-hommage-theatral-aux-deputes-algeriens-de-lassemblee-francaise-de-1947\/#article\",\"isPartOf\":{\"@id\":\"https:\/\/tna.dz\/fr\/kalima-hommage-theatral-aux-deputes-algeriens-de-lassemblee-francaise-de-1947\/\"},\"author\":{\"name\":\"omarAdmin\",\"@id\":\"https:\/\/tna.dz\/fr\/#\/schema\/person\/101481cc92bfc5def5711088d2a24632\"},\"headline\":\"\u00ab\u00a0Kalima\u00a0\u00bb : Hommage th\u00e9\u00e2tral aux d\u00e9put\u00e9s alg\u00e9riens de l&rsquo;Assembl\u00e9e fran\u00e7aise de 1947\",\"datePublished\":\"2024-12-28T18:28:51+00:00\",\"dateModified\":\"2024-12-28T18:28:51+00:00\",\"mainEntityOfPage\":{\"@id\":\"https:\/\/tna.dz\/fr\/kalima-hommage-theatral-aux-deputes-algeriens-de-lassemblee-francaise-de-1947\/\"},\"wordCount\":662,\"publisher\":{\"@id\":\"https:\/\/tna.dz\/fr\/#organization\"},\"articleSection\":[\"Actualit\u00e9s\",\"fntp\"],\"inLanguage\":\"fr-FR\"},{\"@type\":\"WebPage\",\"@id\":\"https:\/\/tna.dz\/fr\/kalima-hommage-theatral-aux-deputes-algeriens-de-lassemblee-francaise-de-1947\/\",\"url\":\"https:\/\/tna.dz\/fr\/kalima-hommage-theatral-aux-deputes-algeriens-de-lassemblee-francaise-de-1947\/\",\"name\":\"\\\"Kalima\\\" : Hommage th\u00e9\u00e2tral aux d\u00e9put\u00e9s alg\u00e9riens de l'Assembl\u00e9e fran\u00e7aise de 1947 - Th\u00e9\u00e2tre national alg\u00e9rien\",\"isPartOf\":{\"@id\":\"https:\/\/tna.dz\/fr\/#website\"},\"datePublished\":\"2024-12-28T18:28:51+00:00\",\"dateModified\":\"2024-12-28T18:28:51+00:00\",\"description\":\"Le Th\u00e9\u00e2tre r\u00e9gional de Sidi Bel Abb\u00e8s a pr\u00e9sent\u00e9 ce vendredi 27 d\u00e9cembre une nouvelle cr\u00e9ation intitul\u00e9e \\\"Kalima\\\" (Parole) au Th\u00e9\u00e2tre National Mahieddine\",\"breadcrumb\":{\"@id\":\"https:\/\/tna.dz\/fr\/kalima-hommage-theatral-aux-deputes-algeriens-de-lassemblee-francaise-de-1947\/#breadcrumb\"},\"inLanguage\":\"fr-FR\",\"potentialAction\":[{\"@type\":\"ReadAction\",\"target\":[\"https:\/\/tna.dz\/fr\/kalima-hommage-theatral-aux-deputes-algeriens-de-lassemblee-francaise-de-1947\/\"]}]},{\"@type\":\"BreadcrumbList\",\"@id\":\"https:\/\/tna.dz\/fr\/kalima-hommage-theatral-aux-deputes-algeriens-de-lassemblee-francaise-de-1947\/#breadcrumb\",\"itemListElement\":[{\"@type\":\"ListItem\",\"position\":1,\"name\":\"Accueil\",\"item\":\"https:\/\/tna.dz\/fr\/\"},{\"@type\":\"ListItem\",\"position\":2,\"name\":\"\u00ab\u00a0Kalima\u00a0\u00bb : Hommage th\u00e9\u00e2tral aux d\u00e9put\u00e9s alg\u00e9riens de l&rsquo;Assembl\u00e9e fran\u00e7aise de 1947\"}]},{\"@type\":\"WebSite\",\"@id\":\"https:\/\/tna.dz\/fr\/#website\",\"url\":\"https:\/\/tna.dz\/fr\/\",\"name\":\"Th\u00e9\u00e2tre national alg\u00e9rien\",\"description\":\"Th\u00e9\u00e2tre national alg\u00e9rien Mahieddine Bachtarzi\",\"publisher\":{\"@id\":\"https:\/\/tna.dz\/fr\/#organization\"},\"potentialAction\":[{\"@type\":\"SearchAction\",\"target\":{\"@type\":\"EntryPoint\",\"urlTemplate\":\"https:\/\/tna.dz\/fr\/?s={search_term_string}\"},\"query-input\":\"required name=search_term_string\"}],\"inLanguage\":\"fr-FR\"},{\"@type\":\"Organization\",\"@id\":\"https:\/\/tna.dz\/fr\/#organization\",\"name\":\"Le Th\u00e9\u00e2tre national alg\u00e9rien\",\"url\":\"https:\/\/tna.dz\/fr\/\",\"logo\":{\"@type\":\"ImageObject\",\"inLanguage\":\"fr-FR\",\"@id\":\"https:\/\/tna.dz\/fr\/#\/schema\/logo\/image\/\",\"url\":\"https:\/\/www.tna.dz\/fr\/wp-content\/uploads\/2019\/11\/repertoire-tna-2018-2-1.png\",\"contentUrl\":\"https:\/\/www.tna.dz\/fr\/wp-content\/uploads\/2019\/11\/repertoire-tna-2018-2-1.png\",\"width\":200,\"height\":84,\"caption\":\"Le Th\u00e9\u00e2tre national alg\u00e9rien\"},\"image\":{\"@id\":\"https:\/\/tna.dz\/fr\/#\/schema\/logo\/image\/\"}},{\"@type\":\"Person\",\"@id\":\"https:\/\/tna.dz\/fr\/#\/schema\/person\/101481cc92bfc5def5711088d2a24632\",\"name\":\"omarAdmin\",\"image\":{\"@type\":\"ImageObject\",\"inLanguage\":\"fr-FR\",\"@id\":\"https:\/\/tna.dz\/fr\/#\/schema\/person\/image\/\",\"url\":\"https:\/\/secure.gravatar.com\/avatar\/2018ebac09ef03c2c32dd119d4429714?s=96&d=mm&r=g\",\"contentUrl\":\"https:\/\/secure.gravatar.com\/avatar\/2018ebac09ef03c2c32dd119d4429714?s=96&d=mm&r=g\",\"caption\":\"omarAdmin\"},\"url\":\"https:\/\/tna.dz\/fr\/author\/omaradmin\/\"}]}<\/script>\n<!-- \/ Yoast SEO plugin. -->","yoast_head_json":{"title":"\"Kalima\" : Hommage th\u00e9\u00e2tral aux d\u00e9put\u00e9s alg\u00e9riens de l'Assembl\u00e9e fran\u00e7aise de 1947 - Th\u00e9\u00e2tre national alg\u00e9rien","description":"Le Th\u00e9\u00e2tre r\u00e9gional de Sidi Bel Abb\u00e8s a pr\u00e9sent\u00e9 ce vendredi 27 d\u00e9cembre une nouvelle cr\u00e9ation intitul\u00e9e \"Kalima\" (Parole) au Th\u00e9\u00e2tre National Mahieddine","robots":{"index":"index","follow":"follow","max-snippet":"max-snippet:-1","max-image-preview":"max-image-preview:large","max-video-preview":"max-video-preview:-1"},"canonical":"https:\/\/tna.dz\/fr\/kalima-hommage-theatral-aux-deputes-algeriens-de-lassemblee-francaise-de-1947\/","og_locale":"fr_FR","og_type":"article","og_title":"\"Kalima\" : Hommage th\u00e9\u00e2tral aux d\u00e9put\u00e9s alg\u00e9riens de l'Assembl\u00e9e fran\u00e7aise de 1947 - Th\u00e9\u00e2tre national alg\u00e9rien","og_description":"Le Th\u00e9\u00e2tre r\u00e9gional de Sidi Bel Abb\u00e8s a pr\u00e9sent\u00e9 ce vendredi 27 d\u00e9cembre une nouvelle cr\u00e9ation intitul\u00e9e \"Kalima\" (Parole) au Th\u00e9\u00e2tre National Mahieddine","og_url":"https:\/\/tna.dz\/fr\/kalima-hommage-theatral-aux-deputes-algeriens-de-lassemblee-francaise-de-1947\/","og_site_name":"Th\u00e9\u00e2tre national alg\u00e9rien","article_published_time":"2024-12-28T18:28:51+00:00","og_image":[{"width":960,"height":639,"url":"http:\/\/tna.dz\/fr\/wp-content\/uploads\/2024\/12\/471419678_1482567359310070_8830403861222994893_n.jpg","type":"image\/jpeg"}],"author":"omarAdmin","twitter_card":"summary_large_image","twitter_misc":{"\u00c9crit par":"omarAdmin","Dur\u00e9e de lecture estim\u00e9e":"3 minutes"},"schema":{"@context":"https:\/\/schema.org","@graph":[{"@type":"Article","@id":"https:\/\/tna.dz\/fr\/kalima-hommage-theatral-aux-deputes-algeriens-de-lassemblee-francaise-de-1947\/#article","isPartOf":{"@id":"https:\/\/tna.dz\/fr\/kalima-hommage-theatral-aux-deputes-algeriens-de-lassemblee-francaise-de-1947\/"},"author":{"name":"omarAdmin","@id":"https:\/\/tna.dz\/fr\/#\/schema\/person\/101481cc92bfc5def5711088d2a24632"},"headline":"\u00ab\u00a0Kalima\u00a0\u00bb : Hommage th\u00e9\u00e2tral aux d\u00e9put\u00e9s alg\u00e9riens de l&rsquo;Assembl\u00e9e fran\u00e7aise de 1947","datePublished":"2024-12-28T18:28:51+00:00","dateModified":"2024-12-28T18:28:51+00:00","mainEntityOfPage":{"@id":"https:\/\/tna.dz\/fr\/kalima-hommage-theatral-aux-deputes-algeriens-de-lassemblee-francaise-de-1947\/"},"wordCount":662,"publisher":{"@id":"https:\/\/tna.dz\/fr\/#organization"},"articleSection":["Actualit\u00e9s","fntp"],"inLanguage":"fr-FR"},{"@type":"WebPage","@id":"https:\/\/tna.dz\/fr\/kalima-hommage-theatral-aux-deputes-algeriens-de-lassemblee-francaise-de-1947\/","url":"https:\/\/tna.dz\/fr\/kalima-hommage-theatral-aux-deputes-algeriens-de-lassemblee-francaise-de-1947\/","name":"\"Kalima\" : Hommage th\u00e9\u00e2tral aux d\u00e9put\u00e9s alg\u00e9riens de l'Assembl\u00e9e fran\u00e7aise de 1947 - Th\u00e9\u00e2tre national alg\u00e9rien","isPartOf":{"@id":"https:\/\/tna.dz\/fr\/#website"},"datePublished":"2024-12-28T18:28:51+00:00","dateModified":"2024-12-28T18:28:51+00:00","description":"Le Th\u00e9\u00e2tre r\u00e9gional de Sidi Bel Abb\u00e8s a pr\u00e9sent\u00e9 ce vendredi 27 d\u00e9cembre une nouvelle cr\u00e9ation intitul\u00e9e \"Kalima\" (Parole) au Th\u00e9\u00e2tre National Mahieddine","breadcrumb":{"@id":"https:\/\/tna.dz\/fr\/kalima-hommage-theatral-aux-deputes-algeriens-de-lassemblee-francaise-de-1947\/#breadcrumb"},"inLanguage":"fr-FR","potentialAction":[{"@type":"ReadAction","target":["https:\/\/tna.dz\/fr\/kalima-hommage-theatral-aux-deputes-algeriens-de-lassemblee-francaise-de-1947\/"]}]},{"@type":"BreadcrumbList","@id":"https:\/\/tna.dz\/fr\/kalima-hommage-theatral-aux-deputes-algeriens-de-lassemblee-francaise-de-1947\/#breadcrumb","itemListElement":[{"@type":"ListItem","position":1,"name":"Accueil","item":"https:\/\/tna.dz\/fr\/"},{"@type":"ListItem","position":2,"name":"\u00ab\u00a0Kalima\u00a0\u00bb : Hommage th\u00e9\u00e2tral aux d\u00e9put\u00e9s alg\u00e9riens de l&rsquo;Assembl\u00e9e fran\u00e7aise de 1947"}]},{"@type":"WebSite","@id":"https:\/\/tna.dz\/fr\/#website","url":"https:\/\/tna.dz\/fr\/","name":"Th\u00e9\u00e2tre national alg\u00e9rien","description":"Th\u00e9\u00e2tre national alg\u00e9rien Mahieddine Bachtarzi","publisher":{"@id":"https:\/\/tna.dz\/fr\/#organization"},"potentialAction":[{"@type":"SearchAction","target":{"@type":"EntryPoint","urlTemplate":"https:\/\/tna.dz\/fr\/?s={search_term_string}"},"query-input":"required name=search_term_string"}],"inLanguage":"fr-FR"},{"@type":"Organization","@id":"https:\/\/tna.dz\/fr\/#organization","name":"Le Th\u00e9\u00e2tre national alg\u00e9rien","url":"https:\/\/tna.dz\/fr\/","logo":{"@type":"ImageObject","inLanguage":"fr-FR","@id":"https:\/\/tna.dz\/fr\/#\/schema\/logo\/image\/","url":"https:\/\/www.tna.dz\/fr\/wp-content\/uploads\/2019\/11\/repertoire-tna-2018-2-1.png","contentUrl":"https:\/\/www.tna.dz\/fr\/wp-content\/uploads\/2019\/11\/repertoire-tna-2018-2-1.png","width":200,"height":84,"caption":"Le Th\u00e9\u00e2tre national alg\u00e9rien"},"image":{"@id":"https:\/\/tna.dz\/fr\/#\/schema\/logo\/image\/"}},{"@type":"Person","@id":"https:\/\/tna.dz\/fr\/#\/schema\/person\/101481cc92bfc5def5711088d2a24632","name":"omarAdmin","image":{"@type":"ImageObject","inLanguage":"fr-FR","@id":"https:\/\/tna.dz\/fr\/#\/schema\/person\/image\/","url":"https:\/\/secure.gravatar.com\/avatar\/2018ebac09ef03c2c32dd119d4429714?s=96&d=mm&r=g","contentUrl":"https:\/\/secure.gravatar.com\/avatar\/2018ebac09ef03c2c32dd119d4429714?s=96&d=mm&r=g","caption":"omarAdmin"},"url":"https:\/\/tna.dz\/fr\/author\/omaradmin\/"}]}},"_links":{"self":[{"href":"https:\/\/tna.dz\/fr\/wp-json\/wp\/v2\/posts\/4033"}],"collection":[{"href":"https:\/\/tna.dz\/fr\/wp-json\/wp\/v2\/posts"}],"about":[{"href":"https:\/\/tna.dz\/fr\/wp-json\/wp\/v2\/types\/post"}],"author":[{"embeddable":true,"href":"https:\/\/tna.dz\/fr\/wp-json\/wp\/v2\/users\/1"}],"replies":[{"embeddable":true,"href":"https:\/\/tna.dz\/fr\/wp-json\/wp\/v2\/comments?post=4033"}],"version-history":[{"count":1,"href":"https:\/\/tna.dz\/fr\/wp-json\/wp\/v2\/posts\/4033\/revisions"}],"predecessor-version":[{"id":4048,"href":"https:\/\/tna.dz\/fr\/wp-json\/wp\/v2\/posts\/4033\/revisions\/4048"}],"wp:featuredmedia":[{"embeddable":true,"href":"https:\/\/tna.dz\/fr\/wp-json\/wp\/v2\/media\/4034"}],"wp:attachment":[{"href":"https:\/\/tna.dz\/fr\/wp-json\/wp\/v2\/media?parent=4033"}],"wp:term":[{"taxonomy":"category","embeddable":true,"href":"https:\/\/tna.dz\/fr\/wp-json\/wp\/v2\/categories?post=4033"},{"taxonomy":"post_tag","embeddable":true,"href":"https:\/\/tna.dz\/fr\/wp-json\/wp\/v2\/tags?post=4033"}],"curies":[{"name":"wp","href":"https:\/\/api.w.org\/{rel}","templated":true}]}}