{"id":4090,"date":"2024-12-29T12:54:21","date_gmt":"2024-12-29T12:54:21","guid":{"rendered":"https:\/\/tna.dz\/fr\/?p=4090"},"modified":"2024-12-29T12:54:33","modified_gmt":"2024-12-29T12:54:33","slug":"haider-benhassine-metteur-en-scene-de-aqd-el-jawhar-jai-choisi-de-laisser-lespace-ouvert-car-cela-fait-partie-integrante-de-la-vie-des-comediens","status":"publish","type":"post","link":"https:\/\/tna.dz\/fr\/haider-benhassine-metteur-en-scene-de-aqd-el-jawhar-jai-choisi-de-laisser-lespace-ouvert-car-cela-fait-partie-integrante-de-la-vie-des-comediens\/","title":{"rendered":"Ha\u00efder Benhassine, metteur en sc\u00e8ne de \u00ab Aqd el Jawhar \u00bb \u00ab J\u2019ai choisi de laisser l\u2019espace ouvert car cela fait partie int\u00e9grante de la vie des com\u00e9diens \u00bb"},"content":{"rendered":"<p><b>Quels sont les \u00e9l\u00e9ments cl\u00e9s qui d\u00e9finissent la construction artistique de \u00ab Aqd el Jawhar \u00bb ?<\/b><\/p>\n<p>La construction artistique que j\u2019adopte d\u00e9coule d\u2019une logique propre. J\u2019ai un raisonnement, une approche qui guide mon travail, et \u00e0 partir de l\u00e0, je d\u00e9finis les objectifs esth\u00e9tiques et \u00e9motionnels que je veux atteindre. Apr\u00e8s une phase de recherche approfondie, je m\u2019efforce de provoquer \u00e0 la fois une introspection personnelle et une r\u00e9action chez le spectateur. C\u2019est le travail technique, minutieux et r\u00e9fl\u00e9chi, qui finit par s\u2019imposer comme une \u00e9vidence.<br \/>\n<b><br \/>\nPourquoi avoir choisi d\u2019ouvrir l\u2019espace sc\u00e9nique dans cette mise en sc\u00e8ne ?<\/b><\/p>\n<p>J\u2019ai choisi de laisser l\u2019espace ouvert car cela fait partie int\u00e9grante de la vie des com\u00e9diens, et j\u2019ai voulu partager cet aspect avec le public. Il est essentiel, en tant que praticiens du th\u00e9\u00e2tre, de s\u2019accorder sur une simplification des concepts li\u00e9s \u00e0 l\u2019acte th\u00e9\u00e2tral. Cet acte repose sur des actions porteuses d\u2019un \u00e9tat psychologique pr\u00e9cis et visant un objectif d\u00e9termin\u00e9. Ces actions, qu\u2019elles soient physiques ou verbales, s\u2019articulent autour d\u2019un d\u00e9sir ou d\u2019une intention. C\u2019est en b\u00e2tissant cet \u00e9tat psychologique que l\u2019on g\u00e9n\u00e8re le d\u00e9sir, l\u2019objectif, et le mouvement. Pour moi, jouer ne consiste pas seulement \u00e0 atteindre cet objectif, mais aussi \u00e0 naviguer entre les obstacles qui se dressent sur le chemin.<\/p>\n<p><b>En quoi la configuration de l&rsquo;espace sc\u00e9nique joue-t-elle un r\u00f4le dans la narration et la perception de l&rsquo;\u0153uvre par le public ?<\/b><\/p>\n<p>Il s&rsquo;agit simplement d&rsquo;un aspect esth\u00e9tique. Les com\u00e9diens n&rsquo;ont pas de caract\u00e8res tr\u00e8s d\u00e9finis, ce sont plut\u00f4t leurs propres traits de caract\u00e8re qui ressortent. Nous avons travaill\u00e9 \u00e0 la fois sur l&rsquo;horizontalit\u00e9 et la verticalit\u00e9, tout comme sur la lev\u00e9e du rideau, la mise en espace du texte, ainsi que sur l&rsquo;\u00e9clairage.<\/p>\n","protected":false},"excerpt":{"rendered":"<p>Quels sont les \u00e9l\u00e9ments cl\u00e9s qui d\u00e9finissent la construction artistique de \u00ab Aqd el Jawhar \u00bb ? La construction artistique que j\u2019adopte d\u00e9coule d\u2019une logique propre. J\u2019ai un raisonnement, une approche qui guide mon travail, et \u00e0 partir de l\u00e0, je d\u00e9finis les objectifs esth\u00e9tiques et \u00e9motionnels que je veux atteindre. Apr\u00e8s une phase de &hellip;<\/p>\n","protected":false},"author":1,"featured_media":4091,"comment_status":"closed","ping_status":"closed","sticky":false,"template":"","format":"standard","meta":{"footnotes":""},"categories":[37,130],"tags":[],"yoast_head":"<!-- This site is optimized with the Yoast SEO plugin v21.2 - https:\/\/yoast.com\/wordpress\/plugins\/seo\/ -->\n<title>Ha\u00efder Benhassine, metteur en sc\u00e8ne de \u00ab Aqd el Jawhar \u00bb \u00ab J\u2019ai choisi de laisser l\u2019espace ouvert car cela fait partie int\u00e9grante de la vie des com\u00e9diens \u00bb - Th\u00e9\u00e2tre national alg\u00e9rien<\/title>\n<meta name=\"description\" content=\"Quels sont les \u00e9l\u00e9ments cl\u00e9s qui d\u00e9finissent la construction artistique de \u00ab Aqd el Jawhar \u00bb ? La construction artistique que j\u2019adopte d\u00e9coule d\u2019une\" \/>\n<meta name=\"robots\" content=\"index, follow, max-snippet:-1, max-image-preview:large, max-video-preview:-1\" \/>\n<link rel=\"canonical\" href=\"https:\/\/tna.dz\/fr\/haider-benhassine-metteur-en-scene-de-aqd-el-jawhar-jai-choisi-de-laisser-lespace-ouvert-car-cela-fait-partie-integrante-de-la-vie-des-comediens\/\" \/>\n<meta property=\"og:locale\" content=\"fr_FR\" \/>\n<meta property=\"og:type\" content=\"article\" \/>\n<meta property=\"og:title\" content=\"Ha\u00efder Benhassine, metteur en sc\u00e8ne de \u00ab Aqd el Jawhar \u00bb \u00ab J\u2019ai choisi de laisser l\u2019espace ouvert car cela fait partie int\u00e9grante de la vie des com\u00e9diens \u00bb - Th\u00e9\u00e2tre national alg\u00e9rien\" \/>\n<meta property=\"og:description\" content=\"Quels sont les \u00e9l\u00e9ments cl\u00e9s qui d\u00e9finissent la construction artistique de \u00ab Aqd el Jawhar \u00bb ? La construction artistique que j\u2019adopte d\u00e9coule d\u2019une\" \/>\n<meta property=\"og:url\" content=\"https:\/\/tna.dz\/fr\/haider-benhassine-metteur-en-scene-de-aqd-el-jawhar-jai-choisi-de-laisser-lespace-ouvert-car-cela-fait-partie-integrante-de-la-vie-des-comediens\/\" \/>\n<meta property=\"og:site_name\" content=\"Th\u00e9\u00e2tre national alg\u00e9rien\" \/>\n<meta property=\"article:published_time\" content=\"2024-12-29T12:54:21+00:00\" \/>\n<meta property=\"article:modified_time\" content=\"2024-12-29T12:54:33+00:00\" \/>\n<meta property=\"og:image\" content=\"http:\/\/tna.dz\/fr\/wp-content\/uploads\/2024\/12\/470667280_1483437715889701_4101905255682475507_n.jpg\" \/>\n\t<meta property=\"og:image:width\" content=\"960\" \/>\n\t<meta property=\"og:image:height\" content=\"639\" \/>\n\t<meta property=\"og:image:type\" content=\"image\/jpeg\" \/>\n<meta name=\"author\" content=\"omarAdmin\" \/>\n<meta name=\"twitter:card\" content=\"summary_large_image\" \/>\n<meta name=\"twitter:label1\" content=\"\u00c9crit par\" \/>\n\t<meta name=\"twitter:data1\" content=\"omarAdmin\" \/>\n\t<meta name=\"twitter:label2\" content=\"Dur\u00e9e de lecture estim\u00e9e\" \/>\n\t<meta name=\"twitter:data2\" content=\"2 minutes\" \/>\n<script type=\"application\/ld+json\" class=\"yoast-schema-graph\">{\"@context\":\"https:\/\/schema.org\",\"@graph\":[{\"@type\":\"Article\",\"@id\":\"https:\/\/tna.dz\/fr\/haider-benhassine-metteur-en-scene-de-aqd-el-jawhar-jai-choisi-de-laisser-lespace-ouvert-car-cela-fait-partie-integrante-de-la-vie-des-comediens\/#article\",\"isPartOf\":{\"@id\":\"https:\/\/tna.dz\/fr\/haider-benhassine-metteur-en-scene-de-aqd-el-jawhar-jai-choisi-de-laisser-lespace-ouvert-car-cela-fait-partie-integrante-de-la-vie-des-comediens\/\"},\"author\":{\"name\":\"omarAdmin\",\"@id\":\"https:\/\/tna.dz\/fr\/#\/schema\/person\/101481cc92bfc5def5711088d2a24632\"},\"headline\":\"Ha\u00efder Benhassine, metteur en sc\u00e8ne de \u00ab Aqd el Jawhar \u00bb \u00ab J\u2019ai choisi de laisser l\u2019espace ouvert car cela fait partie int\u00e9grante de la vie des com\u00e9diens \u00bb\",\"datePublished\":\"2024-12-29T12:54:21+00:00\",\"dateModified\":\"2024-12-29T12:54:33+00:00\",\"mainEntityOfPage\":{\"@id\":\"https:\/\/tna.dz\/fr\/haider-benhassine-metteur-en-scene-de-aqd-el-jawhar-jai-choisi-de-laisser-lespace-ouvert-car-cela-fait-partie-integrante-de-la-vie-des-comediens\/\"},\"wordCount\":369,\"publisher\":{\"@id\":\"https:\/\/tna.dz\/fr\/#organization\"},\"articleSection\":[\"Actualit\u00e9s\",\"fntp\"],\"inLanguage\":\"fr-FR\"},{\"@type\":\"WebPage\",\"@id\":\"https:\/\/tna.dz\/fr\/haider-benhassine-metteur-en-scene-de-aqd-el-jawhar-jai-choisi-de-laisser-lespace-ouvert-car-cela-fait-partie-integrante-de-la-vie-des-comediens\/\",\"url\":\"https:\/\/tna.dz\/fr\/haider-benhassine-metteur-en-scene-de-aqd-el-jawhar-jai-choisi-de-laisser-lespace-ouvert-car-cela-fait-partie-integrante-de-la-vie-des-comediens\/\",\"name\":\"Ha\u00efder Benhassine, metteur en sc\u00e8ne de \u00ab Aqd el Jawhar \u00bb \u00ab J\u2019ai choisi de laisser l\u2019espace ouvert car cela fait partie int\u00e9grante de la vie des com\u00e9diens \u00bb - Th\u00e9\u00e2tre national alg\u00e9rien\",\"isPartOf\":{\"@id\":\"https:\/\/tna.dz\/fr\/#website\"},\"datePublished\":\"2024-12-29T12:54:21+00:00\",\"dateModified\":\"2024-12-29T12:54:33+00:00\",\"description\":\"Quels sont les \u00e9l\u00e9ments cl\u00e9s qui d\u00e9finissent la construction artistique de \u00ab Aqd el Jawhar \u00bb ? La construction artistique que j\u2019adopte d\u00e9coule d\u2019une\",\"breadcrumb\":{\"@id\":\"https:\/\/tna.dz\/fr\/haider-benhassine-metteur-en-scene-de-aqd-el-jawhar-jai-choisi-de-laisser-lespace-ouvert-car-cela-fait-partie-integrante-de-la-vie-des-comediens\/#breadcrumb\"},\"inLanguage\":\"fr-FR\",\"potentialAction\":[{\"@type\":\"ReadAction\",\"target\":[\"https:\/\/tna.dz\/fr\/haider-benhassine-metteur-en-scene-de-aqd-el-jawhar-jai-choisi-de-laisser-lespace-ouvert-car-cela-fait-partie-integrante-de-la-vie-des-comediens\/\"]}]},{\"@type\":\"BreadcrumbList\",\"@id\":\"https:\/\/tna.dz\/fr\/haider-benhassine-metteur-en-scene-de-aqd-el-jawhar-jai-choisi-de-laisser-lespace-ouvert-car-cela-fait-partie-integrante-de-la-vie-des-comediens\/#breadcrumb\",\"itemListElement\":[{\"@type\":\"ListItem\",\"position\":1,\"name\":\"Accueil\",\"item\":\"https:\/\/tna.dz\/fr\/\"},{\"@type\":\"ListItem\",\"position\":2,\"name\":\"Ha\u00efder Benhassine, metteur en sc\u00e8ne de \u00ab Aqd el Jawhar \u00bb \u00ab J\u2019ai choisi de laisser l\u2019espace ouvert car cela fait partie int\u00e9grante de la vie des com\u00e9diens \u00bb\"}]},{\"@type\":\"WebSite\",\"@id\":\"https:\/\/tna.dz\/fr\/#website\",\"url\":\"https:\/\/tna.dz\/fr\/\",\"name\":\"Th\u00e9\u00e2tre national alg\u00e9rien\",\"description\":\"Th\u00e9\u00e2tre national alg\u00e9rien Mahieddine Bachtarzi\",\"publisher\":{\"@id\":\"https:\/\/tna.dz\/fr\/#organization\"},\"potentialAction\":[{\"@type\":\"SearchAction\",\"target\":{\"@type\":\"EntryPoint\",\"urlTemplate\":\"https:\/\/tna.dz\/fr\/?s={search_term_string}\"},\"query-input\":\"required name=search_term_string\"}],\"inLanguage\":\"fr-FR\"},{\"@type\":\"Organization\",\"@id\":\"https:\/\/tna.dz\/fr\/#organization\",\"name\":\"Le Th\u00e9\u00e2tre national alg\u00e9rien\",\"url\":\"https:\/\/tna.dz\/fr\/\",\"logo\":{\"@type\":\"ImageObject\",\"inLanguage\":\"fr-FR\",\"@id\":\"https:\/\/tna.dz\/fr\/#\/schema\/logo\/image\/\",\"url\":\"https:\/\/www.tna.dz\/fr\/wp-content\/uploads\/2019\/11\/repertoire-tna-2018-2-1.png\",\"contentUrl\":\"https:\/\/www.tna.dz\/fr\/wp-content\/uploads\/2019\/11\/repertoire-tna-2018-2-1.png\",\"width\":200,\"height\":84,\"caption\":\"Le Th\u00e9\u00e2tre national alg\u00e9rien\"},\"image\":{\"@id\":\"https:\/\/tna.dz\/fr\/#\/schema\/logo\/image\/\"}},{\"@type\":\"Person\",\"@id\":\"https:\/\/tna.dz\/fr\/#\/schema\/person\/101481cc92bfc5def5711088d2a24632\",\"name\":\"omarAdmin\",\"image\":{\"@type\":\"ImageObject\",\"inLanguage\":\"fr-FR\",\"@id\":\"https:\/\/tna.dz\/fr\/#\/schema\/person\/image\/\",\"url\":\"https:\/\/secure.gravatar.com\/avatar\/2018ebac09ef03c2c32dd119d4429714?s=96&d=mm&r=g\",\"contentUrl\":\"https:\/\/secure.gravatar.com\/avatar\/2018ebac09ef03c2c32dd119d4429714?s=96&d=mm&r=g\",\"caption\":\"omarAdmin\"},\"url\":\"https:\/\/tna.dz\/fr\/author\/omaradmin\/\"}]}<\/script>\n<!-- \/ Yoast SEO plugin. -->","yoast_head_json":{"title":"Ha\u00efder Benhassine, metteur en sc\u00e8ne de \u00ab Aqd el Jawhar \u00bb \u00ab J\u2019ai choisi de laisser l\u2019espace ouvert car cela fait partie int\u00e9grante de la vie des com\u00e9diens \u00bb - Th\u00e9\u00e2tre national alg\u00e9rien","description":"Quels sont les \u00e9l\u00e9ments cl\u00e9s qui d\u00e9finissent la construction artistique de \u00ab Aqd el Jawhar \u00bb ? La construction artistique que j\u2019adopte d\u00e9coule d\u2019une","robots":{"index":"index","follow":"follow","max-snippet":"max-snippet:-1","max-image-preview":"max-image-preview:large","max-video-preview":"max-video-preview:-1"},"canonical":"https:\/\/tna.dz\/fr\/haider-benhassine-metteur-en-scene-de-aqd-el-jawhar-jai-choisi-de-laisser-lespace-ouvert-car-cela-fait-partie-integrante-de-la-vie-des-comediens\/","og_locale":"fr_FR","og_type":"article","og_title":"Ha\u00efder Benhassine, metteur en sc\u00e8ne de \u00ab Aqd el Jawhar \u00bb \u00ab J\u2019ai choisi de laisser l\u2019espace ouvert car cela fait partie int\u00e9grante de la vie des com\u00e9diens \u00bb - Th\u00e9\u00e2tre national alg\u00e9rien","og_description":"Quels sont les \u00e9l\u00e9ments cl\u00e9s qui d\u00e9finissent la construction artistique de \u00ab Aqd el Jawhar \u00bb ? La construction artistique que j\u2019adopte d\u00e9coule d\u2019une","og_url":"https:\/\/tna.dz\/fr\/haider-benhassine-metteur-en-scene-de-aqd-el-jawhar-jai-choisi-de-laisser-lespace-ouvert-car-cela-fait-partie-integrante-de-la-vie-des-comediens\/","og_site_name":"Th\u00e9\u00e2tre national alg\u00e9rien","article_published_time":"2024-12-29T12:54:21+00:00","article_modified_time":"2024-12-29T12:54:33+00:00","og_image":[{"width":960,"height":639,"url":"http:\/\/tna.dz\/fr\/wp-content\/uploads\/2024\/12\/470667280_1483437715889701_4101905255682475507_n.jpg","type":"image\/jpeg"}],"author":"omarAdmin","twitter_card":"summary_large_image","twitter_misc":{"\u00c9crit par":"omarAdmin","Dur\u00e9e de lecture estim\u00e9e":"2 minutes"},"schema":{"@context":"https:\/\/schema.org","@graph":[{"@type":"Article","@id":"https:\/\/tna.dz\/fr\/haider-benhassine-metteur-en-scene-de-aqd-el-jawhar-jai-choisi-de-laisser-lespace-ouvert-car-cela-fait-partie-integrante-de-la-vie-des-comediens\/#article","isPartOf":{"@id":"https:\/\/tna.dz\/fr\/haider-benhassine-metteur-en-scene-de-aqd-el-jawhar-jai-choisi-de-laisser-lespace-ouvert-car-cela-fait-partie-integrante-de-la-vie-des-comediens\/"},"author":{"name":"omarAdmin","@id":"https:\/\/tna.dz\/fr\/#\/schema\/person\/101481cc92bfc5def5711088d2a24632"},"headline":"Ha\u00efder Benhassine, metteur en sc\u00e8ne de \u00ab Aqd el Jawhar \u00bb \u00ab J\u2019ai choisi de laisser l\u2019espace ouvert car cela fait partie int\u00e9grante de la vie des com\u00e9diens \u00bb","datePublished":"2024-12-29T12:54:21+00:00","dateModified":"2024-12-29T12:54:33+00:00","mainEntityOfPage":{"@id":"https:\/\/tna.dz\/fr\/haider-benhassine-metteur-en-scene-de-aqd-el-jawhar-jai-choisi-de-laisser-lespace-ouvert-car-cela-fait-partie-integrante-de-la-vie-des-comediens\/"},"wordCount":369,"publisher":{"@id":"https:\/\/tna.dz\/fr\/#organization"},"articleSection":["Actualit\u00e9s","fntp"],"inLanguage":"fr-FR"},{"@type":"WebPage","@id":"https:\/\/tna.dz\/fr\/haider-benhassine-metteur-en-scene-de-aqd-el-jawhar-jai-choisi-de-laisser-lespace-ouvert-car-cela-fait-partie-integrante-de-la-vie-des-comediens\/","url":"https:\/\/tna.dz\/fr\/haider-benhassine-metteur-en-scene-de-aqd-el-jawhar-jai-choisi-de-laisser-lespace-ouvert-car-cela-fait-partie-integrante-de-la-vie-des-comediens\/","name":"Ha\u00efder Benhassine, metteur en sc\u00e8ne de \u00ab Aqd el Jawhar \u00bb \u00ab J\u2019ai choisi de laisser l\u2019espace ouvert car cela fait partie int\u00e9grante de la vie des com\u00e9diens \u00bb - Th\u00e9\u00e2tre national alg\u00e9rien","isPartOf":{"@id":"https:\/\/tna.dz\/fr\/#website"},"datePublished":"2024-12-29T12:54:21+00:00","dateModified":"2024-12-29T12:54:33+00:00","description":"Quels sont les \u00e9l\u00e9ments cl\u00e9s qui d\u00e9finissent la construction artistique de \u00ab Aqd el Jawhar \u00bb ? La construction artistique que j\u2019adopte d\u00e9coule d\u2019une","breadcrumb":{"@id":"https:\/\/tna.dz\/fr\/haider-benhassine-metteur-en-scene-de-aqd-el-jawhar-jai-choisi-de-laisser-lespace-ouvert-car-cela-fait-partie-integrante-de-la-vie-des-comediens\/#breadcrumb"},"inLanguage":"fr-FR","potentialAction":[{"@type":"ReadAction","target":["https:\/\/tna.dz\/fr\/haider-benhassine-metteur-en-scene-de-aqd-el-jawhar-jai-choisi-de-laisser-lespace-ouvert-car-cela-fait-partie-integrante-de-la-vie-des-comediens\/"]}]},{"@type":"BreadcrumbList","@id":"https:\/\/tna.dz\/fr\/haider-benhassine-metteur-en-scene-de-aqd-el-jawhar-jai-choisi-de-laisser-lespace-ouvert-car-cela-fait-partie-integrante-de-la-vie-des-comediens\/#breadcrumb","itemListElement":[{"@type":"ListItem","position":1,"name":"Accueil","item":"https:\/\/tna.dz\/fr\/"},{"@type":"ListItem","position":2,"name":"Ha\u00efder Benhassine, metteur en sc\u00e8ne de \u00ab Aqd el Jawhar \u00bb \u00ab J\u2019ai choisi de laisser l\u2019espace ouvert car cela fait partie int\u00e9grante de la vie des com\u00e9diens \u00bb"}]},{"@type":"WebSite","@id":"https:\/\/tna.dz\/fr\/#website","url":"https:\/\/tna.dz\/fr\/","name":"Th\u00e9\u00e2tre national alg\u00e9rien","description":"Th\u00e9\u00e2tre national alg\u00e9rien Mahieddine Bachtarzi","publisher":{"@id":"https:\/\/tna.dz\/fr\/#organization"},"potentialAction":[{"@type":"SearchAction","target":{"@type":"EntryPoint","urlTemplate":"https:\/\/tna.dz\/fr\/?s={search_term_string}"},"query-input":"required name=search_term_string"}],"inLanguage":"fr-FR"},{"@type":"Organization","@id":"https:\/\/tna.dz\/fr\/#organization","name":"Le Th\u00e9\u00e2tre national alg\u00e9rien","url":"https:\/\/tna.dz\/fr\/","logo":{"@type":"ImageObject","inLanguage":"fr-FR","@id":"https:\/\/tna.dz\/fr\/#\/schema\/logo\/image\/","url":"https:\/\/www.tna.dz\/fr\/wp-content\/uploads\/2019\/11\/repertoire-tna-2018-2-1.png","contentUrl":"https:\/\/www.tna.dz\/fr\/wp-content\/uploads\/2019\/11\/repertoire-tna-2018-2-1.png","width":200,"height":84,"caption":"Le Th\u00e9\u00e2tre national alg\u00e9rien"},"image":{"@id":"https:\/\/tna.dz\/fr\/#\/schema\/logo\/image\/"}},{"@type":"Person","@id":"https:\/\/tna.dz\/fr\/#\/schema\/person\/101481cc92bfc5def5711088d2a24632","name":"omarAdmin","image":{"@type":"ImageObject","inLanguage":"fr-FR","@id":"https:\/\/tna.dz\/fr\/#\/schema\/person\/image\/","url":"https:\/\/secure.gravatar.com\/avatar\/2018ebac09ef03c2c32dd119d4429714?s=96&d=mm&r=g","contentUrl":"https:\/\/secure.gravatar.com\/avatar\/2018ebac09ef03c2c32dd119d4429714?s=96&d=mm&r=g","caption":"omarAdmin"},"url":"https:\/\/tna.dz\/fr\/author\/omaradmin\/"}]}},"_links":{"self":[{"href":"https:\/\/tna.dz\/fr\/wp-json\/wp\/v2\/posts\/4090"}],"collection":[{"href":"https:\/\/tna.dz\/fr\/wp-json\/wp\/v2\/posts"}],"about":[{"href":"https:\/\/tna.dz\/fr\/wp-json\/wp\/v2\/types\/post"}],"author":[{"embeddable":true,"href":"https:\/\/tna.dz\/fr\/wp-json\/wp\/v2\/users\/1"}],"replies":[{"embeddable":true,"href":"https:\/\/tna.dz\/fr\/wp-json\/wp\/v2\/comments?post=4090"}],"version-history":[{"count":1,"href":"https:\/\/tna.dz\/fr\/wp-json\/wp\/v2\/posts\/4090\/revisions"}],"predecessor-version":[{"id":4092,"href":"https:\/\/tna.dz\/fr\/wp-json\/wp\/v2\/posts\/4090\/revisions\/4092"}],"wp:featuredmedia":[{"embeddable":true,"href":"https:\/\/tna.dz\/fr\/wp-json\/wp\/v2\/media\/4091"}],"wp:attachment":[{"href":"https:\/\/tna.dz\/fr\/wp-json\/wp\/v2\/media?parent=4090"}],"wp:term":[{"taxonomy":"category","embeddable":true,"href":"https:\/\/tna.dz\/fr\/wp-json\/wp\/v2\/categories?post=4090"},{"taxonomy":"post_tag","embeddable":true,"href":"https:\/\/tna.dz\/fr\/wp-json\/wp\/v2\/tags?post=4090"}],"curies":[{"name":"wp","href":"https:\/\/api.w.org\/{rel}","templated":true}]}}