{"id":4171,"date":"2024-12-30T13:37:35","date_gmt":"2024-12-30T13:37:35","guid":{"rendered":"https:\/\/tna.dz\/fr\/?p=4171"},"modified":"2024-12-30T13:37:49","modified_gmt":"2024-12-30T13:37:49","slug":"moulay-meliani-mourad-metteur-en-scene-de-hadjr-sabr-le-choix-de-traiter-de-la-decennie-noire-a-pour-but-de-rendre-hommage-aux-femmes-souvent-premieres-victimes-de-lextremism","status":"publish","type":"post","link":"https:\/\/tna.dz\/fr\/moulay-meliani-mourad-metteur-en-scene-de-hadjr-sabr-le-choix-de-traiter-de-la-decennie-noire-a-pour-but-de-rendre-hommage-aux-femmes-souvent-premieres-victimes-de-lextremism\/","title":{"rendered":"Moulay Meliani Mourad, metteur en sc\u00e8ne de \u00ab Hadjr Sabr \u00bb  \u00ab Le choix de traiter de la d\u00e9cennie noire a pour but de rendre hommage aux femmes, souvent premi\u00e8res victimes de l&rsquo;extr\u00e9misme \u00bb"},"content":{"rendered":"<div>\n<p><span style=\"font-size: large;\"><b>Quelle a \u00e9t\u00e9 la principale difficult\u00e9 rencontr\u00e9e lors de la cr\u00e9ation de \u00ab Hadjr Sabr \u00bb, et comment avez-vous surmont\u00e9 cet obstacle ?<\/b><\/span><\/p>\n<p>La valeur du b\u00e9n\u00e9volat dans la pr\u00e9sentation de spectacles r\u00e9side dans la passion et l&rsquo;engagement de l&rsquo;\u00e9quipe. En tant que professionnels, nous avons l&rsquo;habitude de travailler avec une r\u00e9mun\u00e9ration, mais pour \u00ab Hadjr Sabr \u00bb, nous avons d\u00e9cid\u00e9 de nous lancer dans une exp\u00e9rience diff\u00e9rente. Face \u00e0 l&rsquo;absence de soutien financier ou \u00e0 son insuffisance, nous avons choisi de mettre notre savoir-faire au service du th\u00e9\u00e2tre de mani\u00e8re b\u00e9n\u00e9vole. Nous avons fait de notre mieux pour que cette initiative r\u00e9ussisse, car elle vise avant tout \u00e0 servir l&rsquo;art th\u00e9\u00e2tral, m\u00eame en l&rsquo;absence de financement direct.<\/p>\n<p><b>Comment avez-vous construit la pi\u00e8ce \u00ab Hadjr Sabr \u00bb d&rsquo;un point de vue artistique ?<\/b><\/p>\n<p>J&rsquo;ai bas\u00e9 la construction sur la m\u00e9thode brechtienne, en orientant les com\u00e9diens \u00e0 jouer d&rsquo;une mani\u00e8re qui refl\u00e8te une certaine distanciation par rapport aux personnages. L&rsquo;id\u00e9e est de faire ressortir les \u00e9motions des acteurs tout en les guidant \u00e0 \u00e9viter de se fondre totalement dans leurs r\u00f4les. Cela permet de mettre en lumi\u00e8re non seulement le contenu \u00e9motionnel, mais aussi de susciter une r\u00e9flexion plus profonde chez le spectateur sur les th\u00e8mes abord\u00e9s, comme les blessures laiss\u00e9es par la d\u00e9cennie noire.<\/p>\n<p><b>Pourquoi avoir choisi de traiter le sujet de la d\u00e9cennie noire dans cette pi\u00e8ce ?<\/b><\/p>\n<p>Le choix de traiter de la d\u00e9cennie noire a pour but de rendre hommage aux femmes qui ont endur\u00e9 des souffrances dans un contexte o\u00f9 elles \u00e9taient souvent les premi\u00e8res victimes de l&rsquo;extr\u00e9misme. En parall\u00e8le, nous avons voulu aborder d&rsquo;autres probl\u00e9matiques sociales, telles que la hi\u00e9rarchie sociale, en attendant de pr\u00e9senter cette pi\u00e8ce sur les sc\u00e8nes th\u00e9\u00e2trales. C\u2019est une mani\u00e8re de faire face aux cicatrices laiss\u00e9es par cette p\u00e9riode tout en mettant en lumi\u00e8re des aspects essentiels de la soci\u00e9t\u00e9 alg\u00e9rienne \u00e0 travers le prisme du th\u00e9\u00e2tre.<\/p>\n<\/div>\n","protected":false},"excerpt":{"rendered":"<p>Quelle a \u00e9t\u00e9 la principale difficult\u00e9 rencontr\u00e9e lors de la cr\u00e9ation de \u00ab Hadjr Sabr \u00bb, et comment avez-vous surmont\u00e9 cet obstacle ? La valeur du b\u00e9n\u00e9volat dans la pr\u00e9sentation de spectacles r\u00e9side dans la passion et l&rsquo;engagement de l&rsquo;\u00e9quipe. En tant que professionnels, nous avons l&rsquo;habitude de travailler avec une r\u00e9mun\u00e9ration, mais pour \u00ab &hellip;<\/p>\n","protected":false},"author":1,"featured_media":4172,"comment_status":"closed","ping_status":"closed","sticky":false,"template":"","format":"standard","meta":{"footnotes":""},"categories":[37,130],"tags":[],"yoast_head":"<!-- This site is optimized with the Yoast SEO plugin v21.2 - https:\/\/yoast.com\/wordpress\/plugins\/seo\/ -->\n<title>Moulay Meliani Mourad, metteur en sc\u00e8ne de \u00ab Hadjr Sabr \u00bb \u00ab Le choix de traiter de la d\u00e9cennie noire a pour but de rendre hommage aux femmes, souvent premi\u00e8res victimes de l&#039;extr\u00e9misme \u00bb - Th\u00e9\u00e2tre national alg\u00e9rien<\/title>\n<meta name=\"description\" content=\"Quelle a \u00e9t\u00e9 la principale difficult\u00e9 rencontr\u00e9e lors de la cr\u00e9ation de \u00ab Hadjr Sabr \u00bb, et comment avez-vous surmont\u00e9 cet obstacle ? La valeur du\" \/>\n<meta name=\"robots\" content=\"index, follow, max-snippet:-1, max-image-preview:large, max-video-preview:-1\" \/>\n<link rel=\"canonical\" href=\"https:\/\/tna.dz\/fr\/moulay-meliani-mourad-metteur-en-scene-de-hadjr-sabr-le-choix-de-traiter-de-la-decennie-noire-a-pour-but-de-rendre-hommage-aux-femmes-souvent-premieres-victimes-de-lextremism\/\" \/>\n<meta property=\"og:locale\" content=\"fr_FR\" \/>\n<meta property=\"og:type\" content=\"article\" \/>\n<meta property=\"og:title\" content=\"Moulay Meliani Mourad, metteur en sc\u00e8ne de \u00ab Hadjr Sabr \u00bb \u00ab Le choix de traiter de la d\u00e9cennie noire a pour but de rendre hommage aux femmes, souvent premi\u00e8res victimes de l&#039;extr\u00e9misme \u00bb - Th\u00e9\u00e2tre national alg\u00e9rien\" \/>\n<meta property=\"og:description\" content=\"Quelle a \u00e9t\u00e9 la principale difficult\u00e9 rencontr\u00e9e lors de la cr\u00e9ation de \u00ab Hadjr Sabr \u00bb, et comment avez-vous surmont\u00e9 cet obstacle ? La valeur du\" \/>\n<meta property=\"og:url\" content=\"https:\/\/tna.dz\/fr\/moulay-meliani-mourad-metteur-en-scene-de-hadjr-sabr-le-choix-de-traiter-de-la-decennie-noire-a-pour-but-de-rendre-hommage-aux-femmes-souvent-premieres-victimes-de-lextremism\/\" \/>\n<meta property=\"og:site_name\" content=\"Th\u00e9\u00e2tre national alg\u00e9rien\" \/>\n<meta property=\"article:published_time\" content=\"2024-12-30T13:37:35+00:00\" \/>\n<meta property=\"article:modified_time\" content=\"2024-12-30T13:37:49+00:00\" \/>\n<meta property=\"og:image\" content=\"http:\/\/tna.dz\/fr\/wp-content\/uploads\/2024\/12\/471987737_1484127979154008_6797938603160886302_n.jpg\" \/>\n\t<meta property=\"og:image:width\" content=\"960\" \/>\n\t<meta property=\"og:image:height\" content=\"639\" \/>\n\t<meta property=\"og:image:type\" content=\"image\/jpeg\" \/>\n<meta name=\"author\" content=\"omarAdmin\" \/>\n<meta name=\"twitter:card\" content=\"summary_large_image\" \/>\n<meta name=\"twitter:label1\" content=\"\u00c9crit par\" \/>\n\t<meta name=\"twitter:data1\" content=\"omarAdmin\" \/>\n\t<meta name=\"twitter:label2\" content=\"Dur\u00e9e de lecture estim\u00e9e\" \/>\n\t<meta name=\"twitter:data2\" content=\"2 minutes\" \/>\n<script type=\"application\/ld+json\" class=\"yoast-schema-graph\">{\"@context\":\"https:\/\/schema.org\",\"@graph\":[{\"@type\":\"Article\",\"@id\":\"https:\/\/tna.dz\/fr\/moulay-meliani-mourad-metteur-en-scene-de-hadjr-sabr-le-choix-de-traiter-de-la-decennie-noire-a-pour-but-de-rendre-hommage-aux-femmes-souvent-premieres-victimes-de-lextremism\/#article\",\"isPartOf\":{\"@id\":\"https:\/\/tna.dz\/fr\/moulay-meliani-mourad-metteur-en-scene-de-hadjr-sabr-le-choix-de-traiter-de-la-decennie-noire-a-pour-but-de-rendre-hommage-aux-femmes-souvent-premieres-victimes-de-lextremism\/\"},\"author\":{\"name\":\"omarAdmin\",\"@id\":\"https:\/\/tna.dz\/fr\/#\/schema\/person\/101481cc92bfc5def5711088d2a24632\"},\"headline\":\"Moulay Meliani Mourad, metteur en sc\u00e8ne de \u00ab Hadjr Sabr \u00bb \u00ab Le choix de traiter de la d\u00e9cennie noire a pour but de rendre hommage aux femmes, souvent premi\u00e8res victimes de l&rsquo;extr\u00e9misme \u00bb\",\"datePublished\":\"2024-12-30T13:37:35+00:00\",\"dateModified\":\"2024-12-30T13:37:49+00:00\",\"mainEntityOfPage\":{\"@id\":\"https:\/\/tna.dz\/fr\/moulay-meliani-mourad-metteur-en-scene-de-hadjr-sabr-le-choix-de-traiter-de-la-decennie-noire-a-pour-but-de-rendre-hommage-aux-femmes-souvent-premieres-victimes-de-lextremism\/\"},\"wordCount\":399,\"publisher\":{\"@id\":\"https:\/\/tna.dz\/fr\/#organization\"},\"articleSection\":[\"Actualit\u00e9s\",\"fntp\"],\"inLanguage\":\"fr-FR\"},{\"@type\":\"WebPage\",\"@id\":\"https:\/\/tna.dz\/fr\/moulay-meliani-mourad-metteur-en-scene-de-hadjr-sabr-le-choix-de-traiter-de-la-decennie-noire-a-pour-but-de-rendre-hommage-aux-femmes-souvent-premieres-victimes-de-lextremism\/\",\"url\":\"https:\/\/tna.dz\/fr\/moulay-meliani-mourad-metteur-en-scene-de-hadjr-sabr-le-choix-de-traiter-de-la-decennie-noire-a-pour-but-de-rendre-hommage-aux-femmes-souvent-premieres-victimes-de-lextremism\/\",\"name\":\"Moulay Meliani Mourad, metteur en sc\u00e8ne de \u00ab Hadjr Sabr \u00bb \u00ab Le choix de traiter de la d\u00e9cennie noire a pour but de rendre hommage aux femmes, souvent premi\u00e8res victimes de l'extr\u00e9misme \u00bb - Th\u00e9\u00e2tre national alg\u00e9rien\",\"isPartOf\":{\"@id\":\"https:\/\/tna.dz\/fr\/#website\"},\"datePublished\":\"2024-12-30T13:37:35+00:00\",\"dateModified\":\"2024-12-30T13:37:49+00:00\",\"description\":\"Quelle a \u00e9t\u00e9 la principale difficult\u00e9 rencontr\u00e9e lors de la cr\u00e9ation de \u00ab Hadjr Sabr \u00bb, et comment avez-vous surmont\u00e9 cet obstacle ? La valeur du\",\"breadcrumb\":{\"@id\":\"https:\/\/tna.dz\/fr\/moulay-meliani-mourad-metteur-en-scene-de-hadjr-sabr-le-choix-de-traiter-de-la-decennie-noire-a-pour-but-de-rendre-hommage-aux-femmes-souvent-premieres-victimes-de-lextremism\/#breadcrumb\"},\"inLanguage\":\"fr-FR\",\"potentialAction\":[{\"@type\":\"ReadAction\",\"target\":[\"https:\/\/tna.dz\/fr\/moulay-meliani-mourad-metteur-en-scene-de-hadjr-sabr-le-choix-de-traiter-de-la-decennie-noire-a-pour-but-de-rendre-hommage-aux-femmes-souvent-premieres-victimes-de-lextremism\/\"]}]},{\"@type\":\"BreadcrumbList\",\"@id\":\"https:\/\/tna.dz\/fr\/moulay-meliani-mourad-metteur-en-scene-de-hadjr-sabr-le-choix-de-traiter-de-la-decennie-noire-a-pour-but-de-rendre-hommage-aux-femmes-souvent-premieres-victimes-de-lextremism\/#breadcrumb\",\"itemListElement\":[{\"@type\":\"ListItem\",\"position\":1,\"name\":\"Accueil\",\"item\":\"https:\/\/tna.dz\/fr\/\"},{\"@type\":\"ListItem\",\"position\":2,\"name\":\"Moulay Meliani Mourad, metteur en sc\u00e8ne de \u00ab Hadjr Sabr \u00bb \u00ab Le choix de traiter de la d\u00e9cennie noire a pour but de rendre hommage aux femmes, souvent premi\u00e8res victimes de l&rsquo;extr\u00e9misme \u00bb\"}]},{\"@type\":\"WebSite\",\"@id\":\"https:\/\/tna.dz\/fr\/#website\",\"url\":\"https:\/\/tna.dz\/fr\/\",\"name\":\"Th\u00e9\u00e2tre national alg\u00e9rien\",\"description\":\"Th\u00e9\u00e2tre national alg\u00e9rien Mahieddine Bachtarzi\",\"publisher\":{\"@id\":\"https:\/\/tna.dz\/fr\/#organization\"},\"potentialAction\":[{\"@type\":\"SearchAction\",\"target\":{\"@type\":\"EntryPoint\",\"urlTemplate\":\"https:\/\/tna.dz\/fr\/?s={search_term_string}\"},\"query-input\":\"required name=search_term_string\"}],\"inLanguage\":\"fr-FR\"},{\"@type\":\"Organization\",\"@id\":\"https:\/\/tna.dz\/fr\/#organization\",\"name\":\"Le Th\u00e9\u00e2tre national alg\u00e9rien\",\"url\":\"https:\/\/tna.dz\/fr\/\",\"logo\":{\"@type\":\"ImageObject\",\"inLanguage\":\"fr-FR\",\"@id\":\"https:\/\/tna.dz\/fr\/#\/schema\/logo\/image\/\",\"url\":\"https:\/\/www.tna.dz\/fr\/wp-content\/uploads\/2019\/11\/repertoire-tna-2018-2-1.png\",\"contentUrl\":\"https:\/\/www.tna.dz\/fr\/wp-content\/uploads\/2019\/11\/repertoire-tna-2018-2-1.png\",\"width\":200,\"height\":84,\"caption\":\"Le Th\u00e9\u00e2tre national alg\u00e9rien\"},\"image\":{\"@id\":\"https:\/\/tna.dz\/fr\/#\/schema\/logo\/image\/\"}},{\"@type\":\"Person\",\"@id\":\"https:\/\/tna.dz\/fr\/#\/schema\/person\/101481cc92bfc5def5711088d2a24632\",\"name\":\"omarAdmin\",\"image\":{\"@type\":\"ImageObject\",\"inLanguage\":\"fr-FR\",\"@id\":\"https:\/\/tna.dz\/fr\/#\/schema\/person\/image\/\",\"url\":\"https:\/\/secure.gravatar.com\/avatar\/2018ebac09ef03c2c32dd119d4429714?s=96&d=mm&r=g\",\"contentUrl\":\"https:\/\/secure.gravatar.com\/avatar\/2018ebac09ef03c2c32dd119d4429714?s=96&d=mm&r=g\",\"caption\":\"omarAdmin\"},\"url\":\"https:\/\/tna.dz\/fr\/author\/omaradmin\/\"}]}<\/script>\n<!-- \/ Yoast SEO plugin. -->","yoast_head_json":{"title":"Moulay Meliani Mourad, metteur en sc\u00e8ne de \u00ab Hadjr Sabr \u00bb \u00ab Le choix de traiter de la d\u00e9cennie noire a pour but de rendre hommage aux femmes, souvent premi\u00e8res victimes de l'extr\u00e9misme \u00bb - Th\u00e9\u00e2tre national alg\u00e9rien","description":"Quelle a \u00e9t\u00e9 la principale difficult\u00e9 rencontr\u00e9e lors de la cr\u00e9ation de \u00ab Hadjr Sabr \u00bb, et comment avez-vous surmont\u00e9 cet obstacle ? La valeur du","robots":{"index":"index","follow":"follow","max-snippet":"max-snippet:-1","max-image-preview":"max-image-preview:large","max-video-preview":"max-video-preview:-1"},"canonical":"https:\/\/tna.dz\/fr\/moulay-meliani-mourad-metteur-en-scene-de-hadjr-sabr-le-choix-de-traiter-de-la-decennie-noire-a-pour-but-de-rendre-hommage-aux-femmes-souvent-premieres-victimes-de-lextremism\/","og_locale":"fr_FR","og_type":"article","og_title":"Moulay Meliani Mourad, metteur en sc\u00e8ne de \u00ab Hadjr Sabr \u00bb \u00ab Le choix de traiter de la d\u00e9cennie noire a pour but de rendre hommage aux femmes, souvent premi\u00e8res victimes de l'extr\u00e9misme \u00bb - Th\u00e9\u00e2tre national alg\u00e9rien","og_description":"Quelle a \u00e9t\u00e9 la principale difficult\u00e9 rencontr\u00e9e lors de la cr\u00e9ation de \u00ab Hadjr Sabr \u00bb, et comment avez-vous surmont\u00e9 cet obstacle ? La valeur du","og_url":"https:\/\/tna.dz\/fr\/moulay-meliani-mourad-metteur-en-scene-de-hadjr-sabr-le-choix-de-traiter-de-la-decennie-noire-a-pour-but-de-rendre-hommage-aux-femmes-souvent-premieres-victimes-de-lextremism\/","og_site_name":"Th\u00e9\u00e2tre national alg\u00e9rien","article_published_time":"2024-12-30T13:37:35+00:00","article_modified_time":"2024-12-30T13:37:49+00:00","og_image":[{"width":960,"height":639,"url":"http:\/\/tna.dz\/fr\/wp-content\/uploads\/2024\/12\/471987737_1484127979154008_6797938603160886302_n.jpg","type":"image\/jpeg"}],"author":"omarAdmin","twitter_card":"summary_large_image","twitter_misc":{"\u00c9crit par":"omarAdmin","Dur\u00e9e de lecture estim\u00e9e":"2 minutes"},"schema":{"@context":"https:\/\/schema.org","@graph":[{"@type":"Article","@id":"https:\/\/tna.dz\/fr\/moulay-meliani-mourad-metteur-en-scene-de-hadjr-sabr-le-choix-de-traiter-de-la-decennie-noire-a-pour-but-de-rendre-hommage-aux-femmes-souvent-premieres-victimes-de-lextremism\/#article","isPartOf":{"@id":"https:\/\/tna.dz\/fr\/moulay-meliani-mourad-metteur-en-scene-de-hadjr-sabr-le-choix-de-traiter-de-la-decennie-noire-a-pour-but-de-rendre-hommage-aux-femmes-souvent-premieres-victimes-de-lextremism\/"},"author":{"name":"omarAdmin","@id":"https:\/\/tna.dz\/fr\/#\/schema\/person\/101481cc92bfc5def5711088d2a24632"},"headline":"Moulay Meliani Mourad, metteur en sc\u00e8ne de \u00ab Hadjr Sabr \u00bb \u00ab Le choix de traiter de la d\u00e9cennie noire a pour but de rendre hommage aux femmes, souvent premi\u00e8res victimes de l&rsquo;extr\u00e9misme \u00bb","datePublished":"2024-12-30T13:37:35+00:00","dateModified":"2024-12-30T13:37:49+00:00","mainEntityOfPage":{"@id":"https:\/\/tna.dz\/fr\/moulay-meliani-mourad-metteur-en-scene-de-hadjr-sabr-le-choix-de-traiter-de-la-decennie-noire-a-pour-but-de-rendre-hommage-aux-femmes-souvent-premieres-victimes-de-lextremism\/"},"wordCount":399,"publisher":{"@id":"https:\/\/tna.dz\/fr\/#organization"},"articleSection":["Actualit\u00e9s","fntp"],"inLanguage":"fr-FR"},{"@type":"WebPage","@id":"https:\/\/tna.dz\/fr\/moulay-meliani-mourad-metteur-en-scene-de-hadjr-sabr-le-choix-de-traiter-de-la-decennie-noire-a-pour-but-de-rendre-hommage-aux-femmes-souvent-premieres-victimes-de-lextremism\/","url":"https:\/\/tna.dz\/fr\/moulay-meliani-mourad-metteur-en-scene-de-hadjr-sabr-le-choix-de-traiter-de-la-decennie-noire-a-pour-but-de-rendre-hommage-aux-femmes-souvent-premieres-victimes-de-lextremism\/","name":"Moulay Meliani Mourad, metteur en sc\u00e8ne de \u00ab Hadjr Sabr \u00bb \u00ab Le choix de traiter de la d\u00e9cennie noire a pour but de rendre hommage aux femmes, souvent premi\u00e8res victimes de l'extr\u00e9misme \u00bb - Th\u00e9\u00e2tre national alg\u00e9rien","isPartOf":{"@id":"https:\/\/tna.dz\/fr\/#website"},"datePublished":"2024-12-30T13:37:35+00:00","dateModified":"2024-12-30T13:37:49+00:00","description":"Quelle a \u00e9t\u00e9 la principale difficult\u00e9 rencontr\u00e9e lors de la cr\u00e9ation de \u00ab Hadjr Sabr \u00bb, et comment avez-vous surmont\u00e9 cet obstacle ? La valeur du","breadcrumb":{"@id":"https:\/\/tna.dz\/fr\/moulay-meliani-mourad-metteur-en-scene-de-hadjr-sabr-le-choix-de-traiter-de-la-decennie-noire-a-pour-but-de-rendre-hommage-aux-femmes-souvent-premieres-victimes-de-lextremism\/#breadcrumb"},"inLanguage":"fr-FR","potentialAction":[{"@type":"ReadAction","target":["https:\/\/tna.dz\/fr\/moulay-meliani-mourad-metteur-en-scene-de-hadjr-sabr-le-choix-de-traiter-de-la-decennie-noire-a-pour-but-de-rendre-hommage-aux-femmes-souvent-premieres-victimes-de-lextremism\/"]}]},{"@type":"BreadcrumbList","@id":"https:\/\/tna.dz\/fr\/moulay-meliani-mourad-metteur-en-scene-de-hadjr-sabr-le-choix-de-traiter-de-la-decennie-noire-a-pour-but-de-rendre-hommage-aux-femmes-souvent-premieres-victimes-de-lextremism\/#breadcrumb","itemListElement":[{"@type":"ListItem","position":1,"name":"Accueil","item":"https:\/\/tna.dz\/fr\/"},{"@type":"ListItem","position":2,"name":"Moulay Meliani Mourad, metteur en sc\u00e8ne de \u00ab Hadjr Sabr \u00bb \u00ab Le choix de traiter de la d\u00e9cennie noire a pour but de rendre hommage aux femmes, souvent premi\u00e8res victimes de l&rsquo;extr\u00e9misme \u00bb"}]},{"@type":"WebSite","@id":"https:\/\/tna.dz\/fr\/#website","url":"https:\/\/tna.dz\/fr\/","name":"Th\u00e9\u00e2tre national alg\u00e9rien","description":"Th\u00e9\u00e2tre national alg\u00e9rien Mahieddine Bachtarzi","publisher":{"@id":"https:\/\/tna.dz\/fr\/#organization"},"potentialAction":[{"@type":"SearchAction","target":{"@type":"EntryPoint","urlTemplate":"https:\/\/tna.dz\/fr\/?s={search_term_string}"},"query-input":"required name=search_term_string"}],"inLanguage":"fr-FR"},{"@type":"Organization","@id":"https:\/\/tna.dz\/fr\/#organization","name":"Le Th\u00e9\u00e2tre national alg\u00e9rien","url":"https:\/\/tna.dz\/fr\/","logo":{"@type":"ImageObject","inLanguage":"fr-FR","@id":"https:\/\/tna.dz\/fr\/#\/schema\/logo\/image\/","url":"https:\/\/www.tna.dz\/fr\/wp-content\/uploads\/2019\/11\/repertoire-tna-2018-2-1.png","contentUrl":"https:\/\/www.tna.dz\/fr\/wp-content\/uploads\/2019\/11\/repertoire-tna-2018-2-1.png","width":200,"height":84,"caption":"Le Th\u00e9\u00e2tre national alg\u00e9rien"},"image":{"@id":"https:\/\/tna.dz\/fr\/#\/schema\/logo\/image\/"}},{"@type":"Person","@id":"https:\/\/tna.dz\/fr\/#\/schema\/person\/101481cc92bfc5def5711088d2a24632","name":"omarAdmin","image":{"@type":"ImageObject","inLanguage":"fr-FR","@id":"https:\/\/tna.dz\/fr\/#\/schema\/person\/image\/","url":"https:\/\/secure.gravatar.com\/avatar\/2018ebac09ef03c2c32dd119d4429714?s=96&d=mm&r=g","contentUrl":"https:\/\/secure.gravatar.com\/avatar\/2018ebac09ef03c2c32dd119d4429714?s=96&d=mm&r=g","caption":"omarAdmin"},"url":"https:\/\/tna.dz\/fr\/author\/omaradmin\/"}]}},"_links":{"self":[{"href":"https:\/\/tna.dz\/fr\/wp-json\/wp\/v2\/posts\/4171"}],"collection":[{"href":"https:\/\/tna.dz\/fr\/wp-json\/wp\/v2\/posts"}],"about":[{"href":"https:\/\/tna.dz\/fr\/wp-json\/wp\/v2\/types\/post"}],"author":[{"embeddable":true,"href":"https:\/\/tna.dz\/fr\/wp-json\/wp\/v2\/users\/1"}],"replies":[{"embeddable":true,"href":"https:\/\/tna.dz\/fr\/wp-json\/wp\/v2\/comments?post=4171"}],"version-history":[{"count":2,"href":"https:\/\/tna.dz\/fr\/wp-json\/wp\/v2\/posts\/4171\/revisions"}],"predecessor-version":[{"id":4174,"href":"https:\/\/tna.dz\/fr\/wp-json\/wp\/v2\/posts\/4171\/revisions\/4174"}],"wp:featuredmedia":[{"embeddable":true,"href":"https:\/\/tna.dz\/fr\/wp-json\/wp\/v2\/media\/4172"}],"wp:attachment":[{"href":"https:\/\/tna.dz\/fr\/wp-json\/wp\/v2\/media?parent=4171"}],"wp:term":[{"taxonomy":"category","embeddable":true,"href":"https:\/\/tna.dz\/fr\/wp-json\/wp\/v2\/categories?post=4171"},{"taxonomy":"post_tag","embeddable":true,"href":"https:\/\/tna.dz\/fr\/wp-json\/wp\/v2\/tags?post=4171"}],"curies":[{"name":"wp","href":"https:\/\/api.w.org\/{rel}","templated":true}]}}