{"id":4182,"date":"2025-01-01T12:31:38","date_gmt":"2025-01-01T12:31:38","guid":{"rendered":"https:\/\/tna.dz\/fr\/?p=4182"},"modified":"2025-01-01T12:31:38","modified_gmt":"2025-01-01T12:31:38","slug":"le-bateau-caledonie-du-theatre-regional-tizi-ouzou-rafle-le-grand-prix","status":"publish","type":"post","link":"https:\/\/tna.dz\/fr\/le-bateau-caledonie-du-theatre-regional-tizi-ouzou-rafle-le-grand-prix\/","title":{"rendered":"\u00ab\u00a0Le bateau Cal\u00e9donie \u00ab\u00a0du Th\u00e9\u00e2tre r\u00e9gional Tizi Ouzou rafle le Grand Prix"},"content":{"rendered":"<p>La pi\u00e8ce \u00ab A\u0263e\u1e5b\u1e5babu N Kayan \u00bb (Le Bateau de Cal\u00e9donie), une production du Th\u00e9\u00e2tre R\u00e9gional Kateb Yacine de Tizi Ouzou, a rafl\u00e9 le grand prix de la 17e \u00e9dition du Festival National du Th\u00e9\u00e2tre Professionnel (FNTP). Salu\u00e9e pour son originalit\u00e9, sa profondeur th\u00e9matique et sa ma\u00eetrise artistique, cette \u0153uvre, mise en sc\u00e8ne par Abdenour Yessad, a conquis le public et le jury, devenant le symbole de l\u2019excellence th\u00e9\u00e2trale c\u00e9l\u00e9br\u00e9e tout au long de l\u2019\u00e9v\u00e9nement.<\/p>\n<p>De nouvelles distinctions se sont ajout\u00e9es aux huit d\u00e9j\u00e0 existantes lors de la c\u00e9r\u00e9monie de cl\u00f4ture, qui s\u2019est tenue le 30 d\u00e9cembre 2024 au Th\u00e9\u00e2tre National Alg\u00e9rien Mahieddine Bachtarzi (TNA). Cet \u00e9v\u00e9nement a \u00e9t\u00e9 l\u2019occasion de r\u00e9compenser des talents prometteurs et confirm\u00e9s dans diff\u00e9rentes cat\u00e9gories.<br \/>\nLe jury de cette \u00e9dition, pr\u00e9sid\u00e9 par l&rsquo;universitaire Lakhdar Mansouri, a attribu\u00e9 \u00e0 Mohamed Frimehdi le prix de la meilleure mise en sc\u00e8ne pour la pi\u00e8ce \u00ab\u00a0El Ikhtiyar\u00a0\u00bb (Le choix), produite par le Th\u00e9\u00e2tre r\u00e9gional de Sa\u00efda. Le jury a choisi de d\u00e9cerner son prix sp\u00e9cial \u00e0 la pi\u00e8ce \u00ab Aqd el Jawhar \u00bb (Collier de perles). \u00c9crite par le regrett\u00e9 M\u2019hamed Benguettaf, mise en sc\u00e8ne par Ha\u00efder Benhassine, et produite par le Th\u00e9\u00e2tre national Alg\u00e9rien Mahieddine Bachtarzi (TNA), cette \u0153uvre a \u00e9t\u00e9 salu\u00e9e pour sa profondeur et son \u00e9clat artistique.<\/p>\n<p>Le prix de la meilleure sc\u00e9nographie est revenu \u00e0 Hamza Djaballah pour \u00ab Kalima \u00bb (Parole), une production du Th\u00e9\u00e2tre r\u00e9gional de Sidi Bel Abb\u00e8s. Sid Ahmed Bouma\u00e2za a remport\u00e9 le prix de la meilleure composition musicale pour la pi\u00e8ce \u00abInfisam Thoulathi El Ab\u00e2ad \u00bb (Schizophr\u00e9nie en trois dimensions) du Th\u00e9\u00e2tre r\u00e9gional de Laghouat. Le prix de la meilleure chor\u00e9graphie a \u00e9t\u00e9 d\u00e9cern\u00e9 \u00e0 A\u00efssa Chouat pour la pi\u00e8ce \u00ab Zahrat er-Rimal tantafidh \u00bb (La rose des sables se r\u00e9volte), produite par le Th\u00e9\u00e2tre R\u00e9gional d&rsquo;Adrar. Enfin, le prix du meilleur texte a \u00e9t\u00e9 arrach\u00e9 par Haroune El Kilani pour sa pi\u00e8ce \u00ab Ountha El Djin \u00bb (La Femme du Djinn), cr\u00e9\u00e9e par le Th\u00e9\u00e2tre R\u00e9gional de Mostaganem.<\/p>\n<p>Par ailleurs, le prix de la meilleure interpr\u00e9tation masculine a \u00e9t\u00e9 attribu\u00e9 \u00e0 Tahar Ben Safieddine pour son r\u00f4le dans le spectacle \u00ab Infisam Thoulathi El Ab\u00e2ad \u00bb du Th\u00e9\u00e2tre R\u00e9gional de Laghouat, tandis que le prix de la meilleure interpr\u00e9tation f\u00e9minine est revenu \u00e0 Lydia Larini pour sa prestation dans \u00ab Es\u2019Saqia \u00bb du Th\u00e9\u00e2tre R\u00e9gional de Souk Ahras.<\/p>\n<p>Le prix du meilleur second r\u00f4le masculin a \u00e9t\u00e9 d\u00e9cern\u00e9 \u00e0 Fethi Mebarki pour son r\u00f4le dans \u00abEl Iktiyar\u00bb du th\u00e9\u00e2tre r\u00e9gional de Sa\u00efda alors que celui du meilleur second r\u00f4le f\u00e9minin, est revenu \u00e0 Hadjer Seraoui pour son r\u00f4le dans \u00abAqd el Djouhar\u00bb du TNA.<\/p>\n<p>Ainsi, le prix du meilleur espoir masculin a \u00e9t\u00e9 attribu\u00e9 au jeune Benyoucef Sid Emmou pour son r\u00f4le dans \u00abSarkhat el aswad\u00bb, du th\u00e9\u00e2tre r\u00e9gional d\u2019Ain Defla, alors que celui du meilleur espoir f\u00e9minin est revenu \u00e0 Feriel Medjadji pour son r\u00f4le dans \u00abOun\u2019tha El Djinn\u00bb du th\u00e9\u00e2tre de Mostaganem.<\/p>\n<p>Au-del\u00e0 de ces distinctions, la soir\u00e9e a permis de revivre les moments forts du festival. Une vid\u00e9o a retrac\u00e9 les dix jours d\u2019intense activit\u00e9, mettant en lumi\u00e8re les ateliers anim\u00e9s par des figures embl\u00e9matiques du th\u00e9\u00e2tre, telles que Toun\u00e9s A\u00eft Ali, Lynda Sellam, Amel Menighad et Youcef Meftah. Ces ateliers ont culmin\u00e9 dans une pr\u00e9sentation collective, illustrant l\u2019importance du travail collaboratif et l\u2019esprit d\u2019innovation qui ont anim\u00e9 cette \u00e9dition.\u00a0 Un hommage appuy\u00e9 a \u00e9t\u00e9 rendu aux membres du jury pour leur rigueur et leur expertise, ainsi qu\u2019aux encadreurs des ateliers, dont l\u2019implication a \u00e9t\u00e9 essentielle au succ\u00e8s de l\u2019\u00e9v\u00e9nement.<\/p>\n<p>La c\u00e9r\u00e9monie de cl\u00f4ture de cette 17e \u00e9dition s\u2019est d\u00e9roul\u00e9e en pr\u00e9sence de M. Missoum Laroussi, Inspecteur g\u00e9n\u00e9ral du minist\u00e8re de la Culture et des Arts, repr\u00e9sentant le ministre du secteur, Zouhir Ballalou. \u00c9taient \u00e9galement pr\u00e9sents les directeurs des diff\u00e9rents th\u00e9\u00e2tres r\u00e9gionaux, ainsi que Mohamed Yahiaoui, directeur du Th\u00e9\u00e2tre National Alg\u00e9rien (TNA) et commissaire du 17e FNTP.<\/p>\n","protected":false},"excerpt":{"rendered":"<p>La pi\u00e8ce \u00ab A\u0263e\u1e5b\u1e5babu N Kayan \u00bb (Le Bateau de Cal\u00e9donie), une production du Th\u00e9\u00e2tre R\u00e9gional Kateb Yacine de Tizi Ouzou, a rafl\u00e9 le grand prix de la 17e \u00e9dition du Festival National du Th\u00e9\u00e2tre Professionnel (FNTP). Salu\u00e9e pour son originalit\u00e9, sa profondeur th\u00e9matique et sa ma\u00eetrise artistique, cette \u0153uvre, mise en sc\u00e8ne par Abdenour &hellip;<\/p>\n","protected":false},"author":1,"featured_media":4183,"comment_status":"closed","ping_status":"closed","sticky":false,"template":"","format":"standard","meta":{"footnotes":""},"categories":[37,130],"tags":[],"yoast_head":"<!-- This site is optimized with the Yoast SEO plugin v21.2 - https:\/\/yoast.com\/wordpress\/plugins\/seo\/ -->\n<title>&quot;Le bateau Cal\u00e9donie &quot;du Th\u00e9\u00e2tre r\u00e9gional Tizi Ouzou rafle le Grand Prix - Th\u00e9\u00e2tre national alg\u00e9rien<\/title>\n<meta name=\"description\" content=\"La pi\u00e8ce \u00ab A\u0263e\u1e5b\u1e5babu N Kayan \u00bb (Le Bateau de Cal\u00e9donie), une production du Th\u00e9\u00e2tre R\u00e9gional Kateb Yacine de Tizi Ouzou, a rafl\u00e9 le grand prix de la 17e\" \/>\n<meta name=\"robots\" content=\"index, follow, max-snippet:-1, max-image-preview:large, max-video-preview:-1\" \/>\n<link rel=\"canonical\" href=\"https:\/\/tna.dz\/fr\/le-bateau-caledonie-du-theatre-regional-tizi-ouzou-rafle-le-grand-prix\/\" \/>\n<meta property=\"og:locale\" content=\"fr_FR\" \/>\n<meta property=\"og:type\" content=\"article\" \/>\n<meta property=\"og:title\" content=\"&quot;Le bateau Cal\u00e9donie &quot;du Th\u00e9\u00e2tre r\u00e9gional Tizi Ouzou rafle le Grand Prix - Th\u00e9\u00e2tre national alg\u00e9rien\" \/>\n<meta property=\"og:description\" content=\"La pi\u00e8ce \u00ab A\u0263e\u1e5b\u1e5babu N Kayan \u00bb (Le Bateau de Cal\u00e9donie), une production du Th\u00e9\u00e2tre R\u00e9gional Kateb Yacine de Tizi Ouzou, a rafl\u00e9 le grand prix de la 17e\" \/>\n<meta property=\"og:url\" content=\"https:\/\/tna.dz\/fr\/le-bateau-caledonie-du-theatre-regional-tizi-ouzou-rafle-le-grand-prix\/\" \/>\n<meta property=\"og:site_name\" content=\"Th\u00e9\u00e2tre national alg\u00e9rien\" \/>\n<meta property=\"article:published_time\" content=\"2025-01-01T12:31:38+00:00\" \/>\n<meta property=\"og:image\" content=\"http:\/\/tna.dz\/fr\/wp-content\/uploads\/2025\/01\/471254942_1484901492409990_7040188010962936660_n.jpg\" \/>\n\t<meta property=\"og:image:width\" content=\"960\" \/>\n\t<meta property=\"og:image:height\" content=\"960\" \/>\n\t<meta property=\"og:image:type\" content=\"image\/jpeg\" \/>\n<meta name=\"author\" content=\"omarAdmin\" \/>\n<meta name=\"twitter:card\" content=\"summary_large_image\" \/>\n<meta name=\"twitter:label1\" content=\"\u00c9crit par\" \/>\n\t<meta name=\"twitter:data1\" content=\"omarAdmin\" \/>\n\t<meta name=\"twitter:label2\" content=\"Dur\u00e9e de lecture estim\u00e9e\" \/>\n\t<meta name=\"twitter:data2\" content=\"4 minutes\" \/>\n<script type=\"application\/ld+json\" class=\"yoast-schema-graph\">{\"@context\":\"https:\/\/schema.org\",\"@graph\":[{\"@type\":\"Article\",\"@id\":\"https:\/\/tna.dz\/fr\/le-bateau-caledonie-du-theatre-regional-tizi-ouzou-rafle-le-grand-prix\/#article\",\"isPartOf\":{\"@id\":\"https:\/\/tna.dz\/fr\/le-bateau-caledonie-du-theatre-regional-tizi-ouzou-rafle-le-grand-prix\/\"},\"author\":{\"name\":\"omarAdmin\",\"@id\":\"https:\/\/tna.dz\/fr\/#\/schema\/person\/101481cc92bfc5def5711088d2a24632\"},\"headline\":\"\u00ab\u00a0Le bateau Cal\u00e9donie \u00ab\u00a0du Th\u00e9\u00e2tre r\u00e9gional Tizi Ouzou rafle le Grand Prix\",\"datePublished\":\"2025-01-01T12:31:38+00:00\",\"dateModified\":\"2025-01-01T12:31:38+00:00\",\"mainEntityOfPage\":{\"@id\":\"https:\/\/tna.dz\/fr\/le-bateau-caledonie-du-theatre-regional-tizi-ouzou-rafle-le-grand-prix\/\"},\"wordCount\":763,\"publisher\":{\"@id\":\"https:\/\/tna.dz\/fr\/#organization\"},\"articleSection\":[\"Actualit\u00e9s\",\"fntp\"],\"inLanguage\":\"fr-FR\"},{\"@type\":\"WebPage\",\"@id\":\"https:\/\/tna.dz\/fr\/le-bateau-caledonie-du-theatre-regional-tizi-ouzou-rafle-le-grand-prix\/\",\"url\":\"https:\/\/tna.dz\/fr\/le-bateau-caledonie-du-theatre-regional-tizi-ouzou-rafle-le-grand-prix\/\",\"name\":\"\\\"Le bateau Cal\u00e9donie \\\"du Th\u00e9\u00e2tre r\u00e9gional Tizi Ouzou rafle le Grand Prix - Th\u00e9\u00e2tre national alg\u00e9rien\",\"isPartOf\":{\"@id\":\"https:\/\/tna.dz\/fr\/#website\"},\"datePublished\":\"2025-01-01T12:31:38+00:00\",\"dateModified\":\"2025-01-01T12:31:38+00:00\",\"description\":\"La pi\u00e8ce \u00ab A\u0263e\u1e5b\u1e5babu N Kayan \u00bb (Le Bateau de Cal\u00e9donie), une production du Th\u00e9\u00e2tre R\u00e9gional Kateb Yacine de Tizi Ouzou, a rafl\u00e9 le grand prix de la 17e\",\"breadcrumb\":{\"@id\":\"https:\/\/tna.dz\/fr\/le-bateau-caledonie-du-theatre-regional-tizi-ouzou-rafle-le-grand-prix\/#breadcrumb\"},\"inLanguage\":\"fr-FR\",\"potentialAction\":[{\"@type\":\"ReadAction\",\"target\":[\"https:\/\/tna.dz\/fr\/le-bateau-caledonie-du-theatre-regional-tizi-ouzou-rafle-le-grand-prix\/\"]}]},{\"@type\":\"BreadcrumbList\",\"@id\":\"https:\/\/tna.dz\/fr\/le-bateau-caledonie-du-theatre-regional-tizi-ouzou-rafle-le-grand-prix\/#breadcrumb\",\"itemListElement\":[{\"@type\":\"ListItem\",\"position\":1,\"name\":\"Accueil\",\"item\":\"https:\/\/tna.dz\/fr\/\"},{\"@type\":\"ListItem\",\"position\":2,\"name\":\"\u00ab\u00a0Le bateau Cal\u00e9donie \u00ab\u00a0du Th\u00e9\u00e2tre r\u00e9gional Tizi Ouzou rafle le Grand Prix\"}]},{\"@type\":\"WebSite\",\"@id\":\"https:\/\/tna.dz\/fr\/#website\",\"url\":\"https:\/\/tna.dz\/fr\/\",\"name\":\"Th\u00e9\u00e2tre national alg\u00e9rien\",\"description\":\"Th\u00e9\u00e2tre national alg\u00e9rien Mahieddine Bachtarzi\",\"publisher\":{\"@id\":\"https:\/\/tna.dz\/fr\/#organization\"},\"potentialAction\":[{\"@type\":\"SearchAction\",\"target\":{\"@type\":\"EntryPoint\",\"urlTemplate\":\"https:\/\/tna.dz\/fr\/?s={search_term_string}\"},\"query-input\":\"required name=search_term_string\"}],\"inLanguage\":\"fr-FR\"},{\"@type\":\"Organization\",\"@id\":\"https:\/\/tna.dz\/fr\/#organization\",\"name\":\"Le Th\u00e9\u00e2tre national alg\u00e9rien\",\"url\":\"https:\/\/tna.dz\/fr\/\",\"logo\":{\"@type\":\"ImageObject\",\"inLanguage\":\"fr-FR\",\"@id\":\"https:\/\/tna.dz\/fr\/#\/schema\/logo\/image\/\",\"url\":\"https:\/\/www.tna.dz\/fr\/wp-content\/uploads\/2019\/11\/repertoire-tna-2018-2-1.png\",\"contentUrl\":\"https:\/\/www.tna.dz\/fr\/wp-content\/uploads\/2019\/11\/repertoire-tna-2018-2-1.png\",\"width\":200,\"height\":84,\"caption\":\"Le Th\u00e9\u00e2tre national alg\u00e9rien\"},\"image\":{\"@id\":\"https:\/\/tna.dz\/fr\/#\/schema\/logo\/image\/\"}},{\"@type\":\"Person\",\"@id\":\"https:\/\/tna.dz\/fr\/#\/schema\/person\/101481cc92bfc5def5711088d2a24632\",\"name\":\"omarAdmin\",\"image\":{\"@type\":\"ImageObject\",\"inLanguage\":\"fr-FR\",\"@id\":\"https:\/\/tna.dz\/fr\/#\/schema\/person\/image\/\",\"url\":\"https:\/\/secure.gravatar.com\/avatar\/2018ebac09ef03c2c32dd119d4429714?s=96&d=mm&r=g\",\"contentUrl\":\"https:\/\/secure.gravatar.com\/avatar\/2018ebac09ef03c2c32dd119d4429714?s=96&d=mm&r=g\",\"caption\":\"omarAdmin\"},\"url\":\"https:\/\/tna.dz\/fr\/author\/omaradmin\/\"}]}<\/script>\n<!-- \/ Yoast SEO plugin. -->","yoast_head_json":{"title":"\"Le bateau Cal\u00e9donie \"du Th\u00e9\u00e2tre r\u00e9gional Tizi Ouzou rafle le Grand Prix - Th\u00e9\u00e2tre national alg\u00e9rien","description":"La pi\u00e8ce \u00ab A\u0263e\u1e5b\u1e5babu N Kayan \u00bb (Le Bateau de Cal\u00e9donie), une production du Th\u00e9\u00e2tre R\u00e9gional Kateb Yacine de Tizi Ouzou, a rafl\u00e9 le grand prix de la 17e","robots":{"index":"index","follow":"follow","max-snippet":"max-snippet:-1","max-image-preview":"max-image-preview:large","max-video-preview":"max-video-preview:-1"},"canonical":"https:\/\/tna.dz\/fr\/le-bateau-caledonie-du-theatre-regional-tizi-ouzou-rafle-le-grand-prix\/","og_locale":"fr_FR","og_type":"article","og_title":"\"Le bateau Cal\u00e9donie \"du Th\u00e9\u00e2tre r\u00e9gional Tizi Ouzou rafle le Grand Prix - Th\u00e9\u00e2tre national alg\u00e9rien","og_description":"La pi\u00e8ce \u00ab A\u0263e\u1e5b\u1e5babu N Kayan \u00bb (Le Bateau de Cal\u00e9donie), une production du Th\u00e9\u00e2tre R\u00e9gional Kateb Yacine de Tizi Ouzou, a rafl\u00e9 le grand prix de la 17e","og_url":"https:\/\/tna.dz\/fr\/le-bateau-caledonie-du-theatre-regional-tizi-ouzou-rafle-le-grand-prix\/","og_site_name":"Th\u00e9\u00e2tre national alg\u00e9rien","article_published_time":"2025-01-01T12:31:38+00:00","og_image":[{"width":960,"height":960,"url":"http:\/\/tna.dz\/fr\/wp-content\/uploads\/2025\/01\/471254942_1484901492409990_7040188010962936660_n.jpg","type":"image\/jpeg"}],"author":"omarAdmin","twitter_card":"summary_large_image","twitter_misc":{"\u00c9crit par":"omarAdmin","Dur\u00e9e de lecture estim\u00e9e":"4 minutes"},"schema":{"@context":"https:\/\/schema.org","@graph":[{"@type":"Article","@id":"https:\/\/tna.dz\/fr\/le-bateau-caledonie-du-theatre-regional-tizi-ouzou-rafle-le-grand-prix\/#article","isPartOf":{"@id":"https:\/\/tna.dz\/fr\/le-bateau-caledonie-du-theatre-regional-tizi-ouzou-rafle-le-grand-prix\/"},"author":{"name":"omarAdmin","@id":"https:\/\/tna.dz\/fr\/#\/schema\/person\/101481cc92bfc5def5711088d2a24632"},"headline":"\u00ab\u00a0Le bateau Cal\u00e9donie \u00ab\u00a0du Th\u00e9\u00e2tre r\u00e9gional Tizi Ouzou rafle le Grand Prix","datePublished":"2025-01-01T12:31:38+00:00","dateModified":"2025-01-01T12:31:38+00:00","mainEntityOfPage":{"@id":"https:\/\/tna.dz\/fr\/le-bateau-caledonie-du-theatre-regional-tizi-ouzou-rafle-le-grand-prix\/"},"wordCount":763,"publisher":{"@id":"https:\/\/tna.dz\/fr\/#organization"},"articleSection":["Actualit\u00e9s","fntp"],"inLanguage":"fr-FR"},{"@type":"WebPage","@id":"https:\/\/tna.dz\/fr\/le-bateau-caledonie-du-theatre-regional-tizi-ouzou-rafle-le-grand-prix\/","url":"https:\/\/tna.dz\/fr\/le-bateau-caledonie-du-theatre-regional-tizi-ouzou-rafle-le-grand-prix\/","name":"\"Le bateau Cal\u00e9donie \"du Th\u00e9\u00e2tre r\u00e9gional Tizi Ouzou rafle le Grand Prix - Th\u00e9\u00e2tre national alg\u00e9rien","isPartOf":{"@id":"https:\/\/tna.dz\/fr\/#website"},"datePublished":"2025-01-01T12:31:38+00:00","dateModified":"2025-01-01T12:31:38+00:00","description":"La pi\u00e8ce \u00ab A\u0263e\u1e5b\u1e5babu N Kayan \u00bb (Le Bateau de Cal\u00e9donie), une production du Th\u00e9\u00e2tre R\u00e9gional Kateb Yacine de Tizi Ouzou, a rafl\u00e9 le grand prix de la 17e","breadcrumb":{"@id":"https:\/\/tna.dz\/fr\/le-bateau-caledonie-du-theatre-regional-tizi-ouzou-rafle-le-grand-prix\/#breadcrumb"},"inLanguage":"fr-FR","potentialAction":[{"@type":"ReadAction","target":["https:\/\/tna.dz\/fr\/le-bateau-caledonie-du-theatre-regional-tizi-ouzou-rafle-le-grand-prix\/"]}]},{"@type":"BreadcrumbList","@id":"https:\/\/tna.dz\/fr\/le-bateau-caledonie-du-theatre-regional-tizi-ouzou-rafle-le-grand-prix\/#breadcrumb","itemListElement":[{"@type":"ListItem","position":1,"name":"Accueil","item":"https:\/\/tna.dz\/fr\/"},{"@type":"ListItem","position":2,"name":"\u00ab\u00a0Le bateau Cal\u00e9donie \u00ab\u00a0du Th\u00e9\u00e2tre r\u00e9gional Tizi Ouzou rafle le Grand Prix"}]},{"@type":"WebSite","@id":"https:\/\/tna.dz\/fr\/#website","url":"https:\/\/tna.dz\/fr\/","name":"Th\u00e9\u00e2tre national alg\u00e9rien","description":"Th\u00e9\u00e2tre national alg\u00e9rien Mahieddine Bachtarzi","publisher":{"@id":"https:\/\/tna.dz\/fr\/#organization"},"potentialAction":[{"@type":"SearchAction","target":{"@type":"EntryPoint","urlTemplate":"https:\/\/tna.dz\/fr\/?s={search_term_string}"},"query-input":"required name=search_term_string"}],"inLanguage":"fr-FR"},{"@type":"Organization","@id":"https:\/\/tna.dz\/fr\/#organization","name":"Le Th\u00e9\u00e2tre national alg\u00e9rien","url":"https:\/\/tna.dz\/fr\/","logo":{"@type":"ImageObject","inLanguage":"fr-FR","@id":"https:\/\/tna.dz\/fr\/#\/schema\/logo\/image\/","url":"https:\/\/www.tna.dz\/fr\/wp-content\/uploads\/2019\/11\/repertoire-tna-2018-2-1.png","contentUrl":"https:\/\/www.tna.dz\/fr\/wp-content\/uploads\/2019\/11\/repertoire-tna-2018-2-1.png","width":200,"height":84,"caption":"Le Th\u00e9\u00e2tre national alg\u00e9rien"},"image":{"@id":"https:\/\/tna.dz\/fr\/#\/schema\/logo\/image\/"}},{"@type":"Person","@id":"https:\/\/tna.dz\/fr\/#\/schema\/person\/101481cc92bfc5def5711088d2a24632","name":"omarAdmin","image":{"@type":"ImageObject","inLanguage":"fr-FR","@id":"https:\/\/tna.dz\/fr\/#\/schema\/person\/image\/","url":"https:\/\/secure.gravatar.com\/avatar\/2018ebac09ef03c2c32dd119d4429714?s=96&d=mm&r=g","contentUrl":"https:\/\/secure.gravatar.com\/avatar\/2018ebac09ef03c2c32dd119d4429714?s=96&d=mm&r=g","caption":"omarAdmin"},"url":"https:\/\/tna.dz\/fr\/author\/omaradmin\/"}]}},"_links":{"self":[{"href":"https:\/\/tna.dz\/fr\/wp-json\/wp\/v2\/posts\/4182"}],"collection":[{"href":"https:\/\/tna.dz\/fr\/wp-json\/wp\/v2\/posts"}],"about":[{"href":"https:\/\/tna.dz\/fr\/wp-json\/wp\/v2\/types\/post"}],"author":[{"embeddable":true,"href":"https:\/\/tna.dz\/fr\/wp-json\/wp\/v2\/users\/1"}],"replies":[{"embeddable":true,"href":"https:\/\/tna.dz\/fr\/wp-json\/wp\/v2\/comments?post=4182"}],"version-history":[{"count":1,"href":"https:\/\/tna.dz\/fr\/wp-json\/wp\/v2\/posts\/4182\/revisions"}],"predecessor-version":[{"id":4184,"href":"https:\/\/tna.dz\/fr\/wp-json\/wp\/v2\/posts\/4182\/revisions\/4184"}],"wp:featuredmedia":[{"embeddable":true,"href":"https:\/\/tna.dz\/fr\/wp-json\/wp\/v2\/media\/4183"}],"wp:attachment":[{"href":"https:\/\/tna.dz\/fr\/wp-json\/wp\/v2\/media?parent=4182"}],"wp:term":[{"taxonomy":"category","embeddable":true,"href":"https:\/\/tna.dz\/fr\/wp-json\/wp\/v2\/categories?post=4182"},{"taxonomy":"post_tag","embeddable":true,"href":"https:\/\/tna.dz\/fr\/wp-json\/wp\/v2\/tags?post=4182"}],"curies":[{"name":"wp","href":"https:\/\/api.w.org\/{rel}","templated":true}]}}