{"id":899,"date":"2019-03-31T12:43:17","date_gmt":"2019-03-31T12:43:17","guid":{"rendered":"http:\/\/tna.dz\/fr\/?p=899"},"modified":"2019-12-31T12:11:00","modified_gmt":"2019-12-31T12:11:00","slug":"el-mouhib-allal","status":"publish","type":"post","link":"https:\/\/tna.dz\/fr\/el-mouhib-allal\/","title":{"rendered":"EL MOUHIB Allal"},"content":{"rendered":"<p><strong>EL MOUHIB Allal (0103\/1920- 04\/12\/1995)<\/strong><\/p>\n<p>Ecrivain, com\u00e9dien et metteur en sc\u00e8ne. Il a\u00a0 d\u00e9but\u00e9 dans une troupe th\u00e9\u00e2trale des Scouts musulmans alg\u00e9riens.\u00a0 Il est remarqu\u00e9 par l\u2019homme de th\u00e9\u00e2tre Mahieddine BACHETARZI qui lui confie des r\u00f4les dans <em>El \u2018abd el abied <\/em>\u00a0puis <em>\u2018Antil.<\/em>En 1955, alors qu\u2019il se trouve en France, il participe \u00e0 un stage de formation dans le domaine du th\u00e9\u00e2tre. C\u2019est ainsi qu\u2019il met en sc\u00e8ne <em>Antigone<\/em> de Sophocle, pi\u00e8ce dans laquelle il est distribu\u00e9. A l\u2019Ind\u00e9pendance du pays, il rejoint le Th\u00e9\u00e2tre National Alg\u00e9rien comme com\u00e9dien et metteur en sc\u00e8ne et est en m\u00eame temps enseignant d\u2019art dramatique au Conservatoire municipal d\u2019Alger. Entre 1963 et 1971, il monte plusieurs pi\u00e8ces dont:\u00a0\u00a0<sup>\u00a0<\/sup><em>Montserrat <\/em>et <em>Akadib Sakrabane<\/em> et <em>El machhah <\/em>d\u2019apr\u00e8s <em>L\u2019Avare <\/em>de Moli\u00e8re. Il adapte ,aussi,\u00a0<em>La maison de Bernadette <\/em>de Federico GARCIA LORCA Il a aussi jou\u00e9 dans le film <em>Hassan Terro.\u00a0 <\/em><\/p>\n","protected":false},"excerpt":{"rendered":"<p>EL MOUHIB Allal (0103\/1920- 04\/12\/1995) Ecrivain, com\u00e9dien et metteur en sc\u00e8ne. Il a\u00a0 d\u00e9but\u00e9 dans une troupe th\u00e9\u00e2trale des Scouts musulmans alg\u00e9riens.\u00a0 Il est remarqu\u00e9 par l\u2019homme de th\u00e9\u00e2tre Mahieddine BACHETARZI qui lui confie des r\u00f4les dans El \u2018abd el abied \u00a0puis \u2018Antil.En 1955, alors qu\u2019il se trouve en France, il participe \u00e0 un stage &hellip;<\/p>\n","protected":false},"author":1,"featured_media":0,"comment_status":"closed","ping_status":"closed","sticky":false,"template":"","format":"standard","meta":{"footnotes":""},"categories":[39],"tags":[],"yoast_head":"<!-- This site is optimized with the Yoast SEO plugin v21.2 - https:\/\/yoast.com\/wordpress\/plugins\/seo\/ -->\n<title>EL MOUHIB Allal - Th\u00e9\u00e2tre national alg\u00e9rien<\/title>\n<meta name=\"description\" content=\"EL MOUHIB Allal (0103\/1920- 04\/12\/1995) Ecrivain, com\u00e9dien et metteur en sc\u00e8ne. Il a\u00a0 d\u00e9but\u00e9 dans une troupe th\u00e9\u00e2trale des Scouts musulmans alg\u00e9riens.\u00a0 Il\" \/>\n<meta name=\"robots\" content=\"index, follow, max-snippet:-1, max-image-preview:large, max-video-preview:-1\" \/>\n<link rel=\"canonical\" href=\"https:\/\/tna.dz\/fr\/el-mouhib-allal\/\" \/>\n<meta property=\"og:locale\" content=\"fr_FR\" \/>\n<meta property=\"og:type\" content=\"article\" \/>\n<meta property=\"og:title\" content=\"EL MOUHIB Allal - Th\u00e9\u00e2tre national alg\u00e9rien\" \/>\n<meta property=\"og:description\" content=\"EL MOUHIB Allal (0103\/1920- 04\/12\/1995) Ecrivain, com\u00e9dien et metteur en sc\u00e8ne. Il a\u00a0 d\u00e9but\u00e9 dans une troupe th\u00e9\u00e2trale des Scouts musulmans alg\u00e9riens.\u00a0 Il\" \/>\n<meta property=\"og:url\" content=\"https:\/\/tna.dz\/fr\/el-mouhib-allal\/\" \/>\n<meta property=\"og:site_name\" content=\"Th\u00e9\u00e2tre national alg\u00e9rien\" \/>\n<meta property=\"article:published_time\" content=\"2019-03-31T12:43:17+00:00\" \/>\n<meta property=\"article:modified_time\" content=\"2019-12-31T12:11:00+00:00\" \/>\n<meta name=\"author\" content=\"omarAdmin\" \/>\n<meta name=\"twitter:card\" content=\"summary_large_image\" \/>\n<meta name=\"twitter:label1\" content=\"\u00c9crit par\" \/>\n\t<meta name=\"twitter:data1\" content=\"omarAdmin\" \/>\n\t<meta name=\"twitter:label2\" content=\"Dur\u00e9e de lecture estim\u00e9e\" \/>\n\t<meta name=\"twitter:data2\" content=\"1 minute\" \/>\n<script type=\"application\/ld+json\" class=\"yoast-schema-graph\">{\"@context\":\"https:\/\/schema.org\",\"@graph\":[{\"@type\":\"Article\",\"@id\":\"https:\/\/tna.dz\/fr\/el-mouhib-allal\/#article\",\"isPartOf\":{\"@id\":\"https:\/\/tna.dz\/fr\/el-mouhib-allal\/\"},\"author\":{\"name\":\"omarAdmin\",\"@id\":\"https:\/\/tna.dz\/fr\/#\/schema\/person\/101481cc92bfc5def5711088d2a24632\"},\"headline\":\"EL MOUHIB Allal\",\"datePublished\":\"2019-03-31T12:43:17+00:00\",\"dateModified\":\"2019-12-31T12:11:00+00:00\",\"mainEntityOfPage\":{\"@id\":\"https:\/\/tna.dz\/fr\/el-mouhib-allal\/\"},\"wordCount\":172,\"publisher\":{\"@id\":\"https:\/\/tna.dz\/fr\/#organization\"},\"articleSection\":[\"Artistes\"],\"inLanguage\":\"fr-FR\"},{\"@type\":\"WebPage\",\"@id\":\"https:\/\/tna.dz\/fr\/el-mouhib-allal\/\",\"url\":\"https:\/\/tna.dz\/fr\/el-mouhib-allal\/\",\"name\":\"EL MOUHIB Allal - Th\u00e9\u00e2tre national alg\u00e9rien\",\"isPartOf\":{\"@id\":\"https:\/\/tna.dz\/fr\/#website\"},\"datePublished\":\"2019-03-31T12:43:17+00:00\",\"dateModified\":\"2019-12-31T12:11:00+00:00\",\"description\":\"EL MOUHIB Allal (0103\/1920- 04\/12\/1995) Ecrivain, com\u00e9dien et metteur en sc\u00e8ne. Il a\u00a0 d\u00e9but\u00e9 dans une troupe th\u00e9\u00e2trale des Scouts musulmans alg\u00e9riens.\u00a0 Il\",\"breadcrumb\":{\"@id\":\"https:\/\/tna.dz\/fr\/el-mouhib-allal\/#breadcrumb\"},\"inLanguage\":\"fr-FR\",\"potentialAction\":[{\"@type\":\"ReadAction\",\"target\":[\"https:\/\/tna.dz\/fr\/el-mouhib-allal\/\"]}]},{\"@type\":\"BreadcrumbList\",\"@id\":\"https:\/\/tna.dz\/fr\/el-mouhib-allal\/#breadcrumb\",\"itemListElement\":[{\"@type\":\"ListItem\",\"position\":1,\"name\":\"Accueil\",\"item\":\"https:\/\/tna.dz\/fr\/\"},{\"@type\":\"ListItem\",\"position\":2,\"name\":\"EL MOUHIB Allal\"}]},{\"@type\":\"WebSite\",\"@id\":\"https:\/\/tna.dz\/fr\/#website\",\"url\":\"https:\/\/tna.dz\/fr\/\",\"name\":\"Th\u00e9\u00e2tre national alg\u00e9rien\",\"description\":\"Th\u00e9\u00e2tre national alg\u00e9rien Mahieddine Bachtarzi\",\"publisher\":{\"@id\":\"https:\/\/tna.dz\/fr\/#organization\"},\"potentialAction\":[{\"@type\":\"SearchAction\",\"target\":{\"@type\":\"EntryPoint\",\"urlTemplate\":\"https:\/\/tna.dz\/fr\/?s={search_term_string}\"},\"query-input\":\"required name=search_term_string\"}],\"inLanguage\":\"fr-FR\"},{\"@type\":\"Organization\",\"@id\":\"https:\/\/tna.dz\/fr\/#organization\",\"name\":\"Le Th\u00e9\u00e2tre national alg\u00e9rien\",\"url\":\"https:\/\/tna.dz\/fr\/\",\"logo\":{\"@type\":\"ImageObject\",\"inLanguage\":\"fr-FR\",\"@id\":\"https:\/\/tna.dz\/fr\/#\/schema\/logo\/image\/\",\"url\":\"https:\/\/www.tna.dz\/fr\/wp-content\/uploads\/2019\/11\/repertoire-tna-2018-2-1.png\",\"contentUrl\":\"https:\/\/www.tna.dz\/fr\/wp-content\/uploads\/2019\/11\/repertoire-tna-2018-2-1.png\",\"width\":200,\"height\":84,\"caption\":\"Le Th\u00e9\u00e2tre national alg\u00e9rien\"},\"image\":{\"@id\":\"https:\/\/tna.dz\/fr\/#\/schema\/logo\/image\/\"}},{\"@type\":\"Person\",\"@id\":\"https:\/\/tna.dz\/fr\/#\/schema\/person\/101481cc92bfc5def5711088d2a24632\",\"name\":\"omarAdmin\",\"image\":{\"@type\":\"ImageObject\",\"inLanguage\":\"fr-FR\",\"@id\":\"https:\/\/tna.dz\/fr\/#\/schema\/person\/image\/\",\"url\":\"https:\/\/secure.gravatar.com\/avatar\/2018ebac09ef03c2c32dd119d4429714?s=96&d=mm&r=g\",\"contentUrl\":\"https:\/\/secure.gravatar.com\/avatar\/2018ebac09ef03c2c32dd119d4429714?s=96&d=mm&r=g\",\"caption\":\"omarAdmin\"},\"url\":\"https:\/\/tna.dz\/fr\/author\/omaradmin\/\"}]}<\/script>\n<!-- \/ Yoast SEO plugin. -->","yoast_head_json":{"title":"EL MOUHIB Allal - Th\u00e9\u00e2tre national alg\u00e9rien","description":"EL MOUHIB Allal (0103\/1920- 04\/12\/1995) Ecrivain, com\u00e9dien et metteur en sc\u00e8ne. Il a\u00a0 d\u00e9but\u00e9 dans une troupe th\u00e9\u00e2trale des Scouts musulmans alg\u00e9riens.\u00a0 Il","robots":{"index":"index","follow":"follow","max-snippet":"max-snippet:-1","max-image-preview":"max-image-preview:large","max-video-preview":"max-video-preview:-1"},"canonical":"https:\/\/tna.dz\/fr\/el-mouhib-allal\/","og_locale":"fr_FR","og_type":"article","og_title":"EL MOUHIB Allal - Th\u00e9\u00e2tre national alg\u00e9rien","og_description":"EL MOUHIB Allal (0103\/1920- 04\/12\/1995) Ecrivain, com\u00e9dien et metteur en sc\u00e8ne. Il a\u00a0 d\u00e9but\u00e9 dans une troupe th\u00e9\u00e2trale des Scouts musulmans alg\u00e9riens.\u00a0 Il","og_url":"https:\/\/tna.dz\/fr\/el-mouhib-allal\/","og_site_name":"Th\u00e9\u00e2tre national alg\u00e9rien","article_published_time":"2019-03-31T12:43:17+00:00","article_modified_time":"2019-12-31T12:11:00+00:00","author":"omarAdmin","twitter_card":"summary_large_image","twitter_misc":{"\u00c9crit par":"omarAdmin","Dur\u00e9e de lecture estim\u00e9e":"1 minute"},"schema":{"@context":"https:\/\/schema.org","@graph":[{"@type":"Article","@id":"https:\/\/tna.dz\/fr\/el-mouhib-allal\/#article","isPartOf":{"@id":"https:\/\/tna.dz\/fr\/el-mouhib-allal\/"},"author":{"name":"omarAdmin","@id":"https:\/\/tna.dz\/fr\/#\/schema\/person\/101481cc92bfc5def5711088d2a24632"},"headline":"EL MOUHIB Allal","datePublished":"2019-03-31T12:43:17+00:00","dateModified":"2019-12-31T12:11:00+00:00","mainEntityOfPage":{"@id":"https:\/\/tna.dz\/fr\/el-mouhib-allal\/"},"wordCount":172,"publisher":{"@id":"https:\/\/tna.dz\/fr\/#organization"},"articleSection":["Artistes"],"inLanguage":"fr-FR"},{"@type":"WebPage","@id":"https:\/\/tna.dz\/fr\/el-mouhib-allal\/","url":"https:\/\/tna.dz\/fr\/el-mouhib-allal\/","name":"EL MOUHIB Allal - Th\u00e9\u00e2tre national alg\u00e9rien","isPartOf":{"@id":"https:\/\/tna.dz\/fr\/#website"},"datePublished":"2019-03-31T12:43:17+00:00","dateModified":"2019-12-31T12:11:00+00:00","description":"EL MOUHIB Allal (0103\/1920- 04\/12\/1995) Ecrivain, com\u00e9dien et metteur en sc\u00e8ne. Il a\u00a0 d\u00e9but\u00e9 dans une troupe th\u00e9\u00e2trale des Scouts musulmans alg\u00e9riens.\u00a0 Il","breadcrumb":{"@id":"https:\/\/tna.dz\/fr\/el-mouhib-allal\/#breadcrumb"},"inLanguage":"fr-FR","potentialAction":[{"@type":"ReadAction","target":["https:\/\/tna.dz\/fr\/el-mouhib-allal\/"]}]},{"@type":"BreadcrumbList","@id":"https:\/\/tna.dz\/fr\/el-mouhib-allal\/#breadcrumb","itemListElement":[{"@type":"ListItem","position":1,"name":"Accueil","item":"https:\/\/tna.dz\/fr\/"},{"@type":"ListItem","position":2,"name":"EL MOUHIB Allal"}]},{"@type":"WebSite","@id":"https:\/\/tna.dz\/fr\/#website","url":"https:\/\/tna.dz\/fr\/","name":"Th\u00e9\u00e2tre national alg\u00e9rien","description":"Th\u00e9\u00e2tre national alg\u00e9rien Mahieddine Bachtarzi","publisher":{"@id":"https:\/\/tna.dz\/fr\/#organization"},"potentialAction":[{"@type":"SearchAction","target":{"@type":"EntryPoint","urlTemplate":"https:\/\/tna.dz\/fr\/?s={search_term_string}"},"query-input":"required name=search_term_string"}],"inLanguage":"fr-FR"},{"@type":"Organization","@id":"https:\/\/tna.dz\/fr\/#organization","name":"Le Th\u00e9\u00e2tre national alg\u00e9rien","url":"https:\/\/tna.dz\/fr\/","logo":{"@type":"ImageObject","inLanguage":"fr-FR","@id":"https:\/\/tna.dz\/fr\/#\/schema\/logo\/image\/","url":"https:\/\/www.tna.dz\/fr\/wp-content\/uploads\/2019\/11\/repertoire-tna-2018-2-1.png","contentUrl":"https:\/\/www.tna.dz\/fr\/wp-content\/uploads\/2019\/11\/repertoire-tna-2018-2-1.png","width":200,"height":84,"caption":"Le Th\u00e9\u00e2tre national alg\u00e9rien"},"image":{"@id":"https:\/\/tna.dz\/fr\/#\/schema\/logo\/image\/"}},{"@type":"Person","@id":"https:\/\/tna.dz\/fr\/#\/schema\/person\/101481cc92bfc5def5711088d2a24632","name":"omarAdmin","image":{"@type":"ImageObject","inLanguage":"fr-FR","@id":"https:\/\/tna.dz\/fr\/#\/schema\/person\/image\/","url":"https:\/\/secure.gravatar.com\/avatar\/2018ebac09ef03c2c32dd119d4429714?s=96&d=mm&r=g","contentUrl":"https:\/\/secure.gravatar.com\/avatar\/2018ebac09ef03c2c32dd119d4429714?s=96&d=mm&r=g","caption":"omarAdmin"},"url":"https:\/\/tna.dz\/fr\/author\/omaradmin\/"}]}},"_links":{"self":[{"href":"https:\/\/tna.dz\/fr\/wp-json\/wp\/v2\/posts\/899"}],"collection":[{"href":"https:\/\/tna.dz\/fr\/wp-json\/wp\/v2\/posts"}],"about":[{"href":"https:\/\/tna.dz\/fr\/wp-json\/wp\/v2\/types\/post"}],"author":[{"embeddable":true,"href":"https:\/\/tna.dz\/fr\/wp-json\/wp\/v2\/users\/1"}],"replies":[{"embeddable":true,"href":"https:\/\/tna.dz\/fr\/wp-json\/wp\/v2\/comments?post=899"}],"version-history":[{"count":0,"href":"https:\/\/tna.dz\/fr\/wp-json\/wp\/v2\/posts\/899\/revisions"}],"wp:attachment":[{"href":"https:\/\/tna.dz\/fr\/wp-json\/wp\/v2\/media?parent=899"}],"wp:term":[{"taxonomy":"category","embeddable":true,"href":"https:\/\/tna.dz\/fr\/wp-json\/wp\/v2\/categories?post=899"},{"taxonomy":"post_tag","embeddable":true,"href":"https:\/\/tna.dz\/fr\/wp-json\/wp\/v2\/tags?post=899"}],"curies":[{"name":"wp","href":"https:\/\/api.w.org\/{rel}","templated":true}]}}